{"id":1002,"date":"2018-03-12T18:55:54","date_gmt":"2018-03-12T17:55:54","guid":{"rendered":"https:\/\/forseth.se\/idet\/?p=1002"},"modified":"2021-02-08T20:48:07","modified_gmt":"2021-02-08T19:48:07","slug":"dodsangeln-pa-krim","status":"publish","type":"post","link":"https:\/\/forseth.se\/?p=1002","title":{"rendered":"D\u00f6ds\u00e4ngeln p\u00e5 Krim"},"content":{"rendered":"<p style=\"text-align: center;\"><span style=\"color: #800000;\">PRICKSKYTTEN FR\u00c5N SEVASTOPOL<\/span><\/p>\n<p style=\"text-align: center;\"><span style=\"color: #800000;\"><img loading=\"lazy\" decoding=\"async\" class=\"aligncenter size-full wp-image-1895\" src=\"https:\/\/forseth.se\/idet\/wp-content\/uploads\/2018\/03\/Prickskytten\u2013Sevastopol.jpeg\" alt=\"\" width=\"1000\" height=\"414\" srcset=\"https:\/\/forseth.se\/wp-content\/uploads\/2018\/03\/Prickskytten\u2013Sevastopol.jpeg 1000w, https:\/\/forseth.se\/wp-content\/uploads\/2018\/03\/Prickskytten\u2013Sevastopol-300x124.jpeg 300w, https:\/\/forseth.se\/wp-content\/uploads\/2018\/03\/Prickskytten\u2013Sevastopol-768x318.jpeg 768w\" sizes=\"auto, (max-width: 767px) 89vw, (max-width: 1000px) 54vw, (max-width: 1071px) 543px, 580px\" \/><\/span><\/p>\n<h3 class=\"western\" align=\"center\"><strong><span style=\"font-family: Verdana\\ Bold, sans-serif; color: #800000;\"><span style=\"font-size: 300%;\">D\u00f6ds\u00e4ngeln p\u00e5 Krim<\/span><\/span><\/strong><\/h3>\n<h2 class=\"western\" align=\"center\"><strong><span style=\"font-family: Verdana\\ Bold\\ Italic, sans-serif; color: #800000;\"><span style=\"font-size: x-large;\">Just n\u00e4r ett nytt Krimkrig brutit ut, g\u00f6r ukrainare och ryssar en film<\/span><\/span><\/strong><\/h2>\n<p class=\"western\" align=\"center\"><strong><span style=\"color: #800000;\">\u2013 <span style=\"font-family: Verdana\\ Bold\\ Italic, sans-serif;\"><span style=\"font-size: x-large;\">om Krim<\/span><\/span><\/span><\/strong><\/p>\n<p class=\"western\" align=\"center\"><span style=\"font-family: Georgia, sans-serif; color: #800000;\"><span style=\"font-size: large;\"><i>Det \u00e4r synd om m\u00e4nniskorna<\/i><\/span><\/span><\/p>\n<p class=\"western\" align=\"left\"><span style=\"font-family: Georgia, sans-serif; color: #800000;\"><span style=\"font-size: large;\">s\u00e4ger Indras dotter i <i>Ett dr\u00f6mspel<\/i> av <i>August Strindberg.<\/i> Bra sagt! Det borde vi s\u00e4ga d\u00e5 och d\u00e5, n\u00e4r v\u00e4rlden och Sverige ser ut som det g\u00f6r. Stormakter och kriminella statsledare sliter s\u00f6nder andras l\u00e4nder och egna befolkningar, och i Sverige b\u00f6rjar krimmarna likna Al Capone i flera storst\u00e4der.<\/span><\/span><\/p>\n<p class=\"western\" align=\"left\"><span style=\"font-family: Georgia, sans-serif; color: #800000;\"><span style=\"font-size: large;\">Ett annat slags krimmare lever i ro p\u00e5 sin udde, men runtom dem p\u00e5g\u00e5r liksom ett nytt Krimkrig. Upphovet till namnet Krimkriget var kriget 1853 \u2013 1856 mellan \u00e5 ena sidan imperiet Ryssland och \u00e5 den andra de brittiska, franska och osmanska imperierna (samt Sardinien). Vems var d\u00e5 Krim?<\/span><\/span><\/p>\n<p class=\"western\" style=\"padding-left: 30px;\" align=\"left\"><span style=\"font-family: Georgia, sans-serif; color: #800000;\"><span style=\"font-size: large;\">Det har jag skrivit om f\u00f6rut, i kr\u00f6nikorna <i>S\u00e5ng om 1944 <\/i><span lang=\"sv-SE\">(2016) <\/span><span lang=\"sv-SE\">och <\/span><i><span lang=\"sv-SE\">Kammarjungfrun som slutade vara jungfru<\/span><\/i><span lang=\"sv-SE\"> (2017)<\/span><span lang=\"sv-SE\">. <\/span><span lang=\"sv-SE\">Halv\u00f6n Krim annekterades 1783 av Ryssland fr\u00e5n Osmanska riket, som 1792 formellt erk\u00e4nde annexionen, <\/span><span lang=\"sv-SE\">varf\u00f6r det u<\/span><span lang=\"sv-SE\">nder Krimkriget allts\u00e5 <\/span><span lang=\"sv-SE\">inte r\u00e5dde n\u00e5gon<\/span><span lang=\"sv-SE\"> tvekan om, att Krim folkr\u00e4ttsligt sett var ryskt (att d\u00e5f\u00f6rtiden ingen pratade om folkr\u00e4tt \u00e4r en annan historia).<\/span><\/span><\/span><\/p>\n<p class=\"western\" style=\"padding-left: 30px;\" align=\"left\"><span style=\"font-family: Georgia, sans-serif; color: #800000;\"><span style=\"font-size: large;\"><span lang=\"sv-SE\">Men 1954 \u00f6verf\u00f6rde den ukrainske Sovjetledaren <\/span><i><span lang=\"sv-SE\">Nikita Chrusjtjov<\/span><\/i><span lang=\"sv-SE\"> sj\u00e4lvsv\u00e5ldigt (allts\u00e5 inte lagenligt) Krim till den ukrainska sovjetrepubliken, vilket tydligen <\/span><span lang=\"sv-SE\">mottogs med en g\u00e4spning. Gr\u00e4nsen mellan Ukraina och Ryssland fanns \u00e4nd\u00e5 bara p\u00e5 kartan i den Sovjetunion som d\u00e5 r\u00e5dde. <\/span><span lang=\"sv-SE\">N<\/span><span lang=\"sv-SE\">\u00e4r Sovjet <\/span><span lang=\"sv-SE\">1991 <\/span><span lang=\"sv-SE\">uppl\u00f6stes och Ukraina blev ett eget land <\/span><span lang=\"sv-SE\">visade <\/span><span lang=\"sv-SE\">k<\/span><span lang=\"sv-SE\">rimmarna i en folkomr\u00f6stning, <\/span><span lang=\"sv-SE\">att de<\/span><span lang=\"sv-SE\"> inte <\/span><span lang=\"sv-SE\">ville<\/span><span lang=\"sv-SE\"> ing\u00e5 i Ukraina l\u00e4ngre <\/span><span lang=\"sv-SE\">\u2013<\/span><span lang=\"sv-SE\"> men <\/span><span lang=\"sv-SE\">vem tror ni brydde sig om vad en liten folkgrupp p\u00e5 en halv\u00f6 tyckte, n\u00e4r en ny stat skulle byggas upp? Med det i bakhuvudet var det mindre f\u00f6rv\u00e5nande att de gr\u00f6na gubbarna 2014 s\u00e5 l\u00e4tt kunde \u00bb\u00f6verf\u00f6ra\u00ab Krim till Ryssland.<\/span><\/span><\/span><\/p>\n<p class=\"western\" align=\"left\"><span style=\"font-family: Georgia, sans-serif; color: #800000;\"><span style=\"font-size: large;\"><span lang=\"sv-SE\">R\u00e4tt eller fel? \u2013 det l\u00e4mnar jag just nu d\u00e4rh\u00e4n, f\u00f6r <\/span><span lang=\"sv-SE\">h\u00e4r<\/span><span lang=\"sv-SE\"> ska det bli film<\/span><span lang=\"sv-SE\">prat<\/span><span lang=\"sv-SE\">. Samma \u00e5r som den ukrainsk-ryska, \u00e4nnu p\u00e5g\u00e5ende, konflikten b\u00f6rjade, spelades en ukrainsk-rysk film in om just Krim. <\/span><span lang=\"sv-SE\">En spelfilm o<\/span><span lang=\"sv-SE\">m Krim<\/span><span lang=\"sv-SE\"> under \u00e4nnu ett av sina krig, <\/span><span lang=\"sv-SE\">n\u00e4mligen<\/span><span lang=\"sv-SE\"> d\u00e5 det tyska Tredje riket anf\u00f6ll Sovjetunionen och intog <\/span><span lang=\"sv-SE\">halv\u00f6n<\/span><span lang=\"sv-SE\">, som de h\u00f6ll ett par \u00e5r och <\/span><span lang=\"sv-SE\">d\u00e5 <\/span><span lang=\"sv-SE\">hann utrota alla judar och romer d\u00e4r samt en ansenlig m\u00e4ngd tatarer. Staden Sevastopol h\u00f6ll ut ett halv\u00e5r l\u00e4ngre \u00e4n resten av <\/span><span lang=\"sv-SE\">Krim<\/span><span lang=\"sv-SE\">, delvis tack vare en ovanligt skicklig prickskytt d\u00e4r. <\/span><span lang=\"sv-SE\">Hon kom att kallas \u00bbD\u00f6ds\u00e4ngeln p\u00e5 Krim\u00ab och blev k\u00e4nd bland de allierade bland annat genom <\/span><i><span lang=\"sv-SE\">Vasilij Belajevs<\/span><\/i><span lang=\"sv-SE\"> dokument\u00e4r fr\u00e5n striderna kring Sevastopol, <\/span><i><span lang=\"sv-SE\">T<\/span><\/i><span lang=\"sv-SE\">j<\/span><i><span lang=\"sv-SE\">ernomortsy<\/span><\/i><span lang=\"sv-SE\"> (Svart<\/span><span lang=\"sv-SE\">a<\/span><span lang=\"sv-SE\"> havet, 1942), Filmens frontfotograf <\/span><i><span lang=\"sv-SE\">Vladislav Mikosja<\/span><\/i><span lang=\"sv-SE\"> hade n\u00e4mligen f\u00e5ngat henne p\u00e5 bild.<\/span><\/span><\/span><\/p>\n<p class=\"western\" align=\"left\"><span style=\"font-family: Georgia, sans-serif; color: #800000;\"><span style=\"font-size: large;\"><span lang=\"sv-SE\">Hon <\/span><span lang=\"sv-SE\">hette <\/span><i><span lang=\"sv-SE\">Ljudmila Pavlitjenko <\/span><\/i><span lang=\"sv-SE\">och bj\u00f6ds <\/span><span lang=\"sv-SE\">in<\/span><span lang=\"sv-SE\"> till Vita huset i Washington, <\/span><span lang=\"sv-SE\">d\u00e4r hon<\/span><span lang=\"sv-SE\"> fick tr\u00e4ffa presidentskan <\/span><i><span lang=\"sv-SE\">Eleanor Roosevel<\/span><span lang=\"sv-SE\">t,<\/span><\/i><span lang=\"sv-SE\"> som fr\u00e5gade henne, hur m\u00e5nga m\u00e4nniskor hon skjutit.<\/span><\/span><\/span><\/p>\n<p class=\"western\" style=\"padding-left: 30px;\" align=\"left\"><span style=\"color: #800000;\">\u2013 <span style=\"font-family: Georgia, sans-serif;\"><span style=\"font-size: large;\"><span lang=\"sv-SE\">Inte m\u00e4nniskor. Fascister, svarade Pavlytjenko.<\/span><\/span><\/span><\/span><\/p>\n<p class=\"western\" align=\"left\"><span style=\"font-family: Georgia, sans-serif; color: #800000;\"><span style=\"font-size: large;\"><span lang=\"sv-SE\">J<\/span><span lang=\"sv-SE\">ag s\u00e4ger som <\/span><i><span lang=\"sv-SE\">Charles Laughton<\/span><\/i><span lang=\"sv-SE\"> gjorde om <\/span><i><span lang=\"sv-SE\">Marlene Dietrich <\/span><\/i><span lang=\"sv-SE\">i <\/span><i><span lang=\"sv-SE\">\u00c5klagarens vittne<\/span><\/i><span lang=\"sv-SE\"> (1957, efter <\/span><i><span lang=\"sv-SE\">Agatha Christie): \u00bb<\/span><\/i><span lang=\"sv-SE\">Vilken kvinna!\u00ab En s\u00e5dan skulle man ha. Ja, det f\u00f6rst\u00e5s \u2013 hon beh\u00f6ver inte vara prickskytt, det r\u00e4cker att hon \u00e4r av r\u00e4tta virket. <\/span><span lang=\"sv-SE\">Jag kollar ibland av p\u00e5 Bishops eller p\u00e5 n\u00e5gon resa, men \u00e4n har ingen g\u00e5tt igenom ekluten.<\/span> <span lang=\"sv-SE\">Men n<\/span><span lang=\"sv-SE\">og om det.<\/span><\/span><\/span><\/p>\n<p class=\"western\" align=\"left\"><span style=\"font-family: Georgia, sans-serif; color: #800000;\"><span style=\"font-size: large;\"><span lang=\"sv-SE\">R<\/span><span lang=\"sv-SE\">oosevelt och Pavlytjenko gick bra ihop. <\/span><span lang=\"sv-SE\">Det gjorde amerikanare och \u00bbsovjeter\u00ab under kriget. Gamla <\/span><i><span lang=\"sv-SE\">Det B\u00e4sta ur Reader&#8217;s Digest<\/span><\/i><span lang=\"sv-SE\"> fr\u00e5n den tiden b\u00e4r syn f\u00f6r s\u00e4gen. De var ju allierade. Idag \u00e4r det tv\u00e4rtom. Ryssland anklagas \u00f6ppet f\u00f6r att ha f\u00f6rgiftat en rysk f\u00f6re detta spion och dennes dotter med nervgift i England. En spion som Ryssland hade sl\u00e4ppt ur f\u00e4ngelse i en f\u00e5ngutv\u00e4xling. Kanske \u00e4r anklagelsen sann. Men n\u00e4r jag p\u00e5 tevenyheterna ser, att sp\u00e5ren leder tillbaka till en italiensk restaurang, s\u00e5 b\u00f6rjar jag undra, om inte kockarna d\u00e4r f\u00f6rs\u00f6kt laga till den japanska bl\u00e5sfisken.<\/span><\/span><\/span><\/p>\n<p class=\"western\" align=\"left\"><span style=\"font-family: Georgia, sans-serif; color: #800000;\"><span style=\"font-size: large;\"><span lang=\"sv-SE\">Kom ih\u00e5g, var ni l\u00e4ste den teorin f\u00f6rsta g\u00e5ngen!<\/span><\/span><\/span><\/p>\n<p class=\"western\" align=\"left\"><span style=\"font-family: Georgia, sans-serif; color: #800000;\"><span style=\"font-size: large;\"><span lang=\"sv-SE\">Men \u00e5ter till <\/span><span lang=\"sv-SE\">D\u00f6ds\u00e4ngeln, <\/span><span lang=\"sv-SE\">som vi<\/span> <span lang=\"sv-SE\">kunde se<\/span><span lang=\"sv-SE\"> p\u00e5 filmfestivalen i <\/span><i><span lang=\"sv-SE\">Gunilla Breskys <\/span><\/i><span lang=\"sv-SE\">film om frontfotografen sj\u00e4lv, <\/span><i><span lang=\"sv-SE\">Jag stannar tiden<\/span><\/i> <span lang=\"sv-SE\">(<\/span><span lang=\"sv-SE\">2014<\/span><span lang=\"sv-SE\">)<\/span><span lang=\"sv-SE\">.<\/span><\/span><\/span><\/p>\n<p class=\"western\" align=\"left\"><span style=\"font-family: Georgia, sans-serif; color: #800000;\"><span style=\"font-size: large;\"><span lang=\"sv-SE\">Denna <\/span><span lang=\"sv-SE\">enast\u00e5ende kvinna spelas av <\/span><i><span lang=\"sv-SE\">Julija Peresild<\/span><\/i> <span lang=\"sv-SE\">i den film, som filmstudion nu p\u00e5 torsdag visar p\u00e5 folkh\u00f6gskolan (observera platsen \u2013 Folkets hus \u00e4r fullbokat denna vecka): <\/span><i><span lang=\"sv-SE\">Prickskytten fr\u00e5n Sevastopol<\/span><\/i><span lang=\"sv-SE\"> (2015). Kiruna filmstudio blir f\u00f6rst att visa denna film, som inte g\u00e5tt p\u00e5 bio i Sverige.<\/span><\/span><\/span><\/p>\n<p class=\"western\" style=\"padding-left: 30px;\" align=\"left\"><span style=\"font-family: Georgia, sans-serif; color: #800000;\"><span style=\"font-size: large;\"><span lang=\"sv-SE\">O<\/span><span lang=\"sv-SE\">ch nu \u00f6ver till n\u00e5got helt annat som avslutning. Fan vet, om det blir n\u00e5gra fel kr\u00f6nikor. P\u00e5 filmstudions \u00e5rsm\u00f6te uppt\u00e4ckte undertecknad h\u00e4ndelsevis, att ingen d\u00e4r l\u00e4ste mina kr\u00f6nikor. Om inte en s\u00e5dan publik l\u00e4ser dem kan man undra om n\u00e5gon annan g\u00f6r det, d\u00e5 kr\u00f6nikorna ju ger sig ut f\u00f6r att vara \u00bbh\u00f6gst egna filmkr\u00f6nikor\u00ab. S\u00e5 l\u00e4nge de publicerades i Kiruna annonsblad var de l\u00e4sta av f\u00f6r mig obekanta m\u00e4nniskor, som p\u00e5pekade det f\u00f6r mig p\u00e5 sta&#8217;n. Men Annonsbladet tycker inte de \u00e4r v\u00e4rda att betala f\u00f6r, s\u00e5 den publiken har visst g\u00e5tt f\u00f6rlorad. Kr\u00f6nikorna skriver sig heller inte sj\u00e4lva och alls inte p\u00e5 fem minuter, s\u00e5 jag \u00f6verv\u00e4ger nu att s\u00e4tta P f\u00f6r dem. \u2013 \u00d6verv\u00e4ger, jag f\u00e5r se.<\/span><\/span><\/span><\/p>\n<p class=\"western\" align=\"right\"><span style=\"color: #800000;\"><em><span style=\"font-family: Verdana\\ Italic, sans-serif;\"><span style=\"font-size: medium;\">En id\u00e9 i idet av Bj\u00f6rn Forseth<\/span><\/span><\/em><\/span><\/p>\n","protected":false},"excerpt":{"rendered":"<p>PRICKSKYTTEN FR\u00c5N SEVASTOPOL D\u00f6ds\u00e4ngeln p\u00e5 Krim Just n\u00e4r ett nytt Krimkrig brutit ut, g\u00f6r ukrainare och ryssar en film \u2013 om Krim Det \u00e4r synd om m\u00e4nniskorna s\u00e4ger Indras dotter i Ett dr\u00f6mspel av August Strindberg. Bra sagt! Det borde vi s\u00e4ga d\u00e5 och d\u00e5, n\u00e4r v\u00e4rlden och Sverige ser ut som det g\u00f6r. Stormakter &hellip; <\/p>\n<p class=\"link-more\"><a href=\"https:\/\/forseth.se\/?p=1002\" class=\"more-link\">Forts\u00e4tt l\u00e4sa<span class=\"screen-reader-text\"> \u201dD\u00f6ds\u00e4ngeln p\u00e5 Krim\u201d<\/span><\/a><\/p>\n","protected":false},"author":1,"featured_media":0,"comment_status":"closed","ping_status":"closed","sticky":false,"template":"","format":"standard","meta":{"footnotes":""},"categories":[1],"tags":[],"class_list":["post-1002","post","type-post","status-publish","format-standard","hentry","category-uncategorized"],"_links":{"self":[{"href":"https:\/\/forseth.se\/index.php?rest_route=\/wp\/v2\/posts\/1002","targetHints":{"allow":["GET"]}}],"collection":[{"href":"https:\/\/forseth.se\/index.php?rest_route=\/wp\/v2\/posts"}],"about":[{"href":"https:\/\/forseth.se\/index.php?rest_route=\/wp\/v2\/types\/post"}],"author":[{"embeddable":true,"href":"https:\/\/forseth.se\/index.php?rest_route=\/wp\/v2\/users\/1"}],"replies":[{"embeddable":true,"href":"https:\/\/forseth.se\/index.php?rest_route=%2Fwp%2Fv2%2Fcomments&post=1002"}],"version-history":[{"count":6,"href":"https:\/\/forseth.se\/index.php?rest_route=\/wp\/v2\/posts\/1002\/revisions"}],"predecessor-version":[{"id":1897,"href":"https:\/\/forseth.se\/index.php?rest_route=\/wp\/v2\/posts\/1002\/revisions\/1897"}],"wp:attachment":[{"href":"https:\/\/forseth.se\/index.php?rest_route=%2Fwp%2Fv2%2Fmedia&parent=1002"}],"wp:term":[{"taxonomy":"category","embeddable":true,"href":"https:\/\/forseth.se\/index.php?rest_route=%2Fwp%2Fv2%2Fcategories&post=1002"},{"taxonomy":"post_tag","embeddable":true,"href":"https:\/\/forseth.se\/index.php?rest_route=%2Fwp%2Fv2%2Ftags&post=1002"}],"curies":[{"name":"wp","href":"https:\/\/api.w.org\/{rel}","templated":true}]}}