{"id":1009,"date":"2018-03-20T17:33:42","date_gmt":"2018-03-20T16:33:42","guid":{"rendered":"https:\/\/forseth.se\/idet\/?p=1009"},"modified":"2018-03-20T17:50:13","modified_gmt":"2018-03-20T16:50:13","slug":"upplopp-i-fororten","status":"publish","type":"post","link":"https:\/\/forseth.se\/?p=1009","title":{"rendered":"Upplopp i f\u00f6rorten"},"content":{"rendered":"<p style=\"text-align: center;\"><span style=\"color: #800000;\">DR\u00d6M VIDARE<\/span><\/p>\n<p style=\"text-align: center;\"><span style=\"color: #800000;\"><img loading=\"lazy\" decoding=\"async\" class=\"aligncenter size-full wp-image-1011\" src=\"https:\/\/forseth.se\/idet\/wp-content\/uploads\/2018\/03\/Droem_vidare.jpeg\" alt=\"\" width=\"1090\" height=\"880\" srcset=\"https:\/\/forseth.se\/wp-content\/uploads\/2018\/03\/Droem_vidare.jpeg 1090w, https:\/\/forseth.se\/wp-content\/uploads\/2018\/03\/Droem_vidare-300x242.jpeg 300w, https:\/\/forseth.se\/wp-content\/uploads\/2018\/03\/Droem_vidare-768x620.jpeg 768w, https:\/\/forseth.se\/wp-content\/uploads\/2018\/03\/Droem_vidare-1024x827.jpeg 1024w\" sizes=\"auto, (max-width: 767px) 89vw, (max-width: 1000px) 54vw, (max-width: 1071px) 543px, 580px\" \/><\/span><\/p>\n<h1 class=\"western\" align=\"center\"><strong><span style=\"font-family: Verdana\\ Bold, sans-serif; color: #800000;\"><span style=\"font-size: 300%;\">Upplopp i f\u00f6rorten<\/span><\/span><\/strong><\/h1>\n<h2 class=\"western\" align=\"center\"><strong><span style=\"font-family: Verdana\\ Bold\\ Italic, sans-serif; color: #800000;\"><span style=\"font-size: x-large;\">Kravallerna i Tuolluvaara blir film.<\/span><\/span><\/strong><\/h2>\n<p class=\"western\" align=\"left\"><span style=\"font-family: Georgia, sans-serif; color: #800000;\"><span style=\"font-size: large;\">Ett vanligt bostadsomr\u00e5de utan v\u00e4rre problem \u00e4n andra av Kirunas f\u00f6rorter, befinner sig en morgon i bel\u00e4gringstillst\u00e5nd. Barnen fr\u00e5n \u00bbmiljonprojektet\u00ab har f\u00f6rt ett veritabelt krig mot polisen hela natten. Varf\u00f6r? F\u00f6r att en 16-\u00e5rig ensamkommande flyktingpojke \u00e4r n\u00e4ra att d\u00f6 efter att ha f\u00e5tt stryk av en polis under ett f\u00f6rh\u00f6r. Ytterligare ett fall av polisbrutalitet, \u00e4nnu ett upplopp. Bland dessa barn som v\u00e4xt upp med ett blint hat mot systemet f\u00e5r vi f\u00f6lja tre killar: Huuva, Sa\u00efd och Vinsa\u2026<\/span><\/span><\/p>\n<p class=\"western\" align=\"left\"><span style=\"font-family: Georgia, sans-serif; color: #800000;\"><span style=\"font-size: large;\">Se d\u00e4r ett angel\u00e4gnare \u00e4mne att g\u00f6ra internationell teveserie p\u00e5 \u00e4n om mord i midnattssol. F\u00f6r det \u00e4r \u00e4nnu ingen film. Och det har inte varit n\u00e5gra kravaller i Tuolluvaara. Har Kiruna ens n\u00e5gra f\u00f6rorter?<\/span><\/span><\/p>\n<p class=\"western\" align=\"left\"><span style=\"font-family: Georgia, sans-serif; color: #800000;\"><span style=\"font-size: large;\">Nej, texten \u00e4r tagen fr\u00e5n en beskrivning av handlingen i en fransk film, s\u00e5 f\u00f6rorten ligger utanf\u00f6r Paris, f\u00f6rst\u00e5s. Filmen heter <i>Medan vi faller<\/i> och har nog g\u00e5tt p\u00e5 SVT, vad jag minns. Gjord f\u00f6r tretton \u00e5r sedan gjorde den starkt intryck p\u00e5 svenskan <i>Rojda Sekers\u00f6z,<\/i> som var sex, n\u00e4r den spelades in. Jag hoppas hon inte s\u00e5g den p\u00e5 teve som sju\u00e5ring, f\u00f6r den var v\u00e5ldsam.<\/span><\/span><\/p>\n<p class=\"western\" align=\"left\"><span style=\"font-family: Georgia, sans-serif; color: #800000;\"><span style=\"font-size: large;\">Nu har Rojda g\u00e5tt och blivit filmregiss\u00f6r i st\u00e4llet f\u00f6r sk\u00e5despelare, som hon f\u00f6rst t\u00e4nkt sig. Hon hade n\u00e4mligen n\u00e5gon g\u00e5ng p\u00e5 mellan- eller b\u00f6rjan av h\u00f6gstadiet sett tv\u00e5 filmer som f\u00e5tt henne p\u00e5 andra tankar: <i>Billy Elliot<\/i> (2000) och <i>Believer<\/i> (2001). Den f\u00f6rsta var v\u00e4l barntill\u00e5ten, historien om gruvarbetarsonen som b\u00f6rjar dansa balett, men den andra borde hon kanske inte ha f\u00e5tt se s\u00e5 tidigt. Den handlar om en ung man, som s\u00e5 h\u00e4r i backspegeln tycks inspirerad av en k\u00e4nd antisemitisk sverigedemokrat med egna judiska anor (!).<\/span><\/span><\/p>\n<p class=\"western\" align=\"left\"><span style=\"font-family: Georgia, sans-serif; color: #800000;\"><span style=\"font-size: large;\">Alltnog, hon kom som nitton\u00e5ring in p\u00e5 regilinjen p\u00e5 Stockholms dramatiska h\u00f6gskola och kom f\u00f6rra \u00e5ret ut med l\u00e5ngfilmen <i>Dr\u00f6m vidare,<\/i> som ska p\u00e5minna om \u00bbMedan vi faller\u00ab fast utan kravaller och polismord. Inte f\u00f6r att inte s\u00e5dant f\u00f6rekommer i Svedala (och d\u00e5 menar jag inte byn), utan f\u00f6r att hon hellre skildrar en n\u00e5got normalare tillvaro, som vi h\u00e4r i Tuolluvaara och liknande problemomr\u00e5den bara kan dr\u00f6mma om.<\/span><\/span><\/p>\n<p class=\"western\" align=\"left\"><span style=\"font-family: Georgia, sans-serif; color: #800000;\"><span style=\"font-size: large;\">Eller var var jag nu? Det kan bli lite sammanblandat, n\u00e4r man dr\u00f6mmer. Huvudpersonen i \u00bbDr\u00f6m vidare\u00ab har varit k\u00e5kfarare, men det \u00e4r inte hugget i sten att g\u00e5 vidare p\u00e5 brottets bana bara f\u00f6r det. Det ska v\u00e4l titeln anspela p\u00e5.<\/span><\/span><\/p>\n<p class=\"western\" align=\"left\"><span style=\"font-family: Georgia, sans-serif; color: #800000;\"><span style=\"font-size: large;\">K\u00e5kfararen \u00e4r en kvinna. Och kvinnans v\u00e4ninnor \u00e4r ocks\u00e5 det, om man accepterar den feminina formen av det svenska ordet. Sekers\u00f6z verkar inte vara ute efter klatschiga f\u00f6rdomar om f\u00f6rorten. Hon har kanske inte sett Tuolluvaara, men Alby kan hon. Dessutom har hon bott i Dalarna under den period d\u00e5 hon f\u00e4ngslades av film. M\u00e5nne dalmasarnas uppror f\u00e5ngat henne. Eller kullornas? \u00bbDr\u00f6m vidare\u00ab handlar n\u00e4mligen mest om kvinnor.<\/span><\/span><\/p>\n<p class=\"western\" align=\"left\"><span style=\"font-family: Georgia, sans-serif; color: #800000;\"><span style=\"font-size: large;\">Bara f\u00f6r att de unga kvinnorna i filmen klarar rollerna sj\u00e4lva, har filmen f\u00e5tt en st\u00e4mpel som ungdomsfilm. \u00bbDet s\u00e4ger n\u00e5got om hur oh\u00e4lsosamt vana vi \u00e4r vid att se kvinnor f\u00f6rh\u00e5lla sig till m\u00e4n p\u00e5 film\u00ab, s\u00e4ger Sekers\u00f6z. Har jag l\u00e4st att hon sagt. Ty till skillnad fr\u00e5n regiss\u00f6ren till <i>Ouaga girls,<\/i> som filmstudion visade f\u00f6r ett par veckor sedan, s\u00e5 har undertecknad inte personligen pratat med Rojda Sekers\u00f6z.<\/span><\/span><\/p>\n<p class=\"western\" align=\"left\"><span style=\"font-family: Georgia, sans-serif; color: #800000;\"><span style=\"font-size: large;\">Med \u00bbDr\u00f6m vidare\u00ab avslutar Kiruna filmstudio nu p\u00e5 torsdag sin marsserie, d\u00e4r alla filmerna haft hj\u00e4ltinnor, tv\u00e5 av dem d\u00e4rtill med kvinnliga regiss\u00f6rer. \u2013 Regiss\u00f6ser, skulle man ha sagt om man f\u00f6ljt fransk standard. Fr\u00e5n vanligtvis v\u00e4lunderr\u00e4ttat h\u00e5ll f\u00f6rsp\u00f6rjs, att aprilserien ocks\u00e5 inneh\u00e5ller en del kvinnliga hj\u00e4ltar.<\/span><\/span><\/p>\n<p class=\"western\" align=\"left\"><span style=\"font-family: Georgia, sans-serif; color: #800000;\"><span style=\"font-size: large;\">Efter \u00bbDr\u00f6m vidare\u00ab kommer en sk\u00e4rtorsdag utan film och \u2013 ser man p\u00e5 \u2013 utan kr\u00f6nika fr\u00e5n Idet.<\/span><\/span><\/p>\n<p class=\"western\" align=\"right\"><span style=\"color: #800000;\"><em><span style=\"font-family: Verdana\\ Italic, sans-serif;\"><span style=\"font-size: medium;\">En id\u00e9 i idet av Bj\u00f6rn Forseth<\/span><\/span><\/em><\/span><\/p>\n","protected":false},"excerpt":{"rendered":"<p>DR\u00d6M VIDARE Upplopp i f\u00f6rorten Kravallerna i Tuolluvaara blir film. Ett vanligt bostadsomr\u00e5de utan v\u00e4rre problem \u00e4n andra av Kirunas f\u00f6rorter, befinner sig en morgon i bel\u00e4gringstillst\u00e5nd. Barnen fr\u00e5n \u00bbmiljonprojektet\u00ab har f\u00f6rt ett veritabelt krig mot polisen hela natten. Varf\u00f6r? F\u00f6r att en 16-\u00e5rig ensamkommande flyktingpojke \u00e4r n\u00e4ra att d\u00f6 efter att ha f\u00e5tt stryk &hellip; <\/p>\n<p class=\"link-more\"><a href=\"https:\/\/forseth.se\/?p=1009\" class=\"more-link\">Forts\u00e4tt l\u00e4sa<span class=\"screen-reader-text\"> \u201dUpplopp i f\u00f6rorten\u201d<\/span><\/a><\/p>\n","protected":false},"author":1,"featured_media":0,"comment_status":"closed","ping_status":"closed","sticky":false,"template":"","format":"standard","meta":{"footnotes":""},"categories":[1],"tags":[],"class_list":["post-1009","post","type-post","status-publish","format-standard","hentry","category-uncategorized"],"_links":{"self":[{"href":"https:\/\/forseth.se\/index.php?rest_route=\/wp\/v2\/posts\/1009","targetHints":{"allow":["GET"]}}],"collection":[{"href":"https:\/\/forseth.se\/index.php?rest_route=\/wp\/v2\/posts"}],"about":[{"href":"https:\/\/forseth.se\/index.php?rest_route=\/wp\/v2\/types\/post"}],"author":[{"embeddable":true,"href":"https:\/\/forseth.se\/index.php?rest_route=\/wp\/v2\/users\/1"}],"replies":[{"embeddable":true,"href":"https:\/\/forseth.se\/index.php?rest_route=%2Fwp%2Fv2%2Fcomments&post=1009"}],"version-history":[{"count":5,"href":"https:\/\/forseth.se\/index.php?rest_route=\/wp\/v2\/posts\/1009\/revisions"}],"predecessor-version":[{"id":1016,"href":"https:\/\/forseth.se\/index.php?rest_route=\/wp\/v2\/posts\/1009\/revisions\/1016"}],"wp:attachment":[{"href":"https:\/\/forseth.se\/index.php?rest_route=%2Fwp%2Fv2%2Fmedia&parent=1009"}],"wp:term":[{"taxonomy":"category","embeddable":true,"href":"https:\/\/forseth.se\/index.php?rest_route=%2Fwp%2Fv2%2Fcategories&post=1009"},{"taxonomy":"post_tag","embeddable":true,"href":"https:\/\/forseth.se\/index.php?rest_route=%2Fwp%2Fv2%2Ftags&post=1009"}],"curies":[{"name":"wp","href":"https:\/\/api.w.org\/{rel}","templated":true}]}}