{"id":1033,"date":"2018-04-03T17:56:57","date_gmt":"2018-04-03T15:56:57","guid":{"rendered":"https:\/\/forseth.se\/idet\/?p=1033"},"modified":"2018-04-03T18:02:59","modified_gmt":"2018-04-03T16:02:59","slug":"livet-efter-dig","status":"publish","type":"post","link":"https:\/\/forseth.se\/?p=1033","title":{"rendered":"Krympling \u2013 handikapp 6?"},"content":{"rendered":"<p style=\"text-align: center;\"><span style=\"color: #800000;\">LIVET EFTER DIG<\/span><\/p>\n<p style=\"text-align: center;\"><span style=\"color: #800000;\"><img loading=\"lazy\" decoding=\"async\" class=\"aligncenter size-full wp-image-1034\" src=\"https:\/\/forseth.se\/idet\/wp-content\/uploads\/2018\/04\/Livet-efter-dig.jpeg\" alt=\"\" width=\"1000\" height=\"666\" srcset=\"https:\/\/forseth.se\/wp-content\/uploads\/2018\/04\/Livet-efter-dig.jpeg 1000w, https:\/\/forseth.se\/wp-content\/uploads\/2018\/04\/Livet-efter-dig-300x200.jpeg 300w, https:\/\/forseth.se\/wp-content\/uploads\/2018\/04\/Livet-efter-dig-768x511.jpeg 768w\" sizes=\"auto, (max-width: 767px) 89vw, (max-width: 1000px) 54vw, (max-width: 1071px) 543px, 580px\" \/><\/span><\/p>\n<h1 class=\"western\" align=\"center\"><strong><span style=\"font-family: Verdana\\ Bold, sans-serif; color: #800000;\"><span style=\"font-size: 300%;\">Krympling \u2013 handikapp 6?<\/span><\/span><\/strong><\/h1>\n<h2 class=\"western\" align=\"center\"><strong><span style=\"font-family: Verdana\\ Bold\\ Italic, sans-serif; color: #800000;\"><span style=\"font-size: x-large;\">Som liten trodde jag att golfspelare skulle vara handikappade. Och det var l\u00e5ngt innan Paralympics. Men f\u00e5r verkligen h\u00e5rdrockare kalla sig \u00bbKrymplings\u00ab?<\/span><\/span><\/strong><\/h2>\n<p class=\"western\" align=\"left\"><span style=\"font-family: Georgia, sans-serif; color: #800000;\"><span style=\"font-size: large;\">Sj\u00e4lvk\u00f6rande bilar m\u00e5ste s\u00e5 klart f\u00f6rr eller senare bli m\u00f6rdande bilar, t\u00e4nkte vi tvivlare, n\u00e4r de b\u00f6rjade komma. Och s\u00e5 skedde det 2018! Men det var f\u00f6rst\u00e5s en utl\u00e4ndsk sj\u00e4lvk\u00f6rare\u2026 Men vad vet man? \u2013 den 29 mars i \u00e5r fanns en notis i NSD:<\/span><\/span><\/p>\n<p class=\"western\" style=\"padding-left: 90px; text-align: left;\" align=\"left\"><span style=\"font-family: Georgia, sans-serif; color: #800000;\"><span style=\"font-size: large;\"><i>Tv\u00e5 personer skadades allvarligt n\u00e4r bilen de f\u00e4rdades i k\u00f6rde rakt in i ett hus. Bilen \u00e5kte av v\u00e4gen sedan den k\u00f6rt om en annan bil p\u00e5 l\u00e4nsv\u00e4g 924 i Hagfors kommun.<\/i><\/span><\/span><\/p>\n<p class=\"western\" align=\"left\"><span style=\"font-family: Georgia, sans-serif; color: #800000;\"><span style=\"font-size: large;\">Hemska saker, dessa bilar som sj\u00e4lvmant k\u00f6r om andra bilar och in i andras hus! De olycksaliga passagerarna eller lika olycksaliga hus\u00e4garna kunde ha d\u00f6tt och blev kanske halta och lytta f\u00f6r livet.<\/span><\/span><\/p>\n<p class=\"western\" align=\"left\"><span style=\"font-family: Georgia, sans-serif; color: #800000;\"><span style=\"font-size: large;\">F\u00f6rr sa man <i>vanf\u00f6r<\/i> eller <i>krympling,<\/i> sedan sa man <i>handikappad<\/i> och nu s\u00e4ger man \u2013 ja\u2026 Vilket \u00e4r det f\u00f6r dagen r\u00e4tta ordet? \u2013 <i>r\u00f6relsehindrad?<\/i> Eller <i>r\u00f6relseh\u00e4mmad?<\/i> \u00c4rligt talat h\u00e4nger jag inte med, antagligen f\u00f6r att det k\u00e4nns som trender och mode inom tycka synd om-dom\u00e4nen. F\u00f6r att l\u00e4ra mig lite mer googlade jag (fast inte p\u00e5 Google, det \u00e4r det ingen lag p\u00e5 att man ska) ordkombinationen <i>k\u00e4rlek+krympling<\/i> och fann d\u00e5 en rockgrupp med namnet Grymlings och en annan med namnet Krymplings. P\u00e5 ordet <i>k\u00e4rlek+handikappad<\/i> blev resultatet m\u00e5nga tr\u00e4ffar p\u00e5 <i>dejting f\u00f6r handikappade\/funktionshindrade<\/i> (se d\u00e4r \u00e4nnu ett ord). Jag hade faktiskt v\u00e4ntat mig en del golfregler d\u00e4r, men de uteblev. <i>k\u00e4rlek+r\u00f6relseh\u00e4mmad<\/i> d\u00e4remot gav ett splittrat resultat.<\/span><\/span><\/p>\n<p class=\"western\" align=\"left\"><span style=\"font-family: Georgia, sans-serif; color: #800000;\"><span style=\"font-size: large;\">Det som tycktes st\u00e4mma b\u00e4st med s\u00f6kfr\u00e5gan var v\u00e4l det d\u00e4r med k\u00e4rlekstr\u00e4ffar f\u00f6r handikappade. Med snabbs\u00f6kningens brister i bakhuvudet verkar \u00e4nd\u00e5 ordet handikappad st\u00e5 sig bra.<\/span><\/span><\/p>\n<p class=\"western\" style=\"padding-left: 30px;\" align=\"left\"><span style=\"font-family: Georgia, sans-serif; color: #800000;\"><span style=\"font-size: large;\">De som har s\u00e5dana h\u00e4r neds\u00e4ttningar i kroppens funktioner brukar inte vilja bli tyckta synd om (eftersom det l\u00e4tt verkar falskt), och de brukar inte heller h\u00e4nga upp sig s\u00e5 mycket p\u00e5 vilket ord som anv\u00e4nds. Det g\u00f6r inte jag heller, men en del av de som s\u00e5g mina kr\u00f6nikor i Annonsbladet h\u00f6gg direkt p\u00e5 politiskt inkorrekta ord i rubrik eller ingress och kastade sig p\u00e5 telefonen utan att f\u00f6rst l\u00e4sa sj\u00e4lva kr\u00f6nikan och ringde ner den stackars personalen p\u00e5 Annonsbladet. Det kan de ju f\u00f6rs\u00f6ka g\u00f6ra n\u00e4r kr\u00f6nikorna publiceras h\u00e4r i Idet\u2026<\/span><\/span><\/p>\n<p class=\"western\" align=\"left\"><span style=\"font-family: Georgia, sans-serif; color: #800000;\"><span style=\"font-size: large;\">Som ni f\u00f6rst\u00e5r imponerar de moderna sumprunkarna inte p\u00e5 mig (h\u00e5ll tillbaka uppr\u00f6rdheten och sl\u00e5 f\u00f6rst upp det ordet).<\/span><\/span><\/p>\n<p class=\"western\" align=\"left\"><span style=\"font-family: Georgia, sans-serif; color: #800000;\"><span style=\"font-size: large;\">Nu till den andra delen av ordkombinationen: k\u00e4rlek. P\u00e5 torsdag b\u00f6rjar filmstudion sin aprilserie med en romantisk historia med anknytning till k\u00e4rlek mellan handikappad och icke-handikappad. F\u00f6r den som aldrig st\u00f6ter p\u00e5 vanf\u00f6ra personer i sin vardag kan k\u00e4rlek given av en fullt frisk till en som inte \u00e4r det l\u00e5ta som tillgjord tycka synd om-mentalitet. Man har v\u00e4l h\u00f6rt talas om sol- och v\u00e5rare.<\/span><\/span><\/p>\n<p class=\"western\" style=\"padding-left: 30px;\" align=\"left\"><span style=\"font-family: Georgia, sans-serif; color: #800000;\"><span style=\"font-size: large;\"><i>Riddar Bl\u00e5sk\u00e4gg<\/i> i <i>G\u00e5smors sagor<\/i> brukar r\u00e4knas som v\u00e4rsta sortens sol-och-v\u00e5rare, men jag skulle vilja utn\u00e4mna <i>Henri Landru<\/i> till det (han f\u00f6rs\u00f6rjde ju sin familj genom att f\u00f6rf\u00f6ra 283 kvinnor och elda upp tio av dem i en ugn d\u00e4rhemma, sedan de skrivit \u00f6ver sina tillg\u00e5ngar p\u00e5 honom). Fallet Landru f\u00f6revigade <i>Charles Chaplin<\/i> i sin film <i>Monsieur Verdoux<\/i> 1947. Denne franske Bl\u00e5sk\u00e4gg ska ha haft en handikappad fru. D\u00e5 s\u00e5?<\/span><\/span><\/p>\n<p class=\"western\" align=\"left\"><span style=\"font-family: Georgia, sans-serif; color: #800000;\"><span style=\"font-size: large;\">Allts\u00e5 \u00e4r temat inte helt ovanligt p\u00e5 vita duken. Den som eventuellt l\u00e4ser dessa rader har s\u00e4kert antingen sett eller h\u00f6rt talas om filmen <i>En ov\u00e4ntad v\u00e4nskap<\/i>\u00a0(2011), som trots att den inte var anglosaxisk (utan fransk) blev en ov\u00e4ntad publiksucc\u00e9, ocks\u00e5 i Kiruna. (Kiruna filmstudio visade den f\u00f6r \u00f6vrigt i \u00e5r p\u00e5 alla hj\u00e4rtans dag efter \u00f6nskem\u00e5l fr\u00e5n Pride Kiruna.) I denna film \u00e4r det en sm\u00e5kriminell kille fr\u00e5n f\u00f6rorten, som satt i system att s\u00f6ka alla jobb och genast f\u00f6rkasta dem eller g\u00f6ra sig om\u00f6jlig p\u00e5 dem f\u00f6r att st\u00e4ndigt f\u00e5 en ny chans av F\u00f6rs\u00e4kringskassan. Att torka en totalf\u00f6rlamad rikeman i r\u00f6ven ing\u00e5r inte i hans framtidsplaner.<\/span><\/span><\/p>\n<p class=\"western\" align=\"left\"><span style=\"font-family: Georgia, sans-serif; color: #800000;\"><span style=\"font-size: large;\">Men det \u00e4r vad det blir. <i>Omar Sy<\/i> heter den charmerande fifflarens sk\u00e5despelare och den store stj\u00e4rnsk\u00e5despelaren <i>Fran\u00e7ois Cluzet<\/i> spelar den rullstollsbundne mannen. Naturligtvis blir de mot alla odds ett radarpar f\u00f6r livet (och finns i verkligheten, vilka publiken f\u00e5r se i stillbilder under eftertexterna).<\/span><\/span><\/p>\n<p class=\"western\" align=\"left\"><span style=\"font-family: Georgia, sans-serif; color: #800000;\"><span style=\"font-size: large;\">F\u00f6r att ta n\u00e5gra exempel p\u00e5 f\u00f6reg\u00e5ngare hade 1992 \u00e4kta paret <i>Eric Stoltz<\/i> och <i>Helen Hunt<\/i> (deras rollfigurer, allts\u00e5) sv\u00e5rt att bli ett radarpar i amerikanska <i>The Waterdance:<\/i> En f\u00f6rfattare totalf\u00f6rlamas och hustrun har sv\u00e5rt att leva med det, kanske f\u00f6r att \u00e4ktenskapet som i s\u00e5 m\u00e5nga stora kulturgeniers liv byggt p\u00e5 marktj\u00e4nst fr\u00e5n en kuvad hustru.<\/span><\/span><\/p>\n<p class=\"western\" align=\"left\"><span style=\"font-family: Georgia, sans-serif; color: #800000;\"><span style=\"font-size: large;\">Men ett annat filmpar, <i>Rachel McAdams<\/i> och <i>Channing Tatum,<\/i> l\u00f6ser i den internationella samproduktionen <i>\u00c4lska mig igen<\/i> (2012) en liknande situation p\u00e5 annat s\u00e4tt: Efter en bilolycka ligger makan i koma, vaknar till sist upp med sv\u00e5ra minnesluckor och m\u00e5ste uppvaktas p\u00e5 nytt f\u00f6r att \u00e5tervinnas av maken.<\/span><\/span><\/p>\n<p class=\"western\" style=\"padding-left: 30px;\" align=\"left\"><span style=\"font-family: Georgia, sans-serif; color: #800000;\"><span style=\"font-size: large;\">Den sista satsen h\u00e4r ovan leder tanken till en roman med <b>viss<\/b> likhet med temat \u00bb\u00e5tervinna make\u00ab: <i>Mannen som f\u00f6ll i gl\u00f6mska<\/i> av <i>Mia Ajvide Lindqvist<\/i> (inte av <i>John<\/i> i vars b\u00f6cker allt g\u00e5r \u00e5t helvete p\u00e5 slutet, utan av hustrun som f\u00f6r \u00f6vrigt verkar ha strukit tredjenamnet Lindqvist). Anbefalles \u00e5 det best\u00e4mdaste!<\/span><\/span><\/p>\n<p class=\"western\" align=\"left\"><span style=\"font-family: Georgia, sans-serif; color: #800000;\"><span style=\"font-size: large;\">Helt utan tidigare band men med begynnande k\u00e4nslor blir den ena parten, en sp\u00e4ckhuggarsk\u00f6tare <i>(Marion Cotillard),<\/i> angripen av en av valarna med ett liv i rullstol som resultat (sp\u00e4ckhuggarens \u00f6de l\u00e4mnar jag d\u00e4rh\u00e4n). Killen i <i>Matthias Schoenaerts<\/i> gestalt har ju inte hunnit avge n\u00e5gra l\u00f6ften och kan nu l\u00e4tt schappa men g\u00f6r det inte i den fransk-belgiska filmen <i>Rust and Bone<\/i>\u00a0(2012). Det kr\u00e4vs lite extra n\u00e4r man inte moraliskt sett <b>m\u00e5ste<\/b> ta hand om en handikappad, inte sant?<\/span><\/span><\/p>\n<p class=\"western\" align=\"left\"><span style=\"font-family: Georgia, sans-serif; color: #800000;\"><span style=\"font-size: large;\">Sverige har inte legat l\u00e5gt i den h\u00e4r genren. 2013 gjordes <i>Miffo<\/i> av <i>Daniel Lind Lagerl\u00f6f<\/i> med <i>Jonas Karlsson<\/i> som nybakad pr\u00e4st i en f\u00f6rort (en pr\u00e4st som f\u00e5r se sin idealism krackelera av f\u00f6rsamlingsmedlemmarnas ointresse). \u00c4nd\u00e5 b\u00f6rjar han fatta tycke f\u00f6r en av dem, en sedan f\u00f6delsen rullstolsbunden kedjer\u00f6kerska, <i>Livia Millhagen<\/i> (r\u00f6kningen torde hon dock ha inlett i n\u00e5got h\u00f6gre \u00e5lder).<\/span><\/span><\/p>\n<p class=\"western\" align=\"left\"><span style=\"font-family: Georgia, sans-serif; color: #800000;\"><span style=\"font-size: large;\">Ska vi allts\u00e5 se ljust p\u00e5 m\u00e4nniskan och tro att k\u00e4rleken \u00f6vervinner allt? Vi f\u00e5r p\u00e5 torsdag chans att ompr\u00f6va v\u00e5ra f\u00f6rdomar i \u00e4mnet \u00e5terigen, d\u00e5 filmstudion inleder aprilserien med <i>Livet efter dig,<\/i> som \u00e4r en brittisk-amerikansk film fr\u00e5n 2016 i regi av <i>Thea Sharrock,<\/i> 32, en kvinna som n\u00e4rmast \u00e4r debutant i branschen. Den engelska sk\u00e5disen <i>Emilia Clarke<\/i> k\u00e4nner yngre \u00e5sk\u00e5dare s\u00e4kert till fr\u00e5n teveserien om Herrav\u00e4ldenas kamp (eller Tronkampen), det vill s\u00e4ga <i>Game of thrones.<\/i> Men den lika engelske sk\u00e5disen <i>Sam Claflin<\/i> \u00e4r sv\u00e5rare att f\u00e5 grepp om. Vi kunde ha k\u00e4nt igen honom, om filmstudion i julas verkligen hade visat den aviserade filmen <i>Their finest hour<\/i> (2016) \u2013 men den f\u00f6rsvann ju sn\u00f6pligt strax f\u00f6re visningen.<\/span><\/span><\/p>\n<p class=\"western\" align=\"left\"><span style=\"font-family: Georgia, sans-serif; color: #800000;\"><span style=\"font-size: large;\">I den h\u00e4r filmen bor <b>hon<\/b> i pittoresk stad p\u00e5 engelsk landsbygd och str\u00f6jobbar glatt f\u00f6r att h\u00e5lla liv i sina f\u00f6r\u00e4ldrar och sig sj\u00e4lv. I likhet med f\u00f6rortsfifflaren i Paris (En ov\u00e4ntad v\u00e4nskap) erbjuds hon att bli personlig assistent \u00e5t <b>honom<\/b>, framg\u00e5ngsrik ung aktiem\u00e4klare, som ocks\u00e5 i likhet med En ov\u00e4ntad v\u00e4nskap blivit rullstolsburen genom olycka och har pengarna i beh\u00e5ll.<\/span><\/span><\/p>\n<p class=\"western\" align=\"left\"><span style=\"font-family: Georgia, sans-serif; color: #800000;\"><span style=\"font-size: large;\">Uppst\u00e5r d\u00e5 k\u00e4rlek+handikapp? \u2013 G\u00e5 sj\u00e4lv och se p\u00e5 torsdag, vetja.<\/span><\/span><\/p>\n<p class=\"western\" align=\"right\"><span style=\"color: #800000;\"><em><span style=\"font-family: Verdana\\ Italic, sans-serif;\"><span style=\"font-size: medium;\">En id\u00e9 i idet av Bj\u00f6rn Forseth<\/span><\/span><\/em><\/span><\/p>\n<p>&nbsp;<\/p>\n","protected":false},"excerpt":{"rendered":"<p>LIVET EFTER DIG Krympling \u2013 handikapp 6? Som liten trodde jag att golfspelare skulle vara handikappade. Och det var l\u00e5ngt innan Paralympics. Men f\u00e5r verkligen h\u00e5rdrockare kalla sig \u00bbKrymplings\u00ab? Sj\u00e4lvk\u00f6rande bilar m\u00e5ste s\u00e5 klart f\u00f6rr eller senare bli m\u00f6rdande bilar, t\u00e4nkte vi tvivlare, n\u00e4r de b\u00f6rjade komma. Och s\u00e5 skedde det 2018! Men det var &hellip; <\/p>\n<p class=\"link-more\"><a href=\"https:\/\/forseth.se\/?p=1033\" class=\"more-link\">Forts\u00e4tt l\u00e4sa<span class=\"screen-reader-text\"> \u201dKrympling \u2013 handikapp 6?\u201d<\/span><\/a><\/p>\n","protected":false},"author":1,"featured_media":0,"comment_status":"closed","ping_status":"closed","sticky":false,"template":"","format":"standard","meta":{"footnotes":""},"categories":[1],"tags":[],"class_list":["post-1033","post","type-post","status-publish","format-standard","hentry","category-uncategorized"],"_links":{"self":[{"href":"https:\/\/forseth.se\/index.php?rest_route=\/wp\/v2\/posts\/1033","targetHints":{"allow":["GET"]}}],"collection":[{"href":"https:\/\/forseth.se\/index.php?rest_route=\/wp\/v2\/posts"}],"about":[{"href":"https:\/\/forseth.se\/index.php?rest_route=\/wp\/v2\/types\/post"}],"author":[{"embeddable":true,"href":"https:\/\/forseth.se\/index.php?rest_route=\/wp\/v2\/users\/1"}],"replies":[{"embeddable":true,"href":"https:\/\/forseth.se\/index.php?rest_route=%2Fwp%2Fv2%2Fcomments&post=1033"}],"version-history":[{"count":6,"href":"https:\/\/forseth.se\/index.php?rest_route=\/wp\/v2\/posts\/1033\/revisions"}],"predecessor-version":[{"id":1040,"href":"https:\/\/forseth.se\/index.php?rest_route=\/wp\/v2\/posts\/1033\/revisions\/1040"}],"wp:attachment":[{"href":"https:\/\/forseth.se\/index.php?rest_route=%2Fwp%2Fv2%2Fmedia&parent=1033"}],"wp:term":[{"taxonomy":"category","embeddable":true,"href":"https:\/\/forseth.se\/index.php?rest_route=%2Fwp%2Fv2%2Fcategories&post=1033"},{"taxonomy":"post_tag","embeddable":true,"href":"https:\/\/forseth.se\/index.php?rest_route=%2Fwp%2Fv2%2Ftags&post=1033"}],"curies":[{"name":"wp","href":"https:\/\/api.w.org\/{rel}","templated":true}]}}