{"id":1042,"date":"2018-04-08T15:58:16","date_gmt":"2018-04-08T13:58:16","guid":{"rendered":"https:\/\/forseth.se\/idet\/?p=1042"},"modified":"2018-04-13T19:37:46","modified_gmt":"2018-04-13T17:37:46","slug":"1042","status":"publish","type":"post","link":"https:\/\/forseth.se\/?p=1042","title":{"rendered":"Neds\u00e4ttande och upplyftande"},"content":{"rendered":"<h5 align=\"center\"><span style=\"color: #800000;\">CHALLENGER DISASTER<\/span><\/h5>\n<p style=\"text-align: center;\"><img loading=\"lazy\" decoding=\"async\" class=\"aligncenter size-full wp-image-1043\" src=\"https:\/\/forseth.se\/idet\/wp-content\/uploads\/2018\/04\/Challenger_disaster.jpeg\" alt=\"\" width=\"1000\" height=\"665\" srcset=\"https:\/\/forseth.se\/wp-content\/uploads\/2018\/04\/Challenger_disaster.jpeg 1000w, https:\/\/forseth.se\/wp-content\/uploads\/2018\/04\/Challenger_disaster-300x200.jpeg 300w, https:\/\/forseth.se\/wp-content\/uploads\/2018\/04\/Challenger_disaster-768x511.jpeg 768w\" sizes=\"auto, (max-width: 767px) 89vw, (max-width: 1000px) 54vw, (max-width: 1071px) 543px, 580px\" \/><\/p>\n<h2 class=\"western\" align=\"center\"><strong><span style=\"font-family: Verdana\\ Bold, sans-serif; color: #800000;\"><span style=\"font-size: 300%;\">Neds\u00e4ttande och upplyftande<br \/>\n<\/span><\/span><\/strong><\/h2>\n<h2 class=\"western\" align=\"center\"><strong><span style=\"font-family: Verdana\\ Bold\\ Italic, sans-serif; color: #800000;\"><span style=\"font-size: x-large;\">Att lansera en teveserie som \u00bbbondkomik\u00ab \u2013 kan det vara hets mot folkgrupp?<\/span><\/span><\/strong><\/h2>\n<p>&nbsp;<\/p>\n<p class=\"western\" align=\"left\"><span style=\"font-family: Georgia, sans-serif; color: #800000;\"><span style=\"font-size: large;\">En bes\u00f6kare p\u00e5 biblioteket l\u00e4ser i tidningen om \u00bbsammanst\u00f6tningen\u00ab mellan turistf\u00f6retagaren och rensk\u00f6taren och kommenterar h\u00f6gt:<\/span><\/span><\/p>\n<p class=\"western\" style=\"text-align: left; padding-left: 30px;\" align=\"left\"><span style=\"color: #800000;\">\u2013 <span style=\"font-family: Georgia, sans-serif;\"><span style=\"font-size: large;\">Nu ska han \u00e5ka dit. Vi f\u00e5r inte \u00e5ka skoter men lapparna \u2013 samerna \u2013 f\u00e5r g\u00f6ra som de vill.<\/span><\/span><\/span><\/p>\n<p class=\"western\" align=\"left\"><span style=\"font-family: Georgia, sans-serif; color: #800000;\"><span style=\"font-size: large;\">Den andre vid bordet tiger still. Man ska inte v\u00e4snas p\u00e5 bibliotek.<\/span><\/span><\/p>\n<p class=\"western\" align=\"left\"><span style=\"font-family: Georgia, sans-serif; color: #800000;\"><span style=\"font-size: large;\">Sveriges Television k\u00f6r en serie renodlad buskis med titeln <i>Uti b<\/i><span style=\"font-family: Georgia, serif;\"><i>\u020f<\/i><\/span><i>gda.<\/i> Man kan v\u00e4l s\u00e4ga, att SVT har bredd i sitt utbud. Men denna serie lanseras i trailrar som \u00bbbondkomik\u00ab. F\u00e5r man d\u00e5 s\u00e4ga s\u00e5? \u00c4r inte det neds\u00e4ttande mot en hel yrkesk\u00e5r, rentav folkgrupp?<\/span><\/span><\/p>\n<p class=\"western\" align=\"left\"><span style=\"font-family: Georgia, sans-serif; color: #800000;\"><span style=\"font-size: large;\">I Sverige av idag \u00e4r det inte m\u00e5nga kvar som vuxit upp i det bondesamh\u00e4lle landet var fram till andra v\u00e4rldskriget. Att skriva \u00bbbondesamh\u00e4lle\u00ab \u00e4r ingen v\u00e4rdering, det \u00e4r ett konstaterande av att befokningen i det d\u00e5tida Sverige h\u00f6lls uppe av bondeklassen. D\u00e4rav har vi m\u00e5nga ord, som b\u00f6rjar med bonde eller bond-, inte alltid s\u00e5 trivsamma: bond\u00e5nger, bondpermis, bondlurk, bondf\u00e5ngare. Dagens b\u00f6nder \u00e4r kanske f\u00f6r f\u00e5 f\u00f6r att uppr\u00f6rt kunna g\u00f6ra sig h\u00f6rda.<\/span><\/span><\/p>\n<p class=\"western\" align=\"left\"><span style=\"font-family: Georgia, sans-serif; color: #800000;\"><span style=\"font-size: large;\">Eller s\u00e5 k\u00e4nner vi skillnad mellan det sakligt sagda och det illa menta. Vilket av dem \u00e4r egentligen \u00bbbondkomik\u00ab?<\/span><\/span><\/p>\n<p class=\"western\" style=\"padding-left: 30px;\" align=\"left\"><span style=\"font-family: Georgia, sans-serif; color: #800000;\"><span style=\"font-size: large;\">\u00c4rade l\u00e4sare i Kirunatrakten kan kanske vara ovetande om vilka mots\u00e4ttningar som tidigare r\u00e5dde mellan arbetarklass och bondeklass i Sk\u00e5ne. Den bondehatarkultur som <i>Peps blodsband<\/i> f\u00f6rmedlade i <i>Fyra tunnlann bedor om dan<\/i> har undertecknad i sin ungdom h\u00f6rt en sk\u00e5nsk arbetare i fyllan sjunga innan Peps kommit ut med den plattan. Han hade fr\u00e5n f\u00f6r\u00e4ldragenerationen \u00e4rvt hatet mot giriga b\u00f6nder som tog emot AK-arbetare men l\u00e4t dem bo i spiltor i st\u00e4llet f\u00f6r inne p\u00e5 g\u00e5rden.<\/span><\/span><\/p>\n<p class=\"western\" style=\"padding-left: 30px;\" align=\"left\"><span style=\"font-family: Georgia, sans-serif; color: #800000;\"><span style=\"font-size: large;\">Begreppet bonde var f\u00f6r honom n\u00e5got helt annat \u00e4n en i Tornedalens lantbruk.<\/span><\/span><\/p>\n<p class=\"western\" align=\"left\"><span style=\"font-family: Georgia, sans-serif; color: #800000;\"><span style=\"font-size: large;\">Samer \u00e4r ocks\u00e5 en liten del av Sveriges i min mening alltf\u00f6r stora befolkning (sex \u2013 sju miljoner var mer hanterbart, tycker jag \u2013 men det \u00e4r en annan historia). F\u00f6r begreppet lapp k\u00e4nner vi inte lika s\u00e4kert skillnad mellan sakligt sagt och illa ment, vilket illustrerades av biblioteksbes\u00f6karen ovan, n\u00e4r han (f\u00f6r det var en han) sj\u00e4lv utan p\u00e5pekande fr\u00e5n n\u00e5gon annan r\u00e4ttade sitt spontana begrepp \u00bblappar\u00ab till \u00bbsamer\u00ab. Han anade v\u00e4l att han inte var politiskt korrekt, f\u00f6r samerna har till skillnad fr\u00e5n bondeklassen faktiskt tagit itu med spr\u00e5kbruket.<\/span><\/span><\/p>\n<p class=\"western\" style=\"padding-left: 30px;\" align=\"left\"><span style=\"font-family: Georgia, sans-serif; color: #800000;\"><span style=\"font-size: large;\">N\u00e4r hockeylaget fr\u00e5n Kiruna n\u00e5gon g\u00e5ng p\u00e5 \u00e5ttiotalet spelade mot Lule\u00e5 i Lule\u00e5, skanderade enligt dagspressen publiken \u00bbsamedj\u00e4vlar!\u00ab. Det l\u00e4t definitivt inte v\u00e4lvilligt, men den publiken liksom den omn\u00e4mnde biblioteksbes\u00f6karen var politiskt korrekt. Och menade illa \u00e4nd\u00e5.<\/span><\/span><\/p>\n<p class=\"western\" align=\"left\"><span style=\"font-family: Georgia, sans-serif; color: #800000;\"><span style=\"font-size: large;\">Po\u00e4ngen \u00e4r, att vill man illa kan vilket ord som helst f\u00e5 sin klang f\u00f6rst\u00f6rd. Varken ordet bonde eller ordet lapp har fr\u00e5n b\u00f6rjan haft neds\u00e4ttande betydelse. Skulle man \u00e4ndra landskapsnamnet Lappland till Sameland skulle det inte \u00e4ndra existerande konflikter mer \u00e4n man minskat klasskillnader genom att d\u00f6pa om st\u00e4derska till lokalv\u00e5rdare.<\/span><\/span><\/p>\n<p class=\"western\" align=\"left\"><span style=\"font-family: Georgia, sans-serif; color: #800000;\"><span style=\"font-size: large;\">Men namnet Sameland eller S\u00e1pmi kan f\u00f6rst\u00e5s \u00e4nd\u00e5 vara att f\u00f6redra. Fast gamla texter m\u00e5ste man alltj\u00e4mt citera ordagrant. <i>Lappkodicillen<\/i> \u00e4r ett historiskt dokument som man naturligtvis inte kan \u00e4ndra namn p\u00e5, och <i>Bondepraktikan<\/i> \u00e4r alltj\u00e4mt Bondepraktikan.<\/span><\/span><\/p>\n<p class=\"western\" align=\"left\"><span style=\"font-family: Georgia, sans-serif; color: #800000;\"><span style=\"font-size: large;\">Och visst kan idag f\u00f6rd\u00f6mda ord som zigenare ha upplyftande b\u00e4ring. Nyss n\u00e4mnda SVT k\u00f6rde 2002 en teveserie av P<i>eter Birro <\/i>och<i> Agneta Fagerstr\u00f6m-Olsson, Den f\u00f6rste zigenaren i rymden.<\/i> Bara titeln var v\u00e4l positiv nog.<\/span><\/span><\/p>\n<p class=\"western\" align=\"left\"><span style=\"font-family: Georgia, sans-serif; color: #800000;\"><span style=\"font-size: large;\">D\u00e4rmed har en koppling hittats till torsdagens film p\u00e5 Kiruna filmstudio. D\u00e5 \u00e4r det n\u00e4mligen den 12 april, den internationella bem\u00e4rkelsedagen f\u00f6r den m\u00e4nskliga rymdfarten. \u00c5r 1961 gjorde n\u00e4mligen <i>Jurij Gagarin<\/i> sin resa runt jorden och blev den f\u00f6rsta m\u00e4nniskan i rymden. Fr\u00e5n sovjetisk bem\u00e4rkelsedag blev den senare internationell, n\u00e4r FN antog den. P\u00e5 h\u00f6sten 2010 b\u00f6rjade filmstudion att visa film varje torsdag, och 2012 uppm\u00e4rksammade <i>Olga<\/i> i filmstudions styrelse, att den 12 april det \u00e5ret inf\u00f6ll p\u00e5 en torsdag. I Sveriges rymdstad vore det v\u00e4l konstigt, om inte Kiruna filmstudio skulle visa film p\u00e5 temat rymdfart den dagen varje \u00e5r, s\u00e5 sedan dess sker det \u00e4ven n\u00e4r det inte \u00e4r torsdag.<\/span><\/span><\/p>\n<p class=\"western\" align=\"left\"><span style=\"font-family: Georgia, sans-serif; color: #800000;\"><span style=\"font-size: large;\">Fast i \u00e5r infaller Rymdfartens dag \u00e5terigen p\u00e5 en torsdag, torsdagen denna vecka. Filmen som d\u00e5 visas heter <i>Challenger disaster<\/i> och \u00e4r en brittisk spelfilm fr\u00e5n 2013, som unders\u00f6ker vad som orsakade att den amerikanska rymdf\u00e4rjan Challenger 1986 exploderade efter start med sju personer ombord. Huvudrollen \u00e4r Nobelpristagaren i fysik <i>Richard Feynman <\/i>(i <i>William Hurts<\/i> gestaltning), som ing\u00e5r i den kommission, som efter katastrofen s\u00f6ker dess orsak.<\/span><\/span><\/p>\n<p class=\"western\" align=\"right\"><em><span style=\"font-family: Verdana\\ Italic, sans-serif; color: #800000;\"><span style=\"font-size: medium;\">En id\u00e9 i idet av Bj\u00f6rn Forseth<\/span><\/span><\/em><\/p>\n","protected":false},"excerpt":{"rendered":"<p>CHALLENGER DISASTER Neds\u00e4ttande och upplyftande Att lansera en teveserie som \u00bbbondkomik\u00ab \u2013 kan det vara hets mot folkgrupp? &nbsp; En bes\u00f6kare p\u00e5 biblioteket l\u00e4ser i tidningen om \u00bbsammanst\u00f6tningen\u00ab mellan turistf\u00f6retagaren och rensk\u00f6taren och kommenterar h\u00f6gt: \u2013 Nu ska han \u00e5ka dit. Vi f\u00e5r inte \u00e5ka skoter men lapparna \u2013 samerna \u2013 f\u00e5r g\u00f6ra som de &hellip; <\/p>\n<p class=\"link-more\"><a href=\"https:\/\/forseth.se\/?p=1042\" class=\"more-link\">Forts\u00e4tt l\u00e4sa<span class=\"screen-reader-text\"> \u201dNeds\u00e4ttande och upplyftande\u201d<\/span><\/a><\/p>\n","protected":false},"author":1,"featured_media":0,"comment_status":"closed","ping_status":"closed","sticky":false,"template":"","format":"standard","meta":{"footnotes":""},"categories":[1],"tags":[],"class_list":["post-1042","post","type-post","status-publish","format-standard","hentry","category-uncategorized"],"_links":{"self":[{"href":"https:\/\/forseth.se\/index.php?rest_route=\/wp\/v2\/posts\/1042","targetHints":{"allow":["GET"]}}],"collection":[{"href":"https:\/\/forseth.se\/index.php?rest_route=\/wp\/v2\/posts"}],"about":[{"href":"https:\/\/forseth.se\/index.php?rest_route=\/wp\/v2\/types\/post"}],"author":[{"embeddable":true,"href":"https:\/\/forseth.se\/index.php?rest_route=\/wp\/v2\/users\/1"}],"replies":[{"embeddable":true,"href":"https:\/\/forseth.se\/index.php?rest_route=%2Fwp%2Fv2%2Fcomments&post=1042"}],"version-history":[{"count":7,"href":"https:\/\/forseth.se\/index.php?rest_route=\/wp\/v2\/posts\/1042\/revisions"}],"predecessor-version":[{"id":1051,"href":"https:\/\/forseth.se\/index.php?rest_route=\/wp\/v2\/posts\/1042\/revisions\/1051"}],"wp:attachment":[{"href":"https:\/\/forseth.se\/index.php?rest_route=%2Fwp%2Fv2%2Fmedia&parent=1042"}],"wp:term":[{"taxonomy":"category","embeddable":true,"href":"https:\/\/forseth.se\/index.php?rest_route=%2Fwp%2Fv2%2Fcategories&post=1042"},{"taxonomy":"post_tag","embeddable":true,"href":"https:\/\/forseth.se\/index.php?rest_route=%2Fwp%2Fv2%2Ftags&post=1042"}],"curies":[{"name":"wp","href":"https:\/\/api.w.org\/{rel}","templated":true}]}}