{"id":1096,"date":"2018-05-21T20:53:16","date_gmt":"2018-05-21T18:53:16","guid":{"rendered":"https:\/\/forseth.se\/idet\/?p=1096"},"modified":"2018-05-22T12:15:27","modified_gmt":"2018-05-22T10:15:27","slug":"dotter-mordas-moder-soker-mordare-nar-polis-misslyckas","status":"publish","type":"post","link":"https:\/\/forseth.se\/?p=1096","title":{"rendered":"Dotter m\u00f6rdas, moder s\u00f6ker m\u00f6rdare n\u00e4r polis misslyckas"},"content":{"rendered":"<p style=\"text-align: center;\"><span style=\"color: #800000;\">THREE BILLBOARDS OUTSIDE EBBING, MISSOURI<\/span><\/p>\n<p style=\"text-align: center;\"><span style=\"color: #800000;\"><img loading=\"lazy\" decoding=\"async\" class=\"aligncenter size-full wp-image-1097\" src=\"https:\/\/forseth.se\/idet\/wp-content\/uploads\/2018\/05\/Three-billboards-outside-Ebbing-Missouri.jpeg\" alt=\"\" width=\"1000\" height=\"585\" srcset=\"https:\/\/forseth.se\/wp-content\/uploads\/2018\/05\/Three-billboards-outside-Ebbing-Missouri.jpeg 1000w, https:\/\/forseth.se\/wp-content\/uploads\/2018\/05\/Three-billboards-outside-Ebbing-Missouri-300x176.jpeg 300w, https:\/\/forseth.se\/wp-content\/uploads\/2018\/05\/Three-billboards-outside-Ebbing-Missouri-768x449.jpeg 768w\" sizes=\"auto, (max-width: 767px) 89vw, (max-width: 1000px) 54vw, (max-width: 1071px) 543px, 580px\" \/><\/span><\/p>\n<h1 class=\"western\" align=\"center\"><strong><span style=\"font-family: Verdana Bold, sans-serif; color: #800000;\"><span style=\"font-size: 300%;\">Dotter m\u00f6rdas, moder s\u00f6ker m\u00f6rdare n\u00e4r polis misslyckas<\/span><\/span><\/strong><\/h1>\n<h2 class=\"western\" align=\"center\"><strong><span style=\"font-family: Verdana Bold Italic, sans-serif; color: #800000;\"><span style=\"font-size: x-large;\">R\u00e4ttsk\u00e4nsla och modersk\u00e4nsla \u00e4r tv\u00e5 helt olika saker, som kan kombineras till en krutfylld blandning<\/span><\/span><\/strong><\/h2>\n<p>&nbsp;<\/p>\n<p class=\"western\" align=\"left\"><span style=\"font-family: Georgia, sans-serif; color: #800000;\"><span style=\"font-size: large;\">Nej, jag har inte tr\u00e4ffat en m\u00f6rdare eller moder som s\u00f6ker m\u00f6rdare, fast jag just varit iv\u00e4g p\u00e5 en av mina resor med t\u00e5g. Det \u00e4r vid resor p\u00e5 ytan man kan tr\u00e4ffa dem, b\u00e5de m\u00f6rdarna och m\u00f6drarna. Och allehanda andra sp\u00e4nnande m\u00e4nniskor. R\u00e4tt som det \u00e4r st\u00e5r det \u00bbLisas iPhone\u00ab i min telefon, och jag fr\u00e5gar kvinnan i s\u00e4tet mittemot:<\/span><\/span><\/p>\n<p class=\"western\" style=\"padding-left: 30px;\" align=\"left\"><span style=\"color: #800000;\">\u2013 <span style=\"font-family: Georgia, sans-serif;\"><span style=\"font-size: large;\">Heter du Lisa?<\/span><\/span><\/span><\/p>\n<p class=\"western\" align=\"left\"><span style=\"font-family: Georgia, sans-serif; color: #800000;\"><span style=\"font-size: large;\">Nej, det g\u00f6r hon inte, men hon har ett armband fr\u00e5n Lundakarnevalen, som jag sj\u00e4lv dagen innan besk\u00e5dat st\u00e5ende p\u00e5 en papperskorg fastsatt vid en trottoarstolpe. (Jag hade b\u00e4sta utsikten i tr\u00e4ngseln, kan jag s\u00e4ga. Gubben p\u00e5 stolpen.) Bara det ger oss anledning till samtal. Lisa s\u00f6ker jag inte upp.<\/span><\/span><\/p>\n<p class=\"western\" align=\"left\"><span style=\"font-family: Georgia, sans-serif; color: #800000;\"><span style=\"font-size: large;\">P\u00e5 samma resa tr\u00e4ffar jag <i>Aida.<\/i> T\u00e4nk bara, att tr\u00e4ffa den s\u00e5 k\u00e4nda etiopiska prinsessan! Nu \u00e4r hon dock varken det ena eller det andra, men n\u00e4stan. Och hon heter verkligen Aida. Vi har ett en och en halv timme l\u00e5ngt samtal om b\u00f6cker och f\u00f6rfattare \u2013 som en Erik r\u00e5kar h\u00f6ra och blir deltagare i.<\/span><\/span><\/p>\n<p class=\"western\" align=\"left\"><span style=\"font-family: Georgia, sans-serif; color: #800000;\"><span style=\"font-size: large;\">Poetiska namn har dragningskraft. P\u00e5 mig, i alla fall. Som sjutton\u00e5ring var jag i England och blev d\u00e5 bekant med en man som hette <i>Dunbar Kelaar.<\/i> Han kan vara d\u00f6d nu, och ingen av dessa raders l\u00e4sare l\u00e4r k\u00e4nna till honom, s\u00e5 jag l\u00e4mnar hela namnet. S\u00e4g det h\u00f6gt och lyss till rytmen! Det var den mannen som l\u00e4rde mig skillnaden mellan jakande och nekande tack. Jag hade sagt<\/span><\/span><\/p>\n<p class=\"western\" style=\"padding-left: 30px;\" align=\"left\"><span style=\"color: #800000;\">\u2013 <span style=\"font-family: Georgia, sans-serif;\"><span style=\"font-size: large;\">No, please.<\/span><\/span><\/span><\/p>\n<p class=\"western\" align=\"left\"><span style=\"font-family: Georgia, sans-serif; color: #800000;\"><span style=\"font-size: large;\">som svar p\u00e5 n\u00e5got, varvid Dunbar upph\u00f6jde sin st\u00e4mma och sa<\/span><\/span><\/p>\n<p class=\"western\" style=\"padding-left: 30px;\" align=\"left\"><span style=\"color: #800000;\">\u2013 <span style=\"font-family: Georgia, sans-serif;\"><span style=\"font-size: large;\">Only whores say No, please!<\/span><\/span><\/span><\/p>\n<p class=\"western\" align=\"left\"><span style=\"font-family: Georgia, sans-serif; color: #800000;\"><span style=\"font-size: large;\">Alltsedan dess vet jag att tacka nej med \u00bbthank you\u00ab f\u00f6r att inte bli tagen f\u00f6r stj\u00e4rtgosse.<\/span><\/span><\/p>\n<p class=\"western\" align=\"left\"><span style=\"font-family: Georgia, sans-serif; color: #800000;\"><span style=\"font-size: large;\">I en tidigare kr\u00f6nika, den fam\u00f6sa <i>Den rara fascisten<\/i> fr\u00e5n ifjol, ber\u00e4ttade jag om min \u00e4ldre italienske f\u00f6rarbetare (idag framlidne), som hette <i>Dante.<\/i> Se d\u00e4r igen, vilka romantiska namn m\u00e4nniskor fr\u00e5n fj\u00e4rran land kan ha. Att han, den gamle ub\u00e5tsbyggaren, hette <i>Navalese<\/i> i f\u00f6rnamn bara st\u00e4rker poesin: <i>nave<\/i> betyder ju fartyg, b\u00e5t\u2026<\/span><\/span><\/p>\n<p class=\"western\" align=\"left\"><span style=\"font-family: Georgia, sans-serif; color: #800000;\"><span style=\"font-size: large;\">Men till dagens \u00e4mne! En n\u00e4ts\u00f6kning p\u00e5 den l\u00e5nga rubriken f\u00f6r denna kr\u00f6nika ger ruskiga tr\u00e4ffar. Se h\u00e4r.<\/span><\/span><\/p>\n<p class=\"western\" align=\"left\"><span style=\"font-family: Georgia, sans-serif; color: #800000;\"><span style=\"font-size: large;\">\u00a0<\/span><\/span><\/p>\n<h1 class=\"western\" align=\"left\"><span style=\"font-family: Georgia, sans-serif; color: #800000;\"><span style=\"font-size: large;\"><i>Metro<\/i> 2017-06-15:<\/span><\/span><\/h1>\n<h3 class=\"western\" style=\"padding-left: 30px;\"><strong><span style=\"color: #800000;\">Man m\u00f6rdade och styckade deras dotter \u2013 sa att det \u201dk\u00e4ndes toppen\u201d<\/span><\/strong><\/h3>\n<p class=\"western\" style=\"padding-left: 30px;\" align=\"left\"><span style=\"font-family: Georgia, sans-serif; color: #800000;\"><span style=\"font-size: large;\">\u00bbMannen ber\u00e4ttade f\u00f6r polisen att de sedan gick hem till honom, men n\u00e4r kvinnan b\u00f6rjade prata om sin tidigare pojkv\u00e4n blev mannen arg och sk\u00f6t henne i benet. N\u00e4r han sedan skulle l\u00e4gga bandage p\u00e5 benet sprejade kvinnan honom med f\u00f6rsvarsspray och f\u00f6rs\u00f6kte fly. D\u00e5 sk\u00f6t han henne en andra g\u00e5ng, ett skott som d\u00f6dade henne. D\u00e4refter anv\u00e4nde han en motors\u00e5g f\u00f6r att stycka henne. Sedan satte han eld p\u00e5 kroppen.<span lang=\"sv-SE\">\u00ab<\/span><\/span><\/span><\/p>\n<h1 class=\"western\" align=\"left\"><span style=\"font-family: Georgia, sans-serif; color: #800000;\"><span style=\"font-size: large;\"><span lang=\"sv-SE\"><i>Expressen<\/i><\/span><span lang=\"sv-SE\"> 2018-02-27:<\/span><\/span><\/span><\/h1>\n<h3 class=\"western\" style=\"padding-left: 30px;\"><span style=\"color: #800000;\"><b><span lang=\"sv-SE\">M\u00f6rdade James mamma: \u201dJag kommer aldrig f\u00f6rl\u00e5ta\u201d<\/span><\/b><\/span><\/h3>\n<p class=\"western\" style=\"padding-left: 30px;\" align=\"left\"><span style=\"font-family: Georgia, sans-serif; color: #800000;\"><span style=\"font-size: large;\"><span lang=\"sv-SE\">\u00bbJames <\/span><span lang=\"sv-SE\">[\u2026]<\/span><span lang=\"sv-SE\"> mamma, <\/span><span lang=\"sv-SE\">[\u2026]<\/span><span lang=\"sv-SE\">, 50, har de senaste 25 \u00e5ren k\u00e4mpat f\u00f6r att sonen ska f\u00e5 uppr\u00e4ttelse. Hennes kamp har inte bara handlat om att hon liksom m\u00e5nga andra tyckte straffet var f\u00f6r klent \u2013 utan ocks\u00e5 f\u00f6r att samh\u00e4llet bekostade m\u00f6rdarnas nya identiteter och att de sl\u00e4pptes ut 2001 f\u00f6r att forts\u00e4tta med sina liv efter bara \u00e5tta \u00e5r.\u00ab<\/span><\/span><\/span><\/p>\n<h1 class=\"western\" align=\"left\"><span style=\"font-family: Georgia, sans-serif; color: #800000;\"><span style=\"font-size: large;\"><i>Sydsvenska Dagbladet Sn\u00e4llposten<\/i> 2009-01-28:<\/span><\/span><\/h1>\n<h3 class=\"western\" style=\"padding-left: 30px;\"><strong><span style=\"color: #800000;\">V\u00e5dan av att vara Hamlets moder<\/span><\/strong><\/h3>\n<p class=\"western\" style=\"padding-left: 30px;\" align=\"left\"><span style=\"font-family: Georgia, sans-serif; color: #800000;\"><span style=\"font-size: large;\">Vilka krafter har drivit Hamlets mor att gifta sig med sin mans bror och tillika m\u00f6rdare?<\/span><\/span><\/p>\n<h1 align=\"left\"><\/h1>\n<p class=\"western\" align=\"left\"><span style=\"font-family: Georgia, sans-serif; color: #800000;\"><span style=\"font-size: large;\">Ja, jo, det har v\u00e4l m\u00e5nga grubblat \u00f6ver under de 400 \u00e5r som g\u00e5tt sedan <i>William Shakespeare<\/i> skrev <i>Hamlet<\/i><i>.<\/i> Mindre grubblar vi v\u00e4l \u00f6ver de andra m\u00f6drarna i den h\u00e4r listan. Deras k\u00e4nslor tror vi att vi kan s\u00e4tta oss in i. Hur m\u00e5nga vill v\u00e4l f\u00f6rl\u00e5ta efter att ha f\u00e5tt sitt barn m\u00f6rdat?<\/span><\/span><\/p>\n<p class=\"western\" align=\"left\"><span style=\"font-family: Georgia, sans-serif; color: #800000;\"><span style=\"font-size: large;\">I fallet med James, s\u00e5 var m\u00f6rdarna tv\u00e5 andra barn. Det g\u00f6r k\u00e4nslorna mer blandade hos de flesta av oss. I det fallet tycks det dessutom vara bevisat bortom alla tvivel, till skillnad fr\u00e5n ett liknande fall i Sverige, d\u00e4r de utpekade barnen \u2013 nu vuxna \u2013 nyligen har friats fr\u00e5n alla misstankar om brott.<\/span><\/span><\/p>\n<p class=\"western\" align=\"left\"><span style=\"font-family: Georgia, sans-serif; color: #800000;\"><span style=\"font-size: large;\">Ibland \u00e4r f\u00f6r\u00e4ldrarna uppr\u00f6rda \u00f6ver polisens insats. \u00c5r 2000 m\u00f6rdades 31-\u00e5riga Pernilla utanf\u00f6r Falun, men mordet fick ingen l\u00f6sning f\u00f6rr\u00e4n tio\u00e5riga Engla 2008 hade m\u00f6rdats. Den m\u00f6rdaren fick polisen tag p\u00e5 efter klassiskt gediget polisarbete, och n\u00e4r m\u00f6rdarens DNA tagits fick man en tr\u00e4ff i fallet Pernilla. Ocks\u00e5 det mordet tog d\u00e5 Englas m\u00f6rdare p\u00e5 sig (och hade bara den lokala polisen i Pernillafallet haft st\u00f6rre vana vid mordutredningar, skulle kanske Englamordet ha kunnat f\u00f6rhindras, kom sedan en utredning p\u00e5).<\/span><\/span><\/p>\n<p class=\"western\" align=\"left\"><span style=\"font-family: Georgia, sans-serif; color: #800000;\"><span style=\"font-size: large;\">S\u00e5 det \u00e4r inget nytt under solen, att medborgare m\u00e5nga g\u00e5nger \u00e4r kritiska till polisens arbete \u2013 men hur m\u00e5nga vet egentligen hur pass kompetent polisen \u00e4r? Att beskylla dem i tidningsrubriker \u00e4r l\u00e4ttare \u00e4n att utbilda sig till utredare.<\/span><\/span><\/p>\n<p class=\"western\" align=\"left\"><span style=\"font-family: Georgia, sans-serif; color: #800000;\"><span style=\"font-size: large;\">Vid \u00e5rets oscarsgala tog en film med s\u00e5dant h\u00e4r inneh\u00e5ll tv\u00e5 priser, f\u00f6r b\u00e4sta kvinnliga huvudroll och f\u00f6r b\u00e4sta biroll. Filmen ans\u00e5gs ocks\u00e5 som \u00e5rets b\u00e4sta i dramakategorin p\u00e5 Golden globe-festivalen och p\u00e5 Bafta \u2013 samt fler festivaler.<\/span><\/span><\/p>\n<p class=\"western\" align=\"left\"><span style=\"font-family: Georgia, sans-serif; color: #800000;\"><span style=\"font-size: large;\">Den som blev b\u00e4sta sk\u00e5despelerska heter <i>Frances McDormand<\/i> och skulle kunna vara tvillingsyster till <i>Eva Rydberg.<\/i> Inte bara f\u00f6r att de b\u00e4gge k\u00f6r en humoristisk stil; en g\u00e5ng trodde jag faktiskt, att Eva Rydberg spelade huvudrollen i den engelska filmen <i>Miss Pettigrew lives for a day\u00a0<\/i>(2008). Jag v\u00e4nde mig genast till personen bredvid mig i salongen och sa: \u00bbHar v\u00e5ran Eva nu slagit igenom utomlands ocks\u00e5?\u00ab.<\/span><\/span><\/p>\n<p class=\"western\" align=\"left\"><span style=\"font-family: Georgia, sans-serif; color: #800000;\"><span style=\"font-size: large;\">S\u00e5 var det allts\u00e5 inte, det var v\u00e5ran Frances. Men rollen som fr\u00f6ken Pettigrew, som i en m\u00f6jlig framtida arbetsgivares l\u00e4genhet dras in i en h\u00e4rva av romantiska pinsamheter, var ju som gjord f\u00f6r Eva Rydberg i n\u00e5got av hennes sommarlustspel. Och Frances hade faktiskt vunnit svenska hj\u00e4rtan med filmen <i>Fargo<\/i> (1996), i vilken hon spelade l\u00e4nsman Gunderson i svenskimmigrantmilj\u00f6, d\u00e4r folk hette Lundegaard, Olson och Gustafson och sa \u00bbJaa, jaa\u00ab p\u00e5 n\u00e5got slags skandinaviska, n\u00e4r de blev tilltalade. I samma film f\u00f6rlorade m\u00f6jligen <i>Peter Stormare<\/i> en del av sina svenska publikhj\u00e4rtan, f\u00f6r d\u00e4r var han den synnerligen fula filuren Grimsrud, som s\u00e5gade upp m\u00e4nniskor p\u00e5 bakg\u00e5rden med cirkels\u00e5g. F\u00f6r den rollen fick han inte stinkarpriset (f\u00f6r s\u00e4msta rollgestaltning) \u2013 det nominerades han 2005 till f\u00f6r roller i de p\u00e5st\u00e5tt kassa filmerna <i>Br\u00f6derna Grimm<\/i> och <i>Constantine.<\/i> Ej heller fick Peter n\u00e5gon oskar f\u00f6r sin blodbesudlade figur i Fargo \u2013 men se, det fick Frances f\u00f6r sin polis!<\/span><\/span><\/p>\n<p class=\"western\" align=\"left\"><span style=\"font-family: Georgia, sans-serif; color: #800000;\"><span style=\"font-size: large;\">Och nu har allts\u00e5 Frances McDormand f\u00e5tt oscar f\u00f6r b\u00e4sta kvinnliga huvudroll igen. Filmen heter <i>Three billboards outside Ebbing, Missouri <\/i>(2017) och handlar, som ovan n\u00e4mnts, om denna kr\u00f6nikas tema, <i> Dotter m\u00f6rdas, moder s\u00f6ker m\u00f6rdare n\u00e4r polis misslyckas.<\/i> S\u00e5 kunde filmen gott ha f\u00e5tt heta i Sverige, n\u00e4r den redan i original hade s\u00e5 l\u00e5ngt namn. Den engelska titeln syftar p\u00e5, att den handlingskraftiga modern till den d\u00f6da m\u00e5lar och s\u00e4tter upp tre plakat vid staden Ebbings infarter med uppenbara antydningar om polischefens inkompetens. En svart komedi ska den vara, som ocks\u00e5 Fargo var.<\/span><\/span><\/p>\n<p class=\"western\" align=\"left\"><span style=\"font-family: Georgia, sans-serif; color: #800000;\"><span style=\"font-size: large;\">Denna nu i vintras oscarsbel\u00f6nade film g\u00e5r p\u00e5 torsdag upp p\u00e5 Kiruna filmstudio (i Folkets hus).<\/span><\/span><\/p>\n<p class=\"western\" style=\"padding-left: 30px;\" align=\"left\"><span style=\"font-family: Georgia, sans-serif; color: #800000;\"><span style=\"font-size: large;\"><strong>\u00c4ras den, som \u00e4ras b\u00f6r!<\/strong> N\u00e5gon kan ha uppfattat upplysningarna om Peter Stormares nominering till \u00e5rets stinkare som att han \u00e4r s\u00e5 d\u00e5lig. Inget kan vara mer fel. Jag tog sj\u00e4lv fel p\u00e5 honom vid den tiden. Men n\u00e4r jag s\u00e5g hans gestaltning av rensk\u00f6taren i svenska <i>Varg<\/i> (2008), ins\u00e5g jag det. F\u00f6r den rollen fick han en v\u00e4lf\u00f6rtj\u00e4nt guldbagge.<\/span><\/span><\/p>\n<p class=\"western\" align=\"right\"><em><span style=\"font-family: Verdana Italic, sans-serif; color: #800000;\"><span style=\"font-size: medium;\">En id\u00e9 i idet av Bj\u00f6rn Forseth<\/span><\/span><\/em><\/p>\n","protected":false},"excerpt":{"rendered":"<p>THREE BILLBOARDS OUTSIDE EBBING, MISSOURI Dotter m\u00f6rdas, moder s\u00f6ker m\u00f6rdare n\u00e4r polis misslyckas R\u00e4ttsk\u00e4nsla och modersk\u00e4nsla \u00e4r tv\u00e5 helt olika saker, som kan kombineras till en krutfylld blandning &nbsp; Nej, jag har inte tr\u00e4ffat en m\u00f6rdare eller moder som s\u00f6ker m\u00f6rdare, fast jag just varit iv\u00e4g p\u00e5 en av mina resor med t\u00e5g. Det \u00e4r &hellip; <\/p>\n<p class=\"link-more\"><a href=\"https:\/\/forseth.se\/?p=1096\" class=\"more-link\">Forts\u00e4tt l\u00e4sa<span class=\"screen-reader-text\"> \u201dDotter m\u00f6rdas, moder s\u00f6ker m\u00f6rdare n\u00e4r polis misslyckas\u201d<\/span><\/a><\/p>\n","protected":false},"author":1,"featured_media":0,"comment_status":"closed","ping_status":"closed","sticky":false,"template":"","format":"standard","meta":{"footnotes":""},"categories":[1],"tags":[],"class_list":["post-1096","post","type-post","status-publish","format-standard","hentry","category-uncategorized"],"_links":{"self":[{"href":"https:\/\/forseth.se\/index.php?rest_route=\/wp\/v2\/posts\/1096","targetHints":{"allow":["GET"]}}],"collection":[{"href":"https:\/\/forseth.se\/index.php?rest_route=\/wp\/v2\/posts"}],"about":[{"href":"https:\/\/forseth.se\/index.php?rest_route=\/wp\/v2\/types\/post"}],"author":[{"embeddable":true,"href":"https:\/\/forseth.se\/index.php?rest_route=\/wp\/v2\/users\/1"}],"replies":[{"embeddable":true,"href":"https:\/\/forseth.se\/index.php?rest_route=%2Fwp%2Fv2%2Fcomments&post=1096"}],"version-history":[{"count":7,"href":"https:\/\/forseth.se\/index.php?rest_route=\/wp\/v2\/posts\/1096\/revisions"}],"predecessor-version":[{"id":1104,"href":"https:\/\/forseth.se\/index.php?rest_route=\/wp\/v2\/posts\/1096\/revisions\/1104"}],"wp:attachment":[{"href":"https:\/\/forseth.se\/index.php?rest_route=%2Fwp%2Fv2%2Fmedia&parent=1096"}],"wp:term":[{"taxonomy":"category","embeddable":true,"href":"https:\/\/forseth.se\/index.php?rest_route=%2Fwp%2Fv2%2Fcategories&post=1096"},{"taxonomy":"post_tag","embeddable":true,"href":"https:\/\/forseth.se\/index.php?rest_route=%2Fwp%2Fv2%2Ftags&post=1096"}],"curies":[{"name":"wp","href":"https:\/\/api.w.org\/{rel}","templated":true}]}}