{"id":1126,"date":"2018-08-27T01:26:39","date_gmt":"2018-08-26T23:26:39","guid":{"rendered":"https:\/\/forseth.se\/idet\/?p=1126"},"modified":"2018-08-27T01:26:39","modified_gmt":"2018-08-26T23:26:39","slug":"amatorer-ar-vi-allihopa","status":"publish","type":"post","link":"https:\/\/forseth.se\/?p=1126","title":{"rendered":"Amat\u00f6rer \u00e4r vi allihopa"},"content":{"rendered":"<p style=\"text-align: center;\"><span style=\"color: #800000;\">AMAT\u00d6RER<\/span><\/p>\n<p style=\"text-align: center;\"><span style=\"color: #800000;\"><img loading=\"lazy\" decoding=\"async\" class=\"aligncenter size-full wp-image-1127\" src=\"https:\/\/forseth.se\/idet\/wp-content\/uploads\/2018\/08\/Amatoerer.jpeg\" alt=\"\" width=\"1000\" height=\"563\" srcset=\"https:\/\/forseth.se\/wp-content\/uploads\/2018\/08\/Amatoerer.jpeg 1000w, https:\/\/forseth.se\/wp-content\/uploads\/2018\/08\/Amatoerer-300x169.jpeg 300w, https:\/\/forseth.se\/wp-content\/uploads\/2018\/08\/Amatoerer-768x432.jpeg 768w\" sizes=\"auto, (max-width: 767px) 89vw, (max-width: 1000px) 54vw, (max-width: 1071px) 543px, 580px\" \/><\/span><\/p>\n<h1 class=\"western\" align=\"center\"><strong><span style=\"font-family: Verdana Bold, sans-serif; color: #800000;\"><span style=\"font-size: 300%;\">Amat\u00f6rer \u00e4r vi allihopa<\/span><\/span><\/strong><\/h1>\n<h2 class=\"western\" align=\"center\"><strong><em><span style=\"font-family: Verdana Bold Italic, sans-serif; color: #800000;\"><span style=\"font-size: x-large;\">Isbj\u00f6rnar g\u00e5r inte i ide<\/span><\/span><\/em><\/strong><\/h2>\n<p>&nbsp;<\/p>\n<p class=\"western\" align=\"left\"><span style=\"font-family: Georgia, sans-serif; color: #800000;\"><span style=\"font-size: large;\">Nej, isbj\u00f6rnar \u00e4r inte som andra bj\u00f6rnar. \u00bbEn id\u00e9 i idet\u00ab \u00e4r parollen f\u00f6r undertecknade Bj\u00f6rns kr\u00f6nikor. Men isbj\u00f6rnar tycker inte det \u00e4r n\u00e5gon id\u00e9 att g\u00e5 i ide. De trivs b\u00e4st ute p\u00e5 isarna till havs. De \u00e4r som Ferdinand under korkeken. De sitter d\u00e4r (p\u00e5 isflak i st\u00e4llet f\u00f6r under korkek) och njuter av livet och tar livet av en och annan s\u00e4l, som inte ser sig f\u00f6r vilket flak den v\u00e4ljer att ta sig upp p\u00e5.<\/span><\/span><\/p>\n<p class=\"western\" align=\"left\"><span style=\"font-family: Georgia, sans-serif; color: #800000;\"><span style=\"font-size: large;\">Det \u00e4r bara amat\u00f6rer, som tror att isbj\u00f6rnar som andra nallar g\u00e5r i ide. Endast havande isbj\u00f6rninnor g\u00e5r n\u00e4mligen i ide om vintern, f\u00f6r d\u00e5 m\u00e5ste de l\u00e4mna sin k\u00e4ra is och g\u00e5 i land f\u00f6r att s\u00f6ka djupsn\u00f6 att grotta ner sig i. Undertecknad var till helt nyligen en av dessa amat\u00f6rer, som inte visste detta.<\/span><\/span><\/p>\n<p class=\"western\" style=\"padding-left: 30px;\" align=\"left\"><span style=\"font-family: Georgia, sans-serif; color: #800000;\"><span style=\"font-size: large;\">Och helt nyligen, det var i augusti, det. D\u00e5 driver inte s\u00e5 mycket is omkring, s\u00e5 d\u00e5 kryllade det av isbj\u00f6rnar p\u00e5 gr\u00f6na landbacken p\u00e5 en \u00f6 halvv\u00e4gs mot nordpolen, mittemot Kiruna p\u00e5 andra sidan jordklotet. Jag s\u00e5g dem med egna \u00f6gon \u2013 men det f\u00e5r jag ber\u00e4tta om en annan g\u00e5ng. Det h\u00e4r \u00e4r minsann inte platsen f\u00f6r reseskildringar!<\/span><\/span><\/p>\n<p class=\"western\" align=\"left\"><span style=\"font-family: Georgia, sans-serif; color: #800000;\"><span style=\"font-size: large;\"><i>Amat\u00f6rer<\/i> heter en svensk film fr\u00e5n i \u00e5r. I den \u00e4r det ingen som g\u00e5r i ide, och ingen i den heter f\u00f6rresten Bj\u00f6rn. Det \u00e4r ju det moderna Sverige, d\u00e4r Andersson, Pettersson och Lundstr\u00f6m inte \u00e4r de vanligaste namnen l\u00e4ngre. Fast en av huvudpersonerna kallas Musse. Dock inte Pigg.<\/span><\/span><\/p>\n<p class=\"western\" align=\"left\"><span style=\"font-family: Georgia, sans-serif; color: #800000;\"><span style=\"font-size: large;\">Regiss\u00f6r \u00e4r <i>Gabriela Pichler.<\/i> Hon, som 2012 slog igenom med <i>\u00c4ta sova d\u00f6,<\/i> ni vet. Den g\u00e5ngen var det ett drama, nu \u00e4r det en komedi:<\/span><\/span><\/p>\n<p class=\"western\" align=\"left\"><span style=\"font-family: Georgia, sans-serif; color: #800000;\"><span style=\"font-size: large;\">Det lilla samh\u00e4lle, d\u00e4r Musse &amp; c:o bor, heter Lafors, som la inte finns i verkligheten. (S\u00f6k den orten p\u00e5 Lantm\u00e4teriets hemsida, den som kan!) Men det g\u00f6r inget. Laforsen finns, f\u00f6r all del, men det viktiga \u00e4r, att kommunen Lafors kunde finnas. F\u00f6r sm\u00e5 brukssamh\u00e4llen med stor utflyttning i stil med Lafors finns det ju. Och visst skulle vilken Laforsliknande kommunledning som helst hoppa h\u00f6gt av gl\u00e4dje, om ett stort amerikanskt dataf\u00f6retag vore ute och letade efter en plats f\u00f6r en stor datahall.<\/span><\/span><\/p>\n<p class=\"western\" align=\"left\"><span style=\"font-family: Georgia, sans-serif; color: #800000;\"><span style=\"font-size: large;\">Eller, som i filmens Lafors, en stor tysk l\u00e5gpriskedja skulle titta n\u00e4rmare p\u00e5 orten. D\u00e5 g\u00e4ller det att profilera sig och l\u00e5ta spekulanterna f\u00e5 veta, hur fint de skulle f\u00e5 det i just den kommunen.<\/span><\/span><\/p>\n<p class=\"western\" align=\"left\"><span style=\"font-family: Georgia, sans-serif; color: #800000;\"><span style=\"font-size: large;\">Men till det beh\u00f6vs pengar. Pengar att g\u00f6ra en pr-film f\u00f6r. Och det har inte kommunen, s\u00e5 Musse f\u00e5r ta till tricks.<\/span><\/span><\/p>\n<p class=\"western\" align=\"left\"><span style=\"font-family: Georgia, sans-serif; color: #800000;\"><span style=\"font-size: large;\">Denna film ing\u00e5r i Kiruna filmstudios prova p\u00e5-satsning nu p\u00e5 torsdag. Det \u00e4r f\u00f6rvisso fortfarande augusti, men d\u00e5 visas tv\u00e5 filmer samma kv\u00e4ll som dragpl\u00e5ster inf\u00f6r septemberserien. Den andra filmen (som visas f\u00f6rst, redan klockan 18) \u00e4r <i>Woody Allens<\/i> senaste, <i>Wonder wheel<\/i> (2017). Kr\u00f6nika om den skrevs i april, men filmen \u00bbf\u00f6rsvann\u00ab d\u00e5. Kr\u00f6nikan finns dock kvar <a style=\"color: #800000;\" href=\"https:\/\/forseth.se\/idet\/?p=1075\">h\u00e4r<\/a>.<\/span><\/span><\/p>\n<p class=\"western\" align=\"right\"><em><span style=\"font-family: Verdana Italic, sans-serif; color: #800000;\"><span style=\"font-size: medium;\">En id\u00e9 i idet av Bj\u00f6rn Forseth<\/span><\/span><\/em><\/p>\n","protected":false},"excerpt":{"rendered":"<p>AMAT\u00d6RER Amat\u00f6rer \u00e4r vi allihopa Isbj\u00f6rnar g\u00e5r inte i ide &nbsp; Nej, isbj\u00f6rnar \u00e4r inte som andra bj\u00f6rnar. \u00bbEn id\u00e9 i idet\u00ab \u00e4r parollen f\u00f6r undertecknade Bj\u00f6rns kr\u00f6nikor. Men isbj\u00f6rnar tycker inte det \u00e4r n\u00e5gon id\u00e9 att g\u00e5 i ide. De trivs b\u00e4st ute p\u00e5 isarna till havs. De \u00e4r som Ferdinand under korkeken. De &hellip; <\/p>\n<p class=\"link-more\"><a href=\"https:\/\/forseth.se\/?p=1126\" class=\"more-link\">Forts\u00e4tt l\u00e4sa<span class=\"screen-reader-text\"> \u201dAmat\u00f6rer \u00e4r vi allihopa\u201d<\/span><\/a><\/p>\n","protected":false},"author":1,"featured_media":0,"comment_status":"closed","ping_status":"closed","sticky":false,"template":"","format":"standard","meta":{"footnotes":""},"categories":[1],"tags":[],"class_list":["post-1126","post","type-post","status-publish","format-standard","hentry","category-uncategorized"],"_links":{"self":[{"href":"https:\/\/forseth.se\/index.php?rest_route=\/wp\/v2\/posts\/1126","targetHints":{"allow":["GET"]}}],"collection":[{"href":"https:\/\/forseth.se\/index.php?rest_route=\/wp\/v2\/posts"}],"about":[{"href":"https:\/\/forseth.se\/index.php?rest_route=\/wp\/v2\/types\/post"}],"author":[{"embeddable":true,"href":"https:\/\/forseth.se\/index.php?rest_route=\/wp\/v2\/users\/1"}],"replies":[{"embeddable":true,"href":"https:\/\/forseth.se\/index.php?rest_route=%2Fwp%2Fv2%2Fcomments&post=1126"}],"version-history":[{"count":1,"href":"https:\/\/forseth.se\/index.php?rest_route=\/wp\/v2\/posts\/1126\/revisions"}],"predecessor-version":[{"id":1128,"href":"https:\/\/forseth.se\/index.php?rest_route=\/wp\/v2\/posts\/1126\/revisions\/1128"}],"wp:attachment":[{"href":"https:\/\/forseth.se\/index.php?rest_route=%2Fwp%2Fv2%2Fmedia&parent=1126"}],"wp:term":[{"taxonomy":"category","embeddable":true,"href":"https:\/\/forseth.se\/index.php?rest_route=%2Fwp%2Fv2%2Fcategories&post=1126"},{"taxonomy":"post_tag","embeddable":true,"href":"https:\/\/forseth.se\/index.php?rest_route=%2Fwp%2Fv2%2Ftags&post=1126"}],"curies":[{"name":"wp","href":"https:\/\/api.w.org\/{rel}","templated":true}]}}