{"id":1130,"date":"2018-09-04T23:09:37","date_gmt":"2018-09-04T21:09:37","guid":{"rendered":"https:\/\/forseth.se\/idet\/?p=1130"},"modified":"2018-09-04T23:27:28","modified_gmt":"2018-09-04T21:27:28","slug":"charmtrollet-med-hundogonen","status":"publish","type":"post","link":"https:\/\/forseth.se\/?p=1130","title":{"rendered":"Charmtrollet med hund\u00f6gonen"},"content":{"rendered":"<p style=\"text-align: center;\"><span style=\"color: #800000;\">CHARM\u00d6REN<\/span><\/p>\n<p style=\"text-align: center;\"><span style=\"color: #800000;\"><img loading=\"lazy\" decoding=\"async\" class=\"aligncenter size-full wp-image-1132\" src=\"https:\/\/forseth.se\/idet\/wp-content\/uploads\/2018\/09\/Charmoeren.jpg\" alt=\"\" width=\"1000\" height=\"943\" srcset=\"https:\/\/forseth.se\/wp-content\/uploads\/2018\/09\/Charmoeren.jpg 1000w, https:\/\/forseth.se\/wp-content\/uploads\/2018\/09\/Charmoeren-300x283.jpg 300w, https:\/\/forseth.se\/wp-content\/uploads\/2018\/09\/Charmoeren-768x724.jpg 768w\" sizes=\"auto, (max-width: 767px) 89vw, (max-width: 1000px) 54vw, (max-width: 1071px) 543px, 580px\" \/><\/span><\/p>\n<h2 class=\"western\" align=\"center\"><strong><span style=\"font-family: Verdana Bold, sans-serif; color: #800000;\"><span style=\"font-size: 300%;\">Charmtrollet med hund\u00f6gonen<\/span><\/span><\/strong><\/h2>\n<h2 class=\"western\" align=\"center\"><strong><span style=\"font-family: Verdana Bold Italic, sans-serif; color: #800000;\"><span style=\"font-size: x-large;\">P\u00e5 s\u00f6ndag \u00e4r det valdagen. Fast jag har redan haft valdagar s\u00e5 det r\u00e4cker p\u00e5 en resa i augusti: f\u00f6rst beluga \u2013 det vill s\u00e4ga vitval. Sedan kn\u00f6l- och gr\u00e5val. P\u00e5 s\u00f6ndag blir det kanske \u00f6desval.<\/span><\/span><\/strong><\/h2>\n<p>&nbsp;<\/p>\n<p class=\"western\" align=\"left\"><span style=\"font-family: Georgia, sans-serif; color: #800000;\"><span style=\"font-size: large;\">H\u00e5h\u00e5, jaja. Valdagen ramlar \u00f6ver en, n\u00e4r vardagen g\u00f6r det. Den egendomligt utl\u00e4ndska sommaren i Sverige blir nu ett flammande minne, n\u00e4r h\u00f6sten ser ut som den brukar. Lika sydl\u00e4ndsk som den heta sommaren var, \u00e4r i allm\u00e4nhet de asyls\u00f6kande i v\u00e5rt land. Och de \u00e4r ocks\u00e5 heta. Som en potatis. I v\u00e5r valdebatt, allts\u00e5.<\/span><\/span><\/p>\n<p class=\"western\" align=\"left\"><span style=\"font-family: Georgia, sans-serif; color: #800000;\"><span style=\"font-size: large;\">Mina allra b\u00e4sta skol\u00e5r var de sex och ett halvt som jag jobbade p\u00e5 ett av v\u00e4rldens tio st\u00f6rsta skeppsvarv och byggde 350.000-tonnare. D\u00e4r l\u00e4rde jag k\u00e4nna inte bara arbetslivet utan ocks\u00e5 utl\u00e4nningar. Bortsett fr\u00e5n finnarna, som ju inte \u00e4r riktiga <b>utl\u00e4nningar<\/b>, var de stora grupperna p\u00e5 arbetsplatsen jugoslaver, portugiser och italienare. Lite gnissel fanns det f\u00f6rvisso, men i det stora hela utgjorde arbetsplatsen en bild av det m\u00e5ngfaldssverige, som det idag talas s\u00e5 mycket f\u00f6r. Och emot.<\/span><\/span><\/p>\n<p class=\"western\" align=\"left\"><span style=\"font-family: Georgia, sans-serif; color: #800000;\"><span style=\"font-size: large;\">En stor skillnad mot idag var, f\u00f6rutom det r\u00e4tt gnisselfria umg\u00e4nget, att dessa invandrare p\u00e5 jobbet i allm\u00e4nhet inte var flyktingar. De var inte asyls\u00f6kande som k\u00e4mpade f\u00f6r att f\u00e5 en fot i Sverige. Mina arbetskamrater hade b\u00e4gge f\u00f6tterna i Sverige och fick ordinarie l\u00f6n f\u00f6r ordinarie arbete och betalade skatt som alla andra.<\/span><\/span><\/p>\n<p class=\"western\" align=\"left\"><span style=\"font-family: Georgia, sans-serif; color: #800000;\"><span style=\"font-size: large;\">Idag \u00e4r skeppsvarvet i fr\u00e5ga ett industriminne blott, liksom hela den svenska varvsindustrin. Ja, n\u00e4rap\u00e5 hela tillverkningsindustrin. D\u00e5 \u00e4r f\u00f6ruts\u00e4ttningarna att f\u00e5 in en fot ganska d\u00e5liga. Det hade varit b\u00e4ttre, om USA hade startat krig i Irak och Afghanistan vid den tiden varvet och alla stora fabriker var i drift, f\u00f6r att s\u00e4ga det krasst. D\u00e5 skulle ocks\u00e5 Syrienflyktingarna ha f\u00e5tt jobb med en g\u00e5ng.<\/span><\/span><\/p>\n<p class=\"western\" align=\"left\"><span style=\"font-family: Georgia, sans-serif; color: #800000;\"><span style=\"font-size: large;\">Men s\u00e5 g\u00e5r det inte till idag. N\u00e4r jag var svenskal\u00e4rare f\u00f6r asyls\u00f6kande i G\u00e4llivare f\u00f6r m\u00e5nga \u00e5r sedan, trodde en del elever att v\u00e4gen till uppeh\u00e5llstillst\u00e5nd skulle sm\u00f6rjas, om man gifte sig med en svensk(a). Det hade de f\u00e5tt om bakfoten, det skulle inte hj\u00e4lpa. Men naturligtvis fick flera unga, stiliga afrikaner, araber och afghaner svenska flickv\u00e4nner. De var v\u00e4l charmiga, kant\u00e4nka (jag \u00e4r ju inte tjej och kan bara ana det). Och s\u00e5 blev de tofflor, flera av dem. \u00bbJag \u00e4lskar min tjej, men Bj\u00f6rn \u2013 hon \u00e4r rena talibanen. Om jag f\u00e5r avdrag p\u00e5 dagpenningen f\u00f6r att jag missat en lektion, g\u00e5r det illa f\u00f6r mig\u00ab, ber\u00e4ttade en kille f\u00f6r mig. En syrier l\u00e5ngt f\u00f6re Syrienkriget. En l\u00e5ng, n\u00e4stan sotsvart afrikansk yngling med sj\u00e4lvs\u00e4kert och arrogant upptr\u00e4dande blev alldeles ifr\u00e5n sig, n\u00e4r han skulle f\u00e5 avdrag p\u00e5 penningen f\u00f6r att han just inte kommit i tid (ett tydligt direktiv i v\u00e5rt reglemente). Hans tjej \u00bbskulle bli tokig\u00ab.<\/span><\/span><\/p>\n<p class=\"western\" align=\"left\"><span style=\"font-family: Georgia, sans-serif; color: #800000;\"><span style=\"font-size: large;\">Hur mycket ett \u00e4ktenskap idag skulle p\u00e5verka m\u00f6jligheten att f\u00e5 uppeh\u00e5llstillst\u00e5nd, vet jag inte, och kanske \u00e4r det annorlunda i Danmark. Den danska filmen <i>Charm\u00f6ren<\/i> fr\u00e5n 2017 handlar om en oerh\u00f6rt charmerande ung man med sorgsna hund\u00f6gon och en avundsv\u00e4rd f\u00f6rm\u00e5ga att f\u00e5 danskor p\u00e5 fall \u2013 n\u00e4mligen med det yttersta m\u00e5let att genom gifterm\u00e5l f\u00e5 uppeh\u00e5llstillst\u00e5nd i Danmark.<\/span><\/span><\/p>\n<p class=\"western\" align=\"left\"><span style=\"font-family: Georgia, sans-serif; color: #800000;\"><span style=\"font-size: large;\">\u00c4r den d\u00e5 en film, som vill utm\u00e5la asyls\u00f6kande som falska? Tja \u2013 d\u00f6m sj\u00e4lva, vetja. Filmen g\u00e5r p\u00e5 torsdag upp som filmstudions f\u00f6rsta film i septemberserien. P\u00e5 Folkets hus. <i>Ardalan Esmaili<\/i> som charmtrollet k\u00e4nner ni nog inte igen, men <i>Lars Brygmann<\/i> i en roll som dansk hanrej har ni sett i m\u00e5nget danskt drama. Regiss\u00f6ren <i>Milad Alami<\/i> \u00e4r ett stj\u00e4rnskott p\u00e5 det nya Danmarks himmel, precis som v\u00e5r filmindustri har stj\u00e4rnskott med ovant klingande namn (ja, Alami \u00e4r faktiskt svensk men har g\u00e5tt p\u00e5 danska filmskolan). Och de g\u00f6r filmer, som kanske inte skulle ha gjorts av Andersson, Pettersson, Lundstr\u00f6m och jag. Eller mig.<\/span><\/span><\/p>\n<p class=\"western\" align=\"right\"><em><span style=\"font-family: Verdana Italic, sans-serif; color: #800000;\"><span style=\"font-size: medium;\">En id\u00e9 i idet av Bj\u00f6rn Forseth<\/span><\/span><\/em><\/p>\n","protected":false},"excerpt":{"rendered":"<p>CHARM\u00d6REN Charmtrollet med hund\u00f6gonen P\u00e5 s\u00f6ndag \u00e4r det valdagen. Fast jag har redan haft valdagar s\u00e5 det r\u00e4cker p\u00e5 en resa i augusti: f\u00f6rst beluga \u2013 det vill s\u00e4ga vitval. Sedan kn\u00f6l- och gr\u00e5val. P\u00e5 s\u00f6ndag blir det kanske \u00f6desval. &nbsp; H\u00e5h\u00e5, jaja. Valdagen ramlar \u00f6ver en, n\u00e4r vardagen g\u00f6r det. Den egendomligt utl\u00e4ndska sommaren &hellip; <\/p>\n<p class=\"link-more\"><a href=\"https:\/\/forseth.se\/?p=1130\" class=\"more-link\">Forts\u00e4tt l\u00e4sa<span class=\"screen-reader-text\"> \u201dCharmtrollet med hund\u00f6gonen\u201d<\/span><\/a><\/p>\n","protected":false},"author":1,"featured_media":0,"comment_status":"closed","ping_status":"closed","sticky":false,"template":"","format":"standard","meta":{"footnotes":""},"categories":[1],"tags":[],"class_list":["post-1130","post","type-post","status-publish","format-standard","hentry","category-uncategorized"],"_links":{"self":[{"href":"https:\/\/forseth.se\/index.php?rest_route=\/wp\/v2\/posts\/1130","targetHints":{"allow":["GET"]}}],"collection":[{"href":"https:\/\/forseth.se\/index.php?rest_route=\/wp\/v2\/posts"}],"about":[{"href":"https:\/\/forseth.se\/index.php?rest_route=\/wp\/v2\/types\/post"}],"author":[{"embeddable":true,"href":"https:\/\/forseth.se\/index.php?rest_route=\/wp\/v2\/users\/1"}],"replies":[{"embeddable":true,"href":"https:\/\/forseth.se\/index.php?rest_route=%2Fwp%2Fv2%2Fcomments&post=1130"}],"version-history":[{"count":3,"href":"https:\/\/forseth.se\/index.php?rest_route=\/wp\/v2\/posts\/1130\/revisions"}],"predecessor-version":[{"id":1135,"href":"https:\/\/forseth.se\/index.php?rest_route=\/wp\/v2\/posts\/1130\/revisions\/1135"}],"wp:attachment":[{"href":"https:\/\/forseth.se\/index.php?rest_route=%2Fwp%2Fv2%2Fmedia&parent=1130"}],"wp:term":[{"taxonomy":"category","embeddable":true,"href":"https:\/\/forseth.se\/index.php?rest_route=%2Fwp%2Fv2%2Fcategories&post=1130"},{"taxonomy":"post_tag","embeddable":true,"href":"https:\/\/forseth.se\/index.php?rest_route=%2Fwp%2Fv2%2Ftags&post=1130"}],"curies":[{"name":"wp","href":"https:\/\/api.w.org\/{rel}","templated":true}]}}