{"id":1145,"date":"2018-09-25T11:31:48","date_gmt":"2018-09-25T09:31:48","guid":{"rendered":"https:\/\/forseth.se\/idet\/?p=1145"},"modified":"2018-09-25T11:32:12","modified_gmt":"2018-09-25T09:32:12","slug":"terrorister-som-vi-har-skapat","status":"publish","type":"post","link":"https:\/\/forseth.se\/?p=1145","title":{"rendered":"Terrorister som vi skapat"},"content":{"rendered":"<p style=\"text-align: center;\"><span style=\"color: #800000;\">MADE IN FRANCE<\/span><\/p>\n<p><img loading=\"lazy\" decoding=\"async\" class=\"size-full wp-image-1146\" src=\"https:\/\/forseth.se\/idet\/wp-content\/uploads\/2018\/09\/Made-in-France.jpg\" alt=\"\" width=\"1000\" height=\"667\" srcset=\"https:\/\/forseth.se\/wp-content\/uploads\/2018\/09\/Made-in-France.jpg 1000w, https:\/\/forseth.se\/wp-content\/uploads\/2018\/09\/Made-in-France-300x200.jpg 300w, https:\/\/forseth.se\/wp-content\/uploads\/2018\/09\/Made-in-France-768x512.jpg 768w\" sizes=\"auto, (max-width: 767px) 89vw, (max-width: 1000px) 54vw, (max-width: 1071px) 543px, 580px\" \/><\/p>\n<h1 class=\"western\" align=\"center\"><strong><span style=\"font-family: Verdana Bold, sans-serif; color: #800000;\"><span style=\"font-size: 300%;\">Terrorister som vi skapat<\/span><\/span><\/strong><\/h1>\n<h2 class=\"western\" align=\"center\"><strong><span style=\"font-family: Verdana Bold Italic, sans-serif; color: #800000;\"><span style=\"font-size: x-large;\">T\u00e4nk dig Skattemyndigheten dyka upp med k-pist och kr\u00e4va momsredovisning.<\/span><\/span><\/strong><\/h2>\n<p>&nbsp;<\/p>\n<p class=\"western\" align=\"left\"><span style=\"font-family: Georgia, sans-serif; color: #800000;\"><span style=\"font-size: large;\">Sommaren \u00e4r dcfinitivt \u00f6ver, v\u00e5gar jag p\u00e5st\u00e5. Det \u00e4r i alla fall i slutet av september, s\u00e5 det \u00e4r v\u00e4l inte alltf\u00f6r dj\u00e4rvt sagt. Men s\u00e5 sent som i l\u00f6rdags, n\u00e4r jag vaknade till \u00f6sregn och \u00e4nd\u00e5 tog t\u00e5get till Abisko, m\u00f6ttes jag d\u00e4r av uppklarnande himmel och \u2013 v\u00e4rme. Att s\u00e5 h\u00e4r sent kunna vistas p\u00e5 kalfj\u00e4llet i skjort\u00e4rmarna f\u00e5r en att nicka igenk\u00e4nnande, n\u00e4r nyhetss\u00e4ndningarna sedan meddelar, att Kiruna toppar hela Europa i h\u00f6g temperaturstegring.<\/span><\/span><\/p>\n<p class=\"western\" align=\"left\"><span style=\"font-family: Georgia, sans-serif; color: #800000;\"><span style=\"font-size: large;\">Sommaren som gick upplevde undertecknad inte bara i hemlandet. Inbjuden till Toscana en vecka i juni tackade jag omedelbart ja och k\u00f6pte interrailpass f\u00f6r att t\u00e5gluffa dit och tillbaka. N\u00e4r man reser p\u00e5 ytan f\u00e5r man se, hur kuperat Europa \u00e4r. Sverige \u00e4r rena rama sl\u00e4ttlandet i j\u00e4mf\u00f6relse med hur det mestadels ser ut d\u00e4r nere i Tyskland, Schweiz, Frankrike och Italien. J\u00e4rnv\u00e4garna g\u00e5r genom l\u00e5nga tunnlar, ut i bergsdalar som ser ut som mitt i Norge \u2013 bortsett fr\u00e5n att bergen \u00e4r mycket mer befolkade \u2013 och in i nya tunnlar.<\/span><\/span><\/p>\n<p class=\"western\" align=\"left\"><span style=\"font-family: Georgia, sans-serif; color: #800000;\"><span style=\"font-size: large;\">En annan iakttagelse, som den som flyger missar, \u00e4r hur bev\u00e4pnat Europa \u00e4r. Svensk polis b\u00e4r visserligen pistol, men i Italien och Frankrike g\u00e5r milit\u00e4r omkring i stadsmilj\u00f6 med automatkarbin. Det har de inte alltid gjort i den utstr\u00e4ckning som de g\u00f6r idag, men dessa l\u00e4nder tar terroristhoten p\u00e5 stort allvar.<\/span><\/span><\/p>\n<p class=\"western\" style=\"padding-left: 30px;\" align=\"left\"><span style=\"font-family: Georgia, sans-serif; color: #800000;\"><span style=\"font-size: large;\">Lite skillnad fanns det f\u00f6re terroristgruppernas utbredning ocks\u00e5. Naiva svenskar har jag h\u00f6rt ondg\u00f6ra sig \u00f6ver bev\u00e4pnade gr\u00e4nspoliser i DDR, vilket en italiensk arbetskamrat fr\u00e5n min tid som skeppsbyggare skrattade \u00e5t, sedan han flyttat tillbaka till hemlandet och startat en reparationsverkstad d\u00e4r: n\u00e4r han for med verkstadsbilen ute p\u00e5 landsv\u00e4gen blev han ibland stoppad av <i>carabinieri <\/i>(statspolisen) med kulsprutepistoler med krav p\u00e5 att genast visa papper p\u00e5 att bilens varenda skruv var momsredovisad.<\/span><\/span><\/p>\n<p class=\"western\" align=\"left\"><span style=\"font-family: Georgia, sans-serif; color: #800000;\"><span style=\"font-size: large;\">M\u00e5nga f\u00f6rklarar anslutningen till terroristgrupper med att ungdomar i nedg\u00e5ngna f\u00f6rorter k\u00e4nner sig f\u00f6rsummade och d\u00e5 blir l\u00e4tta byten f\u00f6r extremistiska f\u00f6rkunnare av olika profetior om att jordens underg\u00e5ng \u00e4r n\u00e4ra eller, med andra ord, att Domedagen \u00e4r n\u00e4ra. Och d\u00e5 kan man lika v\u00e4l g\u00e5 med i terroristgrupper och m\u00f6rda n\u00e5gra tusen \u00bbotrogna\u00ab och f\u00e5 kvitto p\u00e5 intr\u00e4de till paradiset.<\/span><\/span><\/p>\n<p class=\"western\" align=\"left\"><span style=\"font-family: Georgia, sans-serif; color: #800000;\"><span style=\"font-size: large;\">F\u00f6r den vanlige medborgaren l\u00e5ter s\u00e5dana profetior aningen verklighetsfr\u00e4mmande, och f\u00f6r dem som varit med ett tag l\u00e5ter de inte direkt nya och h\u00e4nger heller inte n\u00f6dv\u00e4ndigtvis ihop med fanatisk islam utan lika mycket med fanatisk kristendom. \u2013 Eller med fanatisk kommunism! skulle en del s\u00e4ga. Och jovisst \u2013 det \u00e4r fanatismen som \u00e4r det b\u00e4rande i detta, att de \u00bbtroende\u00ab anser sig vara f\u00f6rmer \u00e4n andra m\u00e4nniskor. Till och med fanatiska feminister finns det ju ocks\u00e5, s\u00e5dana som inte kan anv\u00e4nda ordet \u00bbman\u00ab utan ers\u00e4tter det med \u00bben\u00ab. Med fanatism \u00e4r det ju typiskt s\u00e5, att man (eller en) h\u00e4nger upp sig p\u00e5 vad som kanske \u00e4r okunnighet.<\/span><\/span><\/p>\n<p class=\"western\" style=\"padding-left: 30px;\" align=\"left\"><span style=\"font-family: Georgia, sans-serif; color: #800000;\"><span style=\"font-size: large;\">Med \u00bbman\u00ab \u00e4r det just s\u00e5, att ordet visst kan betyda \u00bbkarl\u00ab \u2013 men <b>inte<\/b> g\u00f6r det i de sammanhang, d\u00e5 det kan ers\u00e4ttas med \u00bben\u00ab. D\u00e5 betyder det ungef\u00e4r \u00bbvem som helst\u00ab.<\/span><\/span><\/p>\n<p class=\"western\" align=\"left\"><span style=\"font-family: Georgia, sans-serif; color: #800000;\"><span style=\"font-size: large;\">\u00c4r det \u00e4nd\u00e5 s\u00e5, att utanf\u00f6rskap i f\u00f6rorter utanf\u00f6r storst\u00e4der f\u00f6rklarar vurmen f\u00f6r terroristgrupper? Detta talas det mycket om i Frankrike. En frilansande journalist, som v\u00e4l (som journalister brukar) vill g\u00f6ra ett scoop, avser att unders\u00f6ka just detta genom att infiltrera en jihadistgrupp i Paris. Detta \u00e4r bakgrunden till spelfilmen <i>Made in France<\/i> fr\u00e5n 2015, en film som ocks\u00e5 \u00e4r made in France. Att infiltrera en terroristgrupp kan nog s\u00e4gas vara ett r\u00e4tt riskabelt wallraffande, och d\u00e4rmed nog sagt om det. Filmen visas nu p\u00e5 torsdag av filmstudion.<\/span><\/span><\/p>\n<p class=\"western\" align=\"right\"><em><span style=\"font-family: Verdana Italic, sans-serif; color: #800000;\"><span style=\"font-size: medium;\">En id\u00e9 i idet av Bj\u00f6rn Forseth<\/span><\/span><\/em><\/p>\n","protected":false},"excerpt":{"rendered":"<p>MADE IN FRANCE Terrorister som vi skapat T\u00e4nk dig Skattemyndigheten dyka upp med k-pist och kr\u00e4va momsredovisning. &nbsp; Sommaren \u00e4r dcfinitivt \u00f6ver, v\u00e5gar jag p\u00e5st\u00e5. Det \u00e4r i alla fall i slutet av september, s\u00e5 det \u00e4r v\u00e4l inte alltf\u00f6r dj\u00e4rvt sagt. Men s\u00e5 sent som i l\u00f6rdags, n\u00e4r jag vaknade till \u00f6sregn och \u00e4nd\u00e5 &hellip; <\/p>\n<p class=\"link-more\"><a href=\"https:\/\/forseth.se\/?p=1145\" class=\"more-link\">Forts\u00e4tt l\u00e4sa<span class=\"screen-reader-text\"> \u201dTerrorister som vi skapat\u201d<\/span><\/a><\/p>\n","protected":false},"author":1,"featured_media":0,"comment_status":"closed","ping_status":"closed","sticky":false,"template":"","format":"standard","meta":{"footnotes":""},"categories":[1],"tags":[],"class_list":["post-1145","post","type-post","status-publish","format-standard","hentry","category-uncategorized"],"_links":{"self":[{"href":"https:\/\/forseth.se\/index.php?rest_route=\/wp\/v2\/posts\/1145","targetHints":{"allow":["GET"]}}],"collection":[{"href":"https:\/\/forseth.se\/index.php?rest_route=\/wp\/v2\/posts"}],"about":[{"href":"https:\/\/forseth.se\/index.php?rest_route=\/wp\/v2\/types\/post"}],"author":[{"embeddable":true,"href":"https:\/\/forseth.se\/index.php?rest_route=\/wp\/v2\/users\/1"}],"replies":[{"embeddable":true,"href":"https:\/\/forseth.se\/index.php?rest_route=%2Fwp%2Fv2%2Fcomments&post=1145"}],"version-history":[{"count":2,"href":"https:\/\/forseth.se\/index.php?rest_route=\/wp\/v2\/posts\/1145\/revisions"}],"predecessor-version":[{"id":1148,"href":"https:\/\/forseth.se\/index.php?rest_route=\/wp\/v2\/posts\/1145\/revisions\/1148"}],"wp:attachment":[{"href":"https:\/\/forseth.se\/index.php?rest_route=%2Fwp%2Fv2%2Fmedia&parent=1145"}],"wp:term":[{"taxonomy":"category","embeddable":true,"href":"https:\/\/forseth.se\/index.php?rest_route=%2Fwp%2Fv2%2Fcategories&post=1145"},{"taxonomy":"post_tag","embeddable":true,"href":"https:\/\/forseth.se\/index.php?rest_route=%2Fwp%2Fv2%2Ftags&post=1145"}],"curies":[{"name":"wp","href":"https:\/\/api.w.org\/{rel}","templated":true}]}}