{"id":1229,"date":"2018-12-04T15:31:28","date_gmt":"2018-12-04T14:31:28","guid":{"rendered":"https:\/\/forseth.se\/idet\/?p=1229"},"modified":"2018-12-04T15:37:57","modified_gmt":"2018-12-04T14:37:57","slug":"spratt-i-pennan","status":"publish","type":"post","link":"https:\/\/forseth.se\/?p=1229","title":{"rendered":"Spr\u00e4tt i pennan"},"content":{"rendered":"<p style=\"text-align: center;\"><span style=\"color: #800000;\">GLASSLOTTET<\/span><\/p>\n<p style=\"text-align: center;\"><span style=\"color: #800000;\"><img loading=\"lazy\" decoding=\"async\" class=\"aligncenter size-full wp-image-1230\" src=\"https:\/\/forseth.se\/idet\/wp-content\/uploads\/2018\/12\/Glasslottet-urtaget.gif\" alt=\"\" width=\"1000\" height=\"740\" \/><\/span><\/p>\n<h1 class=\"western\" align=\"center\"><strong><span style=\"font-family: Verdana Bold, sans-serif; color: #800000;\"><span style=\"font-size: 300%;\">Spr\u00e4tt i pennan<\/span><\/span><\/strong><\/h1>\n<h2 class=\"western\" align=\"center\"><strong><span style=\"font-family: Verdana, sans-serif; color: #800000;\"><span style=\"font-size: x-large;\"><span lang=\"sv-SE\">I julnumret av <\/span><span lang=\"sv-SE\"><i>Folket i Bild\/Kulturfront<\/i><\/span><span lang=\"sv-SE\"> finns en intervju med en gruvarbetare, gjord av undertecknad. \u00bbDu har spr\u00e4tt i pennan\u00ab, tyckte redaktionen <\/span><span lang=\"sv-SE\">om manuset<\/span><span lang=\"sv-SE\">.<\/span><\/span><\/span><\/strong><\/h2>\n<p class=\"western\" align=\"center\">\n<p align=\"center\"><img loading=\"lazy\" decoding=\"async\" class=\"aligncenter size-full wp-image-1233\" src=\"https:\/\/forseth.se\/idet\/wp-content\/uploads\/2018\/12\/Gaspenna.gif\" alt=\"\" width=\"1024\" height=\"83\" \/><\/p>\n<p class=\"western\" align=\"left\"><span style=\"font-family: Georgia, sans-serif; color: #800000;\"><span style=\"font-size: large;\">N\u00e4r man inviger ett palats, en domkyrka eller ett stadshus \u00e4r vipparna det viktigaste kapital man just d\u00e5 som v\u00e4rd har <i>(vip = very important person).<\/i> S\u00e5dana tappar man f\u00f6rst\u00e5s inte bort. D\u00e5 skulle det ju bli ett luftslott av glasslottet.<\/span><\/span><\/p>\n<p class=\"western\" align=\"left\"><span style=\"font-family: Georgia, sans-serif; color: #800000;\"><span style=\"font-size: large;\">Skulle det \u00e4nd\u00e5 ske och det d\u00e5 h\u00e4nde i det v\u00e5dligaste kungarike, skulle huvuden rulla \u2013 m\u00f6jligen andra huvuden \u00e4n de skyldiga till fad\u00e4sen. I mindre v\u00e5dliga men handfasta riken skulle avskedanden omedelbart bli f\u00f6ljden, \u00e4ven om inte heller d\u00e5 de drabbade n\u00f6dv\u00e4ndigtvis skulle vara de skyldiga. I lilla Sverige skulle vi s\u00f6ka syndabockar, som skulle f\u00e5 sk\u00e4mmas.<\/span><\/span><\/p>\n<p class=\"western\" align=\"left\"><span style=\"font-family: Georgia, sans-serif; color: #800000;\"><span style=\"font-size: large;\">Ty man tappar bara inte bort vippar vid tillf\u00e4llen d\u00e5 v\u00e4rden ska sola sig i glansen fr\u00e5n dem. Inbjudningslistor g\u00e5r genom flera h\u00e4nder och ses av flera par \u00f6gon, och mer \u00e4n en person skulle k\u00e4nna, att n\u00e5got saknades \u2013 n\u00e5got eller n\u00e5gon som liksom bara borde vara d\u00e4r. Och till slut skulle det komma fram: \u00bb\u00d6, jag kan inte se att n\u00e5gon formell inbjudan g\u00e5tt till Konungen\u00ab.<\/span><\/span><\/p>\n<p class=\"western\" align=\"left\"><span style=\"font-family: Georgia, sans-serif; color: #800000;\"><span style=\"font-size: large;\">Nej, det skulle inte ske. Vi inom allmogen skulle aldrig f\u00e5 h\u00f6ra talas om, att n\u00e5got s\u00e5dant kanske varit p\u00e5 v\u00e4g att ske.<\/span><\/span><\/p>\n<p class=\"western\" align=\"left\"><span style=\"font-family: Georgia, sans-serif; color: #800000;\"><span style=\"font-size: large;\">Nu var det inte Konungen utan den statliga myndigheten Sametingets ordf\u00f6rande, som inte blev inbjuden till invigningen av Kirunas nya stadshus. Det som inte kunde h\u00e4nda h\u00e4nde allts\u00e5.<\/span><\/span><\/p>\n<p class=\"western\" align=\"left\"><span style=\"font-family: Georgia, sans-serif; color: #800000;\"><span style=\"font-size: large;\">Borde nu kommuntj\u00e4nstem\u00e4nnen st\u00e4llas inf\u00f6r r\u00e4fst- och r\u00e4ttarting? Det tycker jag inte. Att s\u00f6ka syndabock vore att f\u00f6r\u00f6dmjuka hela kommunen. F\u00f6r det \u00e4r inte n\u00e5gon enskilds skuld \u2013 detta kunde h\u00e4nda, d\u00e4rf\u00f6r att dessa vippar inte var vippar som gruvchefer eller ministrar. Samefolket \u00e4r guld v\u00e4rt f\u00f6r turistbranschen, men v\u00e4nder man sig \u00e5t n\u00e5got annat h\u00e5ll, \u00e4r samerna redan gl\u00f6mda.<\/span><\/span><\/p>\n<p class=\"western\" align=\"left\"><span style=\"font-family: Georgia, sans-serif; color: #800000;\"><span style=\"font-size: large;\">Det \u00e4r s\u00e5dant som kallas strukturellt. Det ligger inbyggt i samh\u00e4llskulturen, inte i enskilda. Kiruna f\u00e5r nog se sig i m\u00e5nen efter den v\u00e4ntade parlamentsbyggnaden \u00e5t Sametinget, fruktar jag.<\/span><\/span><\/p>\n<p class=\"western\" align=\"left\"><span style=\"font-family: Georgia, sans-serif; color: #800000;\"><span style=\"font-size: large;\">\u00c4r d\u00e5 Kirunas nya stadshus ett luftslott som ser ut som ett guldslott? \u2013 Nej, luftslott \u00e4r det definitivt inte, det st\u00e5r d\u00e4r gyllengl\u00e4nsande och har l\u00e4nskonstmuseet inom sig, till en del lulebors f\u00f6rbittring. M\u00f6jligen kan den anm\u00e4rkningsv\u00e4rda h\u00e4ndelsen leda tankarna till glasslott, som man inte b\u00f6r kasta sten i, om man vill beh\u00e5lla f\u00f6rtroendet fr\u00e5n alla sina folkgrupper.<\/span><\/span><\/p>\n<p class=\"western\" align=\"left\"><span style=\"font-family: Georgia, sans-serif; color: #800000;\"><span style=\"font-size: large;\">F\u00f6r undertecknad \u00e4r glasslott ett ord i n\u00e5got tales\u00e4tt, men trots flera b\u00f6cker om s\u00e5dana i min bokhylla och trots Google och Bing finner jag inte n\u00e5got. \u00bbSom ett glasslott i aprilskyn\u00ab uttrycker sig bloggaren <i>Isabella<\/i> och l\u00e5ter d\u00e5 ungef\u00e4r som m\u00e5ngbarnsfadern i filmen <i>Glasslottet<\/i> (2017), den evige r\u00e4ttshaveristen som f\u00f6r att undkomma tjyvsamh\u00e4llets p\u00e5lagor och polisen flyttar med sin familj fr\u00e5n det ena st\u00e4llet till det andra och d\u00e4rvid smiter fr\u00e5n hyran. Han trollbinder barnen med de mest fantastiska historier och i nyktert tillst\u00e5nd l\u00e4r han dem allt om fysik och geografi och att frimodigt leva sina liv. Ett ruckel att flytta in i kan d\u00e5 bli till ett glasslott.<\/span><\/span><\/p>\n<p class=\"western\" align=\"left\"><span style=\"font-family: Georgia, sans-serif; color: #800000;\"><span style=\"font-size: large;\">L\u00e5ter det charmigt? Tja, fattigdom \u00e4r v\u00e4l p\u00e5 bioduken stundom kittlande att f\u00f6lja f\u00f6r en publik som har sitt p\u00e5 det torra. Just i dagarna talas det i den verkliga v\u00e4rlden om omfattande svensk fattigdom, n\u00e5got som min generation v\u00e4xte upp med som n\u00e5got avskaffat. Men nu \u00e4r den tillbaka, fattigdomen \u2013 hur har vi till\u00e5tit det att ske?<\/span><\/span><\/p>\n<p class=\"western\" align=\"left\"><span style=\"font-family: Georgia, sans-serif; color: #800000;\"><span style=\"font-size: large;\">N\u00e5, ett av de fattiga barnen i ovan n\u00e4mnda familj, <i>Jeannette Walls,<\/i> har vuxit upp och ber\u00e4ttat om sin charmiga uppv\u00e4xt i en bok, <i>Glasslottet<\/i><i>.<\/i><\/span><\/span><\/p>\n<p class=\"western\" style=\"padding-left: 30px;\" align=\"left\"><span style=\"font-family: Georgia, sans-serif; color: #800000;\"><span style=\"font-size: large;\">Inom parentes: antagligen har alla barnen vuxit upp; det \u00e4r inte fr\u00e5ga om en thriller med en pappa som sl\u00e5r ihj\u00e4l sina ungar men r\u00e5kar missa en, som sedan l\u00e4cker.<\/span><\/span><\/p>\n<p class=\"western\" align=\"left\"><span style=\"font-family: Georgia, sans-serif; color: #800000;\"><span style=\"font-size: large;\">Och boken har blivit film, en som filmstudion nu p\u00e5 torsdag visar. Och inte \u00e4r det heller den f\u00f6rsta filmen om m\u00e4rkliga f\u00e4der. F\u00f6r ett \u00e5r sedan visade filmstudion <i>Captain Fantastic, en annorlunda pappa<\/i> (2016), s\u00e5 publiken torde vara beredd p\u00e5 saker som \u00e4r annorlunda. En fantastisk pappa hade ocks\u00e5 <i>\u00c5sa Linderborg<\/i> i <i>Mig \u00e4ger ingen<\/i> (2013), och n\u00e4sta vecka kommer en dominerande pappa, bunden av traditioner, att skicka iv\u00e4g sin i Norge uppvuxna dotter till tv\u00e5ngs\u00e4ktenskap i Pakistan i <i>Vad ska folk s\u00e4ga<\/i> (2017). Den pappan spelas av <i>Adil Hussain,<\/i> Linderborgs far av <i>Mikael Persbrandt,<\/i> kapten Fantastic av <i>Viggo Mortensen<\/i> och Walls fader denna vecka av <i>Woody Harrelson.<\/i> Pappans \u00f6mma hustru spelas av <i>Naomi Watts<\/i> och dottern som l\u00e4ckt hela familjehistorien, Jeannette Walls sj\u00e4lv, av <i>Brie Larson.<\/i><\/span><\/span><\/p>\n<p class=\"western\" align=\"right\"><em><span style=\"font-family: Verdana Italic, sans-serif; color: #800000;\"><span style=\"font-size: medium;\">En id\u00e9 i idet av Bj\u00f6rn Forseth<\/span><\/span><\/em><\/p>\n","protected":false},"excerpt":{"rendered":"<p>GLASSLOTTET Spr\u00e4tt i pennan I julnumret av Folket i Bild\/Kulturfront finns en intervju med en gruvarbetare, gjord av undertecknad. \u00bbDu har spr\u00e4tt i pennan\u00ab, tyckte redaktionen om manuset. N\u00e4r man inviger ett palats, en domkyrka eller ett stadshus \u00e4r vipparna det viktigaste kapital man just d\u00e5 som v\u00e4rd har (vip = very important person). S\u00e5dana &hellip; <\/p>\n<p class=\"link-more\"><a href=\"https:\/\/forseth.se\/?p=1229\" class=\"more-link\">Forts\u00e4tt l\u00e4sa<span class=\"screen-reader-text\"> \u201dSpr\u00e4tt i pennan\u201d<\/span><\/a><\/p>\n","protected":false},"author":1,"featured_media":0,"comment_status":"closed","ping_status":"closed","sticky":false,"template":"","format":"standard","meta":{"footnotes":""},"categories":[1],"tags":[],"class_list":["post-1229","post","type-post","status-publish","format-standard","hentry","category-uncategorized"],"_links":{"self":[{"href":"https:\/\/forseth.se\/index.php?rest_route=\/wp\/v2\/posts\/1229","targetHints":{"allow":["GET"]}}],"collection":[{"href":"https:\/\/forseth.se\/index.php?rest_route=\/wp\/v2\/posts"}],"about":[{"href":"https:\/\/forseth.se\/index.php?rest_route=\/wp\/v2\/types\/post"}],"author":[{"embeddable":true,"href":"https:\/\/forseth.se\/index.php?rest_route=\/wp\/v2\/users\/1"}],"replies":[{"embeddable":true,"href":"https:\/\/forseth.se\/index.php?rest_route=%2Fwp%2Fv2%2Fcomments&post=1229"}],"version-history":[{"count":4,"href":"https:\/\/forseth.se\/index.php?rest_route=\/wp\/v2\/posts\/1229\/revisions"}],"predecessor-version":[{"id":1236,"href":"https:\/\/forseth.se\/index.php?rest_route=\/wp\/v2\/posts\/1229\/revisions\/1236"}],"wp:attachment":[{"href":"https:\/\/forseth.se\/index.php?rest_route=%2Fwp%2Fv2%2Fmedia&parent=1229"}],"wp:term":[{"taxonomy":"category","embeddable":true,"href":"https:\/\/forseth.se\/index.php?rest_route=%2Fwp%2Fv2%2Fcategories&post=1229"},{"taxonomy":"post_tag","embeddable":true,"href":"https:\/\/forseth.se\/index.php?rest_route=%2Fwp%2Fv2%2Ftags&post=1229"}],"curies":[{"name":"wp","href":"https:\/\/api.w.org\/{rel}","templated":true}]}}