{"id":1242,"date":"2018-12-18T20:46:55","date_gmt":"2018-12-18T19:46:55","guid":{"rendered":"https:\/\/forseth.se\/idet\/?p=1242"},"modified":"2018-12-18T20:55:56","modified_gmt":"2018-12-18T19:55:56","slug":"ovett-och-sjovett","status":"publish","type":"post","link":"https:\/\/forseth.se\/?p=1242","title":{"rendered":"Ovett och sj\u00f6vett"},"content":{"rendered":"<p style=\"text-align: center;\"><span style=\"color: #800000;\">ATT ANG\u00d6RA EN BRYGGA<\/span><\/p>\n<p style=\"text-align: center;\"><span style=\"color: #800000;\"><img loading=\"lazy\" decoding=\"async\" class=\"aligncenter size-full wp-image-1243\" src=\"https:\/\/forseth.se\/idet\/wp-content\/uploads\/2018\/12\/Att-angoera-en-brygga.jpeg\" alt=\"\" width=\"1000\" height=\"563\" srcset=\"https:\/\/forseth.se\/wp-content\/uploads\/2018\/12\/Att-angoera-en-brygga.jpeg 1000w, https:\/\/forseth.se\/wp-content\/uploads\/2018\/12\/Att-angoera-en-brygga-300x169.jpeg 300w, https:\/\/forseth.se\/wp-content\/uploads\/2018\/12\/Att-angoera-en-brygga-768x432.jpeg 768w\" sizes=\"auto, (max-width: 767px) 89vw, (max-width: 1000px) 54vw, (max-width: 1071px) 543px, 580px\" \/><\/span><\/p>\n<h1 class=\"western\" align=\"center\"><strong><span style=\"font-family: Verdana Bold, sans-serif; color: #800000;\"><span style=\"font-size: 300%;\">Ovett och sj\u00f6vett<\/span><\/span><\/strong><\/h1>\n<h2 class=\"western\" align=\"center\"><strong><span style=\"font-family: Verdana Bold Italic, sans-serif; color: #800000;\"><span style=\"font-size: x-large;\">Man ang\u00f6r inte en brygga. Att ett fartyg ang\u00f6r en hamn eller fyr inneb\u00e4r, att det siktar dem. Fartyget beh\u00f6ver inte stanna till. En brygga <u>l\u00e4gger man till<\/u> vid, s\u00e5 det s\u00e5!<\/span><\/span><\/strong><\/h2>\n<p class=\"western\" align=\"left\"><span style=\"font-family: Georgia, sans-serif; color: #800000;\"><span style=\"font-size: large;\">Vid 01-tiden natten mot s\u00f6ndagen den andra december i N\u00e5dens \u00e5r 2018 uppt\u00e4cks tv\u00e5 intr\u00e4nglingar p\u00e5 \u00f6rlogsbasen p\u00e5 Musk\u00f6, d\u00e4r de inte f\u00e5r vara. Inte ens obeh\u00f6riga svenskar f\u00e5r g\u00e5 in p\u00e5 skyddsomr\u00e5den. <span style=\"font-family: Sueca Text, georgia, serif;\"><i>Vid omh\u00e4ndertagandet har skyddsvakten skjutit varningsskott p\u00e5 grund av att individerna inte agerat enligt skyddsvaktens direktiv, s\u00e4ger Magnus Jirlind, vakthavande kommunikat\u00f6r vid F\u00f6rsvarsmakten, till TT.<\/i><\/span><\/span><\/span><\/p>\n<p class=\"western\" align=\"left\"><span style=\"font-family: Georgia, sans-serif; color: #800000;\"><span style=\"font-size: large;\"><span style=\"font-family: Sueca Text, georgia, serif;\">\u00c5klagaren <\/span><span style=\"font-family: Sueca Text, georgia, serif;\"><i>har beg\u00e4rt de h\u00e4r tv\u00e5 personerna h\u00e4ktade, p\u00e5 sannolika sk\u00e4l misst\u00e4nkta f\u00f6r otillb\u00f6rligt tilltr\u00e4de till skyddsobjekt, s\u00e4ger kommunikationsdirekt\u00f6r Karin Rosander<\/i><\/span><span style=\"font-family: Sueca Text, georgia, serif;\"> tv\u00e5 dagar senare, och den 5 december h\u00e4ktas verkligen ryssen och vitryssen (b\u00e4gge i trettio\u00e5rs\u00e5ldern), misst\u00e4nkta f\u00f6r att ha tagit sig in p\u00e5 basen mer \u00e4n en g\u00e5ng mellan 30 november och 2 december.<\/span><\/span><\/span><\/p>\n<p class=\"western\" align=\"left\"><span style=\"font-family: Georgia, sans-serif; color: #800000;\"><span style=\"font-size: large;\"><span style=\"font-family: Sueca Text, georgia, serif;\">Sedan h\u00f6rs <\/span><span style=\"font-family: Sueca Text, georgia, serif;\">p\u00e5 tio l\u00e5nga dagar <\/span><span style=\"font-family: Sueca Text, georgia, serif;\">inte mycket i massmedia \u2013 f\u00f6r<\/span><span style=\"font-family: Sueca Text, georgia, serif;\">st<\/span><span style=\"font-family: Sueca Text, georgia, serif;\"> i l\u00f6rdags den 15 december <\/span><span style=\"font-family: Sueca Text, georgia, serif;\">kom<\/span><span style=\"font-family: Sueca Text, georgia, serif;\">mer<\/span> <span style=\"font-family: Sueca Text, georgia, serif;\">SVT Nyheter<\/span> <span style=\"font-family: Sueca Text, georgia, serif;\">med<\/span> <span style=\"font-family: Sueca Text, georgia, serif;\"><i>Utesluten advokat f\u00f6rsvarar misst\u00e4nkt f\u00f6r Musk\u00f6-intr\u00e5ng \u2013 upp till domstol om hon kan forts\u00e4tta.<\/i><\/span><span style=\"font-family: Sueca Text, georgia, serif;\"> Den egendomliga svenskan i rubriken torde inneb\u00e4ra, att en domstol ska ta st\u00e4llning till, om advokaten f\u00e5r ta uppdraget. Hon ska visst ha f\u00f6rfalskat fullmakter f\u00f6r att f\u00e5 det \u2013 men det \u00e4r en annan historia.<\/span><\/span><\/span><\/p>\n<p class=\"western\" style=\"padding-left: 30px;\" align=\"left\"><span style=\"font-family: Georgia, sans-serif; color: #800000;\"><span style=\"font-size: large;\"><span style=\"font-family: Sueca Text, georgia, serif;\">\u00bb<\/span><span style=\"font-family: Sueca Text, georgia, serif;\">Den egendomliga svenskan\u00ab h\u00e4r ovan syftar inte p\u00e5 \u00bbhon\u00ab \u2013 det vill s\u00e4ga den uteslutna advokaten \u2013 utan p\u00e5 svenska spr\u00e5ket i satsen \u00bbupp till domstol om hon kan forts\u00e4tta\u00ab. Den var ju sv\u00e5rbegriplig. Och inte gjorde undertecknad det l\u00e4ttare med formuleringen om svenskan,<\/span><span style=\"font-family: Sueca Text, georgia, serif;\"> om n\u00e5gon f\u00f6rst\u00e5r vad jag menar.<\/span><\/span><\/span><\/p>\n<p class=\"western\" align=\"left\"><span style=\"font-family: Georgia, sans-serif; color: #800000;\"><span style=\"font-size: large;\"><span style=\"font-family: Sueca Text, georgia, serif;\">Men \u00e5ter till saken. D<\/span><span style=\"font-family: Sueca Text, georgia, serif;\">et m\u00e4rkliga \u00e4r <\/span><span style=\"font-family: Sueca Text, georgia, serif;\">nu<\/span><span style=\"font-family: Sueca Text, georgia, serif;\">, att artikeln inte finns <\/span><span style=\"font-family: Sueca Text, georgia, serif;\">kvar <\/span><span style=\"font-family: Sueca Text, georgia, serif;\">p\u00e5 SVT Nyheters hemsida dagen efter.<\/span><\/span><\/span><\/p>\n<p class=\"western\" align=\"left\"><span style=\"font-family: Georgia, sans-serif; color: #800000;\"><span style=\"font-size: large;\"><span style=\"font-family: Sueca Text, georgia, serif;\">De tio dagarnas tystnad \u00e4r l\u00e5ng nog att v\u00e4cka misstankar hos personer med fallenhet f\u00f6r konspirationsteorier. Att en till sist ny artikel bara f\u00f6rsvinner g\u00f6r inte saken b\u00e4ttre. <\/span><span style=\"font-family: Sueca Text, georgia, serif;\">Och den 16 december omh\u00e4ndertas <\/span><span style=\"font-family: Sueca Text, georgia, serif;\">\u00e4nnu <\/span><span style=\"font-family: Sueca Text, georgia, serif;\">en person f\u00f6r intr\u00e5ng p\u00e5 skyddsobjekt, <\/span><span style=\"font-family: Sueca Text, georgia, serif;\">den h\u00e4r g\u00e5ngen<\/span><span style=\"font-family: Sueca Text, georgia, serif;\"> i B\u00e5lsta.<\/span> <span style=\"font-family: Sueca Text, georgia, serif;\"><i>Ska ryssarna<\/i><\/span><span style=\"font-family: Sueca Text, georgia, serif;\"> (vanliga, vita eller lillryssar) <\/span><span style=\"font-family: Sueca Text, georgia, serif;\"><i>verkligen f\u00e5 h\u00e5lla p\u00e5 p\u00e5 v\u00e5ra skyddsobjekt?<\/i><\/span><\/span><\/span><\/p>\n<p class=\"western\" style=\"padding-left: 30px;\" align=\"left\"><span style=\"font-family: Georgia, sans-serif; color: #800000;\"><span style=\"font-size: large;\"><span style=\"font-family: Sueca Text, georgia, serif;\">Barnspr\u00e5k. Mellanstadiets Stina klagar hos fr\u00f6ken p\u00e5 mellanstadiets Sture: \u00bbFr\u00f6ken, han h\u00e5ller p\u00e5!\u00ab. D<\/span><span style=\"font-family: Sueca Text, georgia, serif;\">et ska r\u00e4cka <\/span><span style=\"font-family: Sueca Text, georgia, serif;\">som f\u00f6rklaring<\/span><span style=\"font-family: Sueca Text, georgia, serif;\">.<\/span><\/span><\/span><\/p>\n<p class=\"western\" align=\"left\"><span style=\"color: #800000;\"><span style=\"font-family: Sueca Text, georgia, serif;\"><span style=\"font-size: large;\">I skrivande stund, tisdagen den 18 december, meddelar Sveriges Radio, att B\u00e5lstamannen <\/span><\/span><span style=\"font-family: Sueca Text, georgia, serif;\"><span style=\"font-size: large;\">\u00e4r<\/span><\/span> <span style=\"font-family: Sueca Text, georgia, serif;\"><span style=\"font-size: large;\"><i>en person som var ute och tr\u00e4nade och som passerade in p\u00e5 skyddsobjektets omr\u00e5de,<\/i><\/span><\/span><span style=\"font-family: Sueca Text, georgia, serif;\"><span style=\"font-size: large;\"> vilket l\u00e5ter betryggande. Ingen ryss, allts\u00e5. Fast: <\/span><\/span><span style=\"font-family: Sueca Text, georgia, serif;\"><span style=\"font-size: large;\"><i>Tidigare i h\u00f6stas beg\u00e4rdes en utl\u00e4ndsk medborgare\u00a0h\u00e4ktad p\u00e5 sannolika sk\u00e4l misst\u00e4nkt f\u00f6r olovlig avbildning av ett skyddsobjekt i samma omr\u00e5de<\/i><\/span><\/span><span style=\"font-family: Sueca Text, georgia, serif;\"><span style=\"font-size: large;\"><i>.<\/i><\/span><\/span><span style=\"font-family: Sueca Text, georgia, serif;\"><span style=\"font-size: large;\"> Och ryssar \u00e4r ju k\u00e4nda f\u00f6r att vara bra bildkonstn\u00e4rer, det <\/span><\/span><span style=\"font-family: Sueca Text, georgia, serif;\"><span style=\"font-size: large;\">har<\/span><\/span><span style=\"font-family: Sueca Text, georgia, serif;\"><span style=\"font-size: large;\"> man ju <\/span><\/span><span style=\"font-family: Sueca Text, georgia, serif;\"><span style=\"font-size: large;\">h\u00f6rt<\/span><\/span><span style=\"font-family: Sueca Text, georgia, serif;\"><span style=\"font-size: large;\">.<\/span><\/span><\/span><\/p>\n<p class=\"western\" align=\"left\"><span style=\"font-family: Georgia, sans-serif; color: #800000;\"><span style=\"font-size: large;\"><span style=\"font-family: Sueca Text, georgia, serif;\">Men f<\/span><span style=\"font-family: Sueca Text, georgia, serif;\">\u00f6r att nu s\u00e4tta f\u00e4rg och form p\u00e5 en konspiratorisk tanke, s\u00e5 har jag <\/span><span style=\"font-family: Sueca Text, georgia, serif;\">i ovanst\u00e5ende redog\u00f6relse <\/span><span style=\"font-family: Sueca Text, georgia, serif;\">givit de l\u00f6mska typerna fel f\u00e4rg. Av de tv\u00e5 <\/span><span style=\"font-family: Sueca Text, georgia, serif;\">k\u00e4nda <\/span><span style=\"font-family: Sueca Text, georgia, serif;\">\u00e4r den ene britt och den andre belgier, inte n\u00e5got annat. Nu ska vi <\/span><span style=\"font-family: Sueca Text, georgia, serif;\">vara uppm\u00e4rksamma p\u00e5<\/span><span style=\"font-family: Sueca Text, georgia, serif;\">, om de nationaliteterna f\u00e5r \u00bbh\u00e5lla p\u00e5\u00ab. <\/span><span style=\"font-family: Sueca Text, georgia, serif;\">Kommer<\/span><span style=\"font-family: Sueca Text, georgia, serif;\"> v\u00e5ra massmedier <\/span><span style=\"font-family: Sueca Text, georgia, serif;\">att ligga i<\/span><span style=\"font-family: Sueca Text, georgia, serif;\"> som iglar i <\/span><span style=\"font-family: Sueca Text, georgia, serif;\">niv\u00e5<\/span><span style=\"font-family: Sueca Text, georgia, serif;\"> med hur de gjorde med ub\u00e5tsrapporterna f\u00f6r att f\u00f6lja h\u00e4ndelsernas vidare utveckling? \u2013 Om inte, s\u00e5 f\u00e5r enskilda journalister med huvudet p\u00e5 skaft anledning att b\u00f6rja gr\u00e4va.<\/span><\/span><\/span><\/p>\n<p class=\"western\" align=\"left\"><span style=\"font-family: Georgia, sans-serif; color: #800000;\"><span style=\"font-size: large;\"><span style=\"font-family: Sueca Text, georgia, serif;\">Som synes kan filmkr\u00f6nikor<\/span><span style=\"font-family: Sueca Text, georgia, serif;\">na<\/span><span style=\"font-family: Sueca Text, georgia, serif;\"> i Idet vara h\u00f6gst egna. Ovanst\u00e5ende \u00e4r ju ingen film, om nu n\u00e5gon undrat om det egentligen inte var s\u00e5 det var t\u00e4nkt. Nej, det <\/span><span style=\"font-family: Sueca Text, georgia, serif;\">\u00e4r<\/span><span style=\"font-family: Sueca Text, georgia, serif;\"> verklighet men skull<\/span><span style=\"font-family: Sueca Text, georgia, serif;\">e<\/span><span style=\"font-family: Sueca Text, georgia, serif;\"> avgjort platsa i ett filmmanus. D\u00e5 blir det ryssar av intr\u00e4nglingarna, hur skulle man annars f\u00e5 filmen distribuerad?<\/span><\/span><\/span><\/p>\n<p class=\"western\" align=\"left\"><span style=\"font-family: Georgia, sans-serif; color: #800000;\"><span style=\"font-size: large;\"><span style=\"font-family: Sueca Text, georgia, serif;\">D\u00e4remot var film p\u00e5 tapeten i Sisu-radios program Huomenta, Ruotsi! i morse. De har alltid en liten t\u00e4vling just n\u00e4r jag ska g\u00e5 in i duschen och jag missar den d\u00e4rf\u00f6r ofta. Ett par g\u00e5nger har jag vunnit en Sisu-luva, och ett par g\u00e5nger har jag till synes vunnit, <\/span><span style=\"font-family: Sueca Text, georgia, serif;\">men<\/span><span style=\"font-family: Sueca Text, georgia, serif;\"> de har inte n\u00e5tt mig p\u00e5 telefon, <\/span><span style=\"font-family: Sueca Text, georgia, serif;\">d\u00e5 d<\/span><span style=\"font-family: Sueca Text, georgia, serif;\">et strila<\/span><span style=\"font-family: Sueca Text, georgia, serif;\">t<\/span><span style=\"font-family: Sueca Text, georgia, serif;\"> f\u00f6r mycket. Alltnog \u2013 i morse fr\u00e5gade de, vad den fj\u00e4rde filmen i den finl\u00e4ndska deckarserien <\/span><span style=\"font-family: Sueca Text, georgia, serif;\"><i>Kommissarie Palmu<\/i><\/span><span style=\"font-family: Sueca Text, georgia, serif;\"> hette. N\u00e4mnda figur har den store finske f\u00f6rfattaren <\/span><span style=\"font-family: Sueca Text, georgia, serif;\"><i>Mika Waltari<\/i><\/span><span style=\"font-family: Sueca Text, georgia, serif;\"> som upphovsman, och de tre f\u00f6rsta filmerna gick p\u00e5 SVT i min ungdom (d\u00e5 det hette Sveriges Radio TV):<\/span><\/span><\/span><\/p>\n<p class=\"western\" align=\"center\"><span style=\"font-family: Georgia, sans-serif; color: #800000;\"><span style=\"font-size: large;\"><i><span style=\"font-family: Sueca Text, georgia, serif;\">Mysteriet Rygseck, kommissarie Palmu<\/span><\/i><span style=\"font-family: Sueca Text, georgia, serif;\"> (1960)<\/span><\/span><\/span><\/p>\n<p class=\"western\" align=\"center\"><span style=\"font-family: Georgia, sans-serif; color: #800000;\"><span style=\"font-size: large;\"><i><span style=\"font-family: Sueca Text, georgia, serif;\">Gas, kommissarie Palmu!<\/span><\/i><span style=\"font-family: Sueca Text, georgia, serif;\"> (1961)<\/span><\/span><\/span><\/p>\n<p class=\"western\" align=\"center\"><span style=\"font-family: Georgia, sans-serif; color: #800000;\"><span style=\"font-size: large;\"><i><span style=\"font-family: Sueca Text, georgia, serif;\">Stj\u00e4rnorna, kommissarie Palmu, stj\u00e4rnorna\u2026<\/span><\/i><span style=\"font-family: Sueca Text, georgia, serif;\"> (1962)<\/span><\/span><\/span><\/p>\n<p class=\"western\" align=\"left\"><span style=\"font-family: Georgia, sans-serif; color: #800000;\"><span style=\"font-size: large;\"><span style=\"font-family: Sueca Text, georgia, serif;\">Den fj\u00e4rde s\u00e5g jag p\u00e5 finsk teve. Den var i f\u00e4rg och var halvsovjetisk:<\/span><\/span><\/span><\/p>\n<p class=\"western\" align=\"center\"><span style=\"font-family: Georgia, sans-serif; color: #800000;\"><span style=\"font-size: large;\"><i><span style=\"font-family: Sueca Text, georgia, serif;\">Vodka, kommissarie Palmu<\/span><\/i><span style=\"font-family: Sueca Text, georgia, serif;\"> (1969)<\/span><\/span><\/span><\/p>\n<p class=\"western\" align=\"left\"><span style=\"font-family: Georgia, sans-serif; color: #800000;\"><span style=\"font-size: large;\"><span style=\"font-family: Sueca Text, georgia, serif;\">Av \u00e5rtalet att d\u00f6ma kan man kalla den filmen ett sladdbarn. Sju \u00e5r ha<\/span><span style=\"font-family: Sueca Text, georgia, serif;\">r<\/span><span style=\"font-family: Sueca Text, georgia, serif;\"> g\u00e5tt, och s\u00e5 kommer en ny \u2013 nu i f\u00e4rg! \u2013 och d\u00e4r kommissarien <\/span><span style=\"font-family: Sueca Text, georgia, serif;\">\u00e4r pensionerad och<\/span><span style=\"font-family: Sueca Text, georgia, serif;\"> g\u00e5r som assistent till <\/span><span style=\"font-family: Sueca Text, georgia, serif;\">sin egen <\/span><span style=\"font-family: Sueca Text, georgia, serif;\">assistent <\/span><span style=\"font-family: Sueca Text, georgia, serif;\">i<\/span><span style=\"font-family: Sueca Text, georgia, serif;\"> de tidigare filmerna, en <\/span><span style=\"font-family: Sueca Text, georgia, serif;\">man med<\/span><span style=\"font-family: Sueca Text, georgia, serif;\"> n\u00e5got enfaldig sida. <\/span><span style=\"font-family: Sueca Text, georgia, serif;\">Det uppv\u00e4gs av att den sovjetiska kvinnliga agenten \u00e4r i klass med James Bond \u2013 eller miss Moneypenny.<\/span><\/span><\/span><\/p>\n<p class=\"western\" align=\"left\"><span style=\"font-family: Georgia, sans-serif; color: #800000;\"><span style=\"font-size: large;\"><span style=\"font-family: Sueca Text, georgia, serif;\">Hur som haver \u2013 nu vann jag igen och blev uppringd och intervjuad i direkts\u00e4ndning p\u00e5 finska. Det hade nog varit b\u00e4ttre, om jag inte hade vunnit.<\/span><\/span><\/span><\/p>\n<p class=\"western\" align=\"left\"><span style=\"font-family: Georgia, sans-serif; color: #800000;\"><span style=\"font-size: large;\"><span style=\"font-family: Sueca Text, georgia, serif;\">Nu f\u00f6rv\u00e4ntar sig v\u00e4l den julst\u00e4mda l\u00e4saren, att s\u00e4songens sista film i filmstudion nu p\u00e5 torsdag ska handla om kommissarie Palmu. F\u00f6r julk\u00e4nslans skull d\u00e5 \u00bbStj\u00e4rnorna\u2026\u00ab eller m\u00f6jligen \u00bbVodka\u2026\u00ab beroende p\u00e5 hur man brukar uppleva dopparedagen. Men s\u00e5 enkelt \u00e4r det inte, dock ska det vara roligt s\u00e5 n\u00e4ra jul. D\u00e4rf\u00f6r visar filmstudion en riktig komediklassiker av AB Svenska ord: <\/span><i><span style=\"font-family: Sueca Text, georgia, serif;\">Att ang\u00f6ra en brygga<\/span><\/i><span style=\"font-family: Sueca Text, georgia, serif;\"> fr\u00e5n 196<\/span><span style=\"font-family: Sueca Text, georgia, serif;\">5. Samma tidsperiod som kommissariefilmerna, i alla fall.<\/span><\/span><\/span><\/p>\n<p class=\"western\" style=\"padding-left: 30px;\" align=\"left\"><span style=\"font-family: Georgia, sans-serif; color: #800000;\"><span style=\"font-size: large;\"><span style=\"font-family: Sueca Text, georgia, serif;\">En till f\u00f6rn\u00e4m man f\u00f6rkl\u00e4dd lodis med krycka s\u00e4tter sig p\u00e5 en stockholmsk kaj f\u00f6r att inta en <\/span><span style=\"font-family: Sueca Text, georgia, serif;\">i tidningspapper inslagen <\/span><span style=\"font-family: Sueca Text, georgia, serif;\">enkel m\u00e5ltid, d\u00e5 han f\u00e5r syn p\u00e5 en i vattnet guppande flaska inneh\u00e5llande n\u00e5got. Med beundransv\u00e4rd vighet fiskar han upp flaskan, \u00f6ppnar densamma och finner d\u00e4ri ett h\u00e5rresande n\u00f6drop, som genast f\u00e5r honom p\u00e5 f\u00f6tter utan k\u00e4pp p\u00e5 jakt efter n\u00e4rmaste polisbil i den v\u00e4nsterk\u00f6rande trafiken.<\/span><\/span><\/span><\/p>\n<p class=\"western\" align=\"left\"><span style=\"font-family: Georgia, sans-serif; color: #800000;\"><span style=\"font-size: large;\"><span style=\"font-family: Sueca Text, georgia, serif;\">D\u00e4r b\u00f6rjar en fars om en planera<\/span><span style=\"font-family: Sueca Text, georgia, serif;\">d<\/span><span style=\"font-family: Sueca Text, georgia, serif;\"> kr\u00e4ftskiva l\u00e5ngt ute p\u00e5 Ensamholmen i Stockholms sk\u00e4rg\u00e5rd (\u00e4ven om undertecknad kan sv\u00e4ra p\u00e5, att flaskposten fiskades upp ur M\u00e4laren). Och alla bolagarna \u00e4r med: <\/span><i><span style=\"font-family: Sueca Text, georgia, serif;\">Monica Zetterlund, Lars Ekborg<\/span><\/i><span style=\"font-family: Sueca Text, georgia, serif;\"> och <\/span><i><span style=\"font-family: Sueca Text, georgia, serif;\">G\u00f6sta Ekman<\/span><\/i><span style=\"font-family: Sueca Text, georgia, serif;\"> i v\u00e4ntan p\u00e5 g\u00e4sterna <\/span><i><span style=\"font-family: Sueca Text, georgia, serif;\">Birgitta Andersson, Hans Furuhagen<\/span><\/i><span style=\"font-family: Sueca Text, georgia, serif;\"> och <\/span><i><span style=\"font-family: Sueca Text, georgia, serif;\">Tage Danielsson<\/span><\/i><span style=\"font-family: Sueca Text, georgia, serif;\"> seglande mot \u00f6n i fr\u00e5ga, d\u00e4r den folkilskne fiskargubben Garbo <\/span><i><span style=\"font-family: Sueca Text, georgia, serif;\">(Hans Alfredsson)<\/span><\/i><span style=\"font-family: Sueca Text, georgia, serif;\"> \u00e4r ensam inv\u00e5nare med djup<\/span><span style=\"font-family: Sueca Text, georgia, serif;\">t k\u00e4nd<\/span><span style=\"font-family: Sueca Text, georgia, serif;\"> k\u00e4rlek till <\/span><i><span style=\"font-family: Sueca Text, georgia, serif;\">Esther Williams<\/span><\/i><span style=\"font-family: Sueca Text, georgia, serif;\"> och andra hollywoodska sk\u00f6nheter. Gubbdj\u00e4veln blir fatal f\u00f6r dem alla.<\/span><\/span><\/span><\/p>\n<p class=\"western\" align=\"left\"><span style=\"font-family: Georgia, sans-serif; color: #800000;\"><span style=\"font-size: large;\"><span style=\"font-family: Sueca Text, georgia, serif;\">Och med den trevliga s\u00e4songsavslutningen p\u00e5 Folkets hus nu p\u00e5 torsdag \u00e5terst\u00e5r bara att \u00f6nska God Helg, vilket ocks\u00e5 g\u00e4ller f\u00f6r dessa kr\u00f6nikor, tills det i januari b\u00e4r till igen.<\/span><\/span><\/span><\/p>\n<p class=\"western\" align=\"right\"><em><span style=\"font-family: Verdana Italic, sans-serif; color: #800000;\"><span style=\"font-size: medium;\">En id\u00e9 i idet av Bj\u00f6rn Forseth<\/span><\/span><\/em><\/p>\n","protected":false},"excerpt":{"rendered":"<p>ATT ANG\u00d6RA EN BRYGGA Ovett och sj\u00f6vett Man ang\u00f6r inte en brygga. Att ett fartyg ang\u00f6r en hamn eller fyr inneb\u00e4r, att det siktar dem. Fartyget beh\u00f6ver inte stanna till. En brygga l\u00e4gger man till vid, s\u00e5 det s\u00e5! Vid 01-tiden natten mot s\u00f6ndagen den andra december i N\u00e5dens \u00e5r 2018 uppt\u00e4cks tv\u00e5 intr\u00e4nglingar p\u00e5 &hellip; <\/p>\n<p class=\"link-more\"><a href=\"https:\/\/forseth.se\/?p=1242\" class=\"more-link\">Forts\u00e4tt l\u00e4sa<span class=\"screen-reader-text\"> \u201dOvett och sj\u00f6vett\u201d<\/span><\/a><\/p>\n","protected":false},"author":1,"featured_media":0,"comment_status":"closed","ping_status":"closed","sticky":false,"template":"","format":"standard","meta":{"footnotes":""},"categories":[1],"tags":[],"class_list":["post-1242","post","type-post","status-publish","format-standard","hentry","category-uncategorized"],"_links":{"self":[{"href":"https:\/\/forseth.se\/index.php?rest_route=\/wp\/v2\/posts\/1242","targetHints":{"allow":["GET"]}}],"collection":[{"href":"https:\/\/forseth.se\/index.php?rest_route=\/wp\/v2\/posts"}],"about":[{"href":"https:\/\/forseth.se\/index.php?rest_route=\/wp\/v2\/types\/post"}],"author":[{"embeddable":true,"href":"https:\/\/forseth.se\/index.php?rest_route=\/wp\/v2\/users\/1"}],"replies":[{"embeddable":true,"href":"https:\/\/forseth.se\/index.php?rest_route=%2Fwp%2Fv2%2Fcomments&post=1242"}],"version-history":[{"count":3,"href":"https:\/\/forseth.se\/index.php?rest_route=\/wp\/v2\/posts\/1242\/revisions"}],"predecessor-version":[{"id":1246,"href":"https:\/\/forseth.se\/index.php?rest_route=\/wp\/v2\/posts\/1242\/revisions\/1246"}],"wp:attachment":[{"href":"https:\/\/forseth.se\/index.php?rest_route=%2Fwp%2Fv2%2Fmedia&parent=1242"}],"wp:term":[{"taxonomy":"category","embeddable":true,"href":"https:\/\/forseth.se\/index.php?rest_route=%2Fwp%2Fv2%2Fcategories&post=1242"},{"taxonomy":"post_tag","embeddable":true,"href":"https:\/\/forseth.se\/index.php?rest_route=%2Fwp%2Fv2%2Ftags&post=1242"}],"curies":[{"name":"wp","href":"https:\/\/api.w.org\/{rel}","templated":true}]}}