{"id":1275,"date":"2019-02-05T20:30:47","date_gmt":"2019-02-05T19:30:47","guid":{"rendered":"https:\/\/forseth.se\/idet\/?p=1275"},"modified":"2019-02-05T20:33:34","modified_gmt":"2019-02-05T19:33:34","slug":"stridsyxor","status":"publish","type":"post","link":"https:\/\/forseth.se\/?p=1275","title":{"rendered":"Stridsyxor"},"content":{"rendered":"<p style=\"text-align: center;\"><span style=\"color: #800000;\">YOU WERE NEVER REALLY HERE<\/span><\/p>\n<p style=\"text-align: center;\"><span style=\"color: #800000;\"><img loading=\"lazy\" decoding=\"async\" class=\"aligncenter size-full wp-image-1276\" src=\"https:\/\/forseth.se\/idet\/wp-content\/uploads\/2019\/02\/You-were-never-really-here-1.jpg\" alt=\"\" width=\"1000\" height=\"563\" srcset=\"https:\/\/forseth.se\/wp-content\/uploads\/2019\/02\/You-were-never-really-here-1.jpg 1000w, https:\/\/forseth.se\/wp-content\/uploads\/2019\/02\/You-were-never-really-here-1-300x169.jpg 300w, https:\/\/forseth.se\/wp-content\/uploads\/2019\/02\/You-were-never-really-here-1-768x432.jpg 768w\" sizes=\"auto, (max-width: 767px) 89vw, (max-width: 1000px) 54vw, (max-width: 1071px) 543px, 580px\" \/><\/span><\/p>\n<h1 class=\"western\" align=\"center\"><strong><span style=\"font-family: Verdana Bold, sans-serif; color: #800000;\"><span style=\"font-size: 300%;\">Stridsyxor<\/span><\/span><\/strong><\/h1>\n<h2 class=\"western\" align=\"center\"><strong><span style=\"font-family: Verdana Bold Italic, sans-serif; color: #800000;\"><span style=\"font-size: x-large;\">Veteranbil, veteranb\u00e5t och veteranklass \u00e4r ord vi anv\u00e4nder f\u00f6r n\u00e5got gammalt. Nu har vi p\u00e5 senare \u00e5r f\u00e5tt ett veteranord med ny betydelse.<\/span><\/span><\/strong><\/h2>\n<p class=\"western\" align=\"left\"><span style=\"font-family: Georgia, sans-serif; color: #800000;\"><span style=\"font-size: large;\">Ordet <i>veteran<\/i> har nu ocks\u00e5 betydelsen <i>erfaren soldat.<\/i> Det var det mest l\u00e4nder med krigserfarenhet som talade om f\u00f6rr. Det vore egentligen bara en merit att inte ha anledning att ha n\u00e5got s\u00e5dant ord.<\/span><\/span><\/p>\n<p class=\"western\" align=\"left\"><span style=\"font-family: Georgia, sans-serif; color: #800000;\"><span style=\"font-size: large;\">Men Sverige har haft m\u00e5nga m\u00e4nniskor i FN-tj\u00e4nst, och det \u00e4r faktiskt r\u00e4tt kul, n\u00e4r n\u00e5gon busschauff\u00f6r b\u00f6rjar surra med en, f\u00f6r att vederb\u00f6rande sett en skymt av ens Veteran-kort i pl\u00e5nboken. Man k\u00e4nner liksom en samh\u00f6righet, oss <i>yxor<\/i> emellan.<\/span><\/span><\/p>\n<p class=\"western\" align=\"left\"><span style=\"font-family: Georgia, sans-serif; color: #800000;\"><span style=\"font-size: large;\">Som barn blev jag besviken \u00f6ver att Piccadilly circus inte levde upp till sitt namn. Men d\u00e4r s\u00e5g jag en veteran fr\u00e5n andra v\u00e4rldskriget s\u00e4lja tidningar med utropet<\/span><\/span><\/p>\n<p class=\"western\" align=\"center\"><span style=\"font-family: Georgia, sans-serif; color: #800000;\"><span style=\"font-size: large;\">\u00bbFirst pictures on the mooooon!<\/span><\/span><\/p>\n<p class=\"western\" align=\"center\"><span style=\"font-family: Georgia, sans-serif; color: #800000;\"><span style=\"font-size: large;\">First pictures on the moooon!\u00ab,<\/span><\/span><\/p>\n<p class=\"western\" align=\"left\"><span style=\"font-family: Georgia, sans-serif; color: #800000;\"><span style=\"font-size: large;\">d\u00e5 n\u00e5gon brittisk institution hade avkodat bilder som en sovjetisk mjuklandad sond hade tagit av m\u00e5nens yta. (Allts\u00e5 inte \u00bbfirst pictures <b>of<\/b> the moon\u00ab.) Denne krigsveteran saknade b\u00e5de n\u00e4sa och \u00f6ra och blev v\u00e4rldsber\u00f6md, eftersom alla som ville se England f\u00f6rr eller senare hamnade p\u00e5 Piccadilly circus.<\/span><\/span><\/p>\n<p class=\"western\" align=\"left\"><span style=\"font-family: Georgia, sans-serif; color: #800000;\"><span style=\"font-size: large;\">Mina f\u00f6r\u00e4ldrar ber\u00e4ttade fr\u00e5n en teaterresa i Transkaukasus om den m\u00e4ngd sovjetiska veteraner, som de s\u00e5g fara omkring utan ben p\u00e5 br\u00e4dor eller var halta och lytta p\u00e5 andra s\u00e4tt, utan att n\u00e5gon \u00bbtillg\u00e4nglighet\u00ab syntes vid butiks- eller institutionsentr\u00e9er.<\/span><\/span><\/p>\n<p class=\"western\" align=\"left\"><span style=\"font-family: Georgia, sans-serif; color: #800000;\"><span style=\"font-size: large;\">Och i USA nonchalerades veteraner fr\u00e5n Vietnamkriget i s\u00e5 stor utstr\u00e4ckning, att den nordliga delstaten Washingtons skogar fylldes med enslingar, som inte klarade att \u00e5teranpassa sig till samh\u00e4llet utan levde som skogsvarelser som inte v\u00e5gade lita p\u00e5 m\u00e4nniskor.<\/span><\/span><\/p>\n<p class=\"western\" align=\"left\"><span style=\"font-family: Georgia, sans-serif; color: #800000;\"><span style=\"font-size: large;\">Om en Vietnamveteran med begr\u00e4nsad anpassning handlade <i>Martin Scorseses<\/i> m\u00f6rka film <i>Taxi driver<\/i> fr\u00e5n 1976. Den filmen kommer man os\u00f6kt att t\u00e4nka p\u00e5 inf\u00f6r filmstudions film nu p\u00e5 torsdag, <i>You were never really here<\/i> (2017), om just en s\u00e5dan veteran, som f\u00f6r sitt levebr\u00f6d g\u00f6r saker han kan. V\u00e5ld kan han, och d\u00f6den skr\u00e4mmer honom inte. Men han kan \u00e4ven g\u00f6ra n\u00e5got bra \u2013 som att leta r\u00e4tt p\u00e5 f\u00f6rsvunna ton\u00e5ringar. Inte just <i>Missing people,<\/i> men b\u00e4ttre \u00e4n ingenting, antagligen.<\/span><\/span><\/p>\n<p class=\"western\" style=\"padding-left: 30px;\" align=\"left\"><span style=\"font-family: Georgia, sans-serif; color: #800000;\"><span style=\"font-size: large;\">Veteraner ska inte l\u00e4mnas i r\u00e4nnstenen. \u00c4ven om de \u00e4r f\u00f6rlorare i ett or\u00e4ttf\u00e4rdigt krig, har de gjort sina f\u00f6raktliga regeringars jobb och f\u00e5tt lida f\u00f6r det. Staten ska kompensera dem efter\u00e5t. Annars kan de bli v\u00e5ldsamma taxichauff\u00f6rer, eremiter eller a-lagare.<\/span><\/span><\/p>\n<p class=\"western\" align=\"left\"><span style=\"font-family: Georgia, sans-serif; color: #800000;\"><span style=\"font-size: large;\">Helst ska man inte skapa veteraner. Starta d\u00e5 inte or\u00e4ttf\u00e4rdiga krig! Det \u00e4r inte modigt sagt av mig, f\u00f6r det h\u00e5ller <i>alla<\/i> med om. Det modiga \u00e4r att s\u00e4ga det till dem, som anser att de f\u00f6r r\u00e4ttf\u00e4rdiga krig.<\/span><\/span><\/p>\n<p class=\"western\" align=\"left\"><span style=\"font-family: Georgia, sans-serif; color: #800000;\"><span style=\"font-size: large;\">Under det s\u00e5 kallade <i>kalla kriget<\/i> var r\u00e4dslan f\u00f6r krig \u00f6msesidig, det vill s\u00e4ga att b\u00e4gge sidor faktiskt fruktade att det skulle bryta ut som atomkrig. Ett s\u00e5dant hade man n\u00e4mligen ber\u00e4knat, att det skulle f\u00f6rloras av b\u00e4gge sidor och av alla icke inblandade ocks\u00e5. Den r\u00e4dslan fick alla stater att iakttaga FNs regler och principer om umg\u00e4nge. Skulle n\u00e5gon folkgrupp f\u00f6rs\u00f6ka bryta sig ur ett lands regelverk och starta eget, s\u00e5 skulle de inte utan vidare f\u00e5 st\u00f6d av omv\u00e4rlden. Principen var att en statsmakt eller en upprorsr\u00f6relse skulle kontrollera sitt territorium och ha ansvariga ledare f\u00f6r att bli erk\u00e4nd av omv\u00e4rlden som det landets ledare. Vem som helst kunde inte kalla sig president och bli officiellt erk\u00e4nd.<\/span><\/span><\/p>\n<p class=\"western\" align=\"left\"><span style=\"font-family: Georgia, sans-serif; color: #800000;\"><span style=\"font-size: large;\">Som alla principer naggades den i kanten, men i stort h\u00f6lls den. I <i>Helsingfors\u00f6verenskommelsen<\/i> 1975 avtalade man till exempel, att andra v\u00e4rldskrigets gr\u00e4nser i Europa inte fick \u00e4ndras med v\u00e5ld.<\/span><\/span><\/p>\n<p class=\"western\" align=\"left\"><span style=\"font-family: Georgia, sans-serif; color: #800000;\"><span style=\"font-size: large;\">Men s\u00e5 uppl\u00f6stes Sovjetunionen och en massa l\u00e4nder frigjordes utan v\u00e5ld. Dessv\u00e4rre uppl\u00f6stes ocks\u00e5 principfastheten, s\u00e4rskilt p\u00e5 den sida som \u00f6vermodigt ans\u00e5g sig vara vinnare i det kalla kriget. N\u00e4r f\u00f6rbundsstaten Jugoslavien b\u00f6rjade krackelera, st\u00e4lldes principfastheten p\u00e5 prov. Den lilla v\u00e4lm\u00e5ende delrepubliken Slovenien f\u00f6rklarade sig sj\u00e4lvst\u00e4ndig och fick avskiljandet erk\u00e4nt av Jugoslavien efter n\u00e5gra veckors krig (ungef\u00e4r som n\u00e4r Sverige sista g\u00e5ngen krigade p\u00e5 hemmaplan genom att g\u00e5 in i Norge och tvinga deras stortingsm\u00e4n att acceptera, att en internationell fredskonferens beslutat \u00bbtilldela\u00ab Sverige Norge som best\u00e5ndsdel i en union). Men sedan br\u00f6t sig den betydelsefulla delrepubliken Kroatien ut under ledning av en fascistanstruken president, som inte t\u00e4nkte v\u00e4nta p\u00e5 n\u00e5gra rundabordssamtal.<\/span><\/span><\/p>\n<p class=\"western\" align=\"left\"><span style=\"font-family: Georgia, sans-serif; color: #800000;\"><span style=\"font-size: large;\">I detta l\u00e4ge leddes Tyskland av en av dessa segerrusiga herrar, <i>Helmut Kohl <\/i>fr\u00e5n ett V\u00e4sttyskland som beh\u00e5llit n\u00e4ra band med Kroatien sedan Tredje rikets tid \u2013 och d\u00e4rmed med den kroatiska fascistr\u00f6relsen Ustasja, som nu p\u00e5 nytt blivit i ropet d\u00e4r nere. Den i Europeiska Gemenskapen aktive Kohl kr\u00e4vde nu, att Gemenskapen i strid med tidigare n\u00e4mnda principer skulle erk\u00e4nna Kroatiens sj\u00e4lvst\u00e4ndighet \u2013 och gjorde inte de motstr\u00e4viga medlemsl\u00e4nderna det, s\u00e5 skulle inte Tyskland ratificera det nya <i>Maastrichtf\u00f6rdraget,<\/i> enligt vilket Gemenskapen skulle bli Unionen. Med detta ultimatum erk\u00e4ndes Kroatiens sj\u00e4lvst\u00e4ndighet, och d\u00e4rmed startade det fruktansv\u00e4rda jugoslaviska s\u00f6nderfallskriget.<\/span><\/span><\/p>\n<p class=\"western\" style=\"padding-left: 30px;\" align=\"left\"><span style=\"font-family: Georgia, sans-serif; color: #800000;\"><span style=\"font-size: large;\">Sverige var inte med i EG men f\u00f6ljde h\u00e5llningsl\u00f6st efter f\u00f6r att inte visa sig s\u00e4mre \u00e4n de stora gossarna.<\/span><\/span><\/p>\n<p class=\"western\" align=\"left\"><span style=\"font-family: Georgia, sans-serif; color: #800000;\"><span style=\"font-size: large;\">Sedan dess har principl\u00f6sheten blivit n\u00e4rap\u00e5 norm i alla l\u00e4nder, som ser USA som sitt f\u00f6red\u00f6me. Det r\u00e5der inte samma fruktan f\u00f6r civilisationens utpl\u00e5ning, och pl\u00f6tsligt erk\u00e4nner v\u00e4stland efter v\u00e4stland, Sverige inr\u00e4knat, en person som utn\u00e4mnt sig sj\u00e4lv till president som Venezuelas r\u00e4ttm\u00e4tige ledare. Landets riktige president sa i en intervju i spansk teve, att det \u00e4r som om han skulle erk\u00e4nna Katalonien som sj\u00e4lvst\u00e4ndigt land.<\/span><\/span><\/p>\n<p class=\"western\" align=\"left\"><span style=\"font-family: Georgia, sans-serif; color: #800000;\"><span style=\"font-size: large;\">Nu verkar denne man, <i>Nicol\u00e1s Maduro,<\/i> vara \u2013 om inte buse \u2013 s\u00e5 i alla fall misslyckad ledare. Men s\u00e5dana vet jag flera. Till exempel en statsledare som l\u00e5ter en unders\u00e5te m\u00f6rdas och styckas vid bes\u00f6k p\u00e5 den egna ambassaden, en annan statsledare som st\u00e4nger av stora delar av statsf\u00f6rvaltningen f\u00f6r att f\u00e5 pengar till en mur mot grannlandet och en tredje som vill pl\u00f6ja upp jordens lunga, regnskogen. Och dem erk\u00e4nner vi ju.<\/span><\/span><\/p>\n<p class=\"western\" align=\"left\"><span style=\"font-family: Georgia, sans-serif; color: #800000;\"><span style=\"font-size: large;\">Men \u00bbvalet av Maduro gick inte r\u00e4tt till!\u00ab, s\u00e4ger d\u00e5 v\u00e4n av snabba tag utan kr\u00e5ngliga principer. Jojo, det sa en stor del av USAs befolkning ocks\u00e5 om <i>George W Bush<\/i> efter att han hade vunnit presidentvalet, fast\u00e4n alla som kunde r\u00e4kna s\u00e5g att han egentligen inte gjorde det. Men nog erk\u00e4nde vi honom.<\/span><\/span><\/p>\n<p class=\"western\" align=\"left\"><span style=\"font-family: Georgia, sans-serif; color: #800000;\"><span style=\"font-size: large;\">En f\u00f6ljd av dagens principl\u00f6shet i internationell politik \u00e4r, att de l\u00e4nder som forts\u00e4tter att h\u00e5lla p\u00e5 Helsingfors\u00f6verenskommelsen och \u00e4r r\u00e4dda f\u00f6r att vem som helst kan bli m\u00e5ltavla f\u00f6r de principl\u00f6sa \u2013 dessa l\u00e4nder beskylls f\u00f6r att h\u00e5lla p\u00e5 den person, som man ju m\u00e5ste vara emot. Det faller dem inte in, att dessa l\u00e4nder kanske bara avvaktar och inv\u00e4ntar att en ledare har kontroll \u00f6ver territoriet och ansvarig ledning.<\/span><\/span><\/p>\n<p class=\"western\" align=\"left\"><span style=\"font-family: Georgia, sans-serif; color: #800000;\"><span style=\"font-size: large;\">N\u00e4sta steg kan bli det som ordet \u00bbkampanj\u00ab betyder: <i>f\u00e4ltt\u00e5g.<\/i> Och s\u00e5 b\u00f6rjar vi skapa nya veteraner. Som kan bli stridsyxor.<\/span><\/span><\/p>\n<p class=\"western\" align=\"left\"><span style=\"font-family: Georgia, sans-serif; color: #800000;\"><span style=\"font-size: large;\">Till torsdag ska vi v\u00e4l lugna ner oss, i alla fall. Det \u00e4r den skotske regiss\u00f6ren <i>Lynne Ramsay,<\/i> som gjort veteranfilmen \u00bbYou were never really here\u00ab. Filmstudion har tidigare visat en film av henne, <i>Vi m\u00e5ste prata om Kevin<\/i> (2011), en obehaglig historia om ett barn, som fr\u00e5n tidigaste stund visar olycksb\u00e5dande tendenser. Som blir \u00f6desdigra.<\/span><\/span><\/p>\n<p class=\"western\" align=\"left\"><span style=\"font-family: Georgia, sans-serif; color: #800000;\"><span style=\"font-size: large;\">L\u00e5t se, om torsdagens veteran har n\u00e5got b\u00e4ttre i sig.<\/span><\/span><\/p>\n<p class=\"western\" align=\"right\"><em><span style=\"font-family: Verdana Italic, sans-serif; color: #800000;\"><span style=\"font-size: medium;\">En id\u00e9 i idet av Bj\u00f6rn Forseth<\/span><\/span><\/em><\/p>\n","protected":false},"excerpt":{"rendered":"<p>YOU WERE NEVER REALLY HERE Stridsyxor Veteranbil, veteranb\u00e5t och veteranklass \u00e4r ord vi anv\u00e4nder f\u00f6r n\u00e5got gammalt. Nu har vi p\u00e5 senare \u00e5r f\u00e5tt ett veteranord med ny betydelse. Ordet veteran har nu ocks\u00e5 betydelsen erfaren soldat. Det var det mest l\u00e4nder med krigserfarenhet som talade om f\u00f6rr. Det vore egentligen bara en merit att &hellip; <\/p>\n<p class=\"link-more\"><a href=\"https:\/\/forseth.se\/?p=1275\" class=\"more-link\">Forts\u00e4tt l\u00e4sa<span class=\"screen-reader-text\"> \u201dStridsyxor\u201d<\/span><\/a><\/p>\n","protected":false},"author":1,"featured_media":0,"comment_status":"closed","ping_status":"closed","sticky":false,"template":"","format":"standard","meta":{"footnotes":""},"categories":[1],"tags":[],"class_list":["post-1275","post","type-post","status-publish","format-standard","hentry","category-uncategorized"],"_links":{"self":[{"href":"https:\/\/forseth.se\/index.php?rest_route=\/wp\/v2\/posts\/1275","targetHints":{"allow":["GET"]}}],"collection":[{"href":"https:\/\/forseth.se\/index.php?rest_route=\/wp\/v2\/posts"}],"about":[{"href":"https:\/\/forseth.se\/index.php?rest_route=\/wp\/v2\/types\/post"}],"author":[{"embeddable":true,"href":"https:\/\/forseth.se\/index.php?rest_route=\/wp\/v2\/users\/1"}],"replies":[{"embeddable":true,"href":"https:\/\/forseth.se\/index.php?rest_route=%2Fwp%2Fv2%2Fcomments&post=1275"}],"version-history":[{"count":2,"href":"https:\/\/forseth.se\/index.php?rest_route=\/wp\/v2\/posts\/1275\/revisions"}],"predecessor-version":[{"id":1278,"href":"https:\/\/forseth.se\/index.php?rest_route=\/wp\/v2\/posts\/1275\/revisions\/1278"}],"wp:attachment":[{"href":"https:\/\/forseth.se\/index.php?rest_route=%2Fwp%2Fv2%2Fmedia&parent=1275"}],"wp:term":[{"taxonomy":"category","embeddable":true,"href":"https:\/\/forseth.se\/index.php?rest_route=%2Fwp%2Fv2%2Fcategories&post=1275"},{"taxonomy":"post_tag","embeddable":true,"href":"https:\/\/forseth.se\/index.php?rest_route=%2Fwp%2Fv2%2Ftags&post=1275"}],"curies":[{"name":"wp","href":"https:\/\/api.w.org\/{rel}","templated":true}]}}