{"id":1291,"date":"2019-02-26T22:31:48","date_gmt":"2019-02-26T21:31:48","guid":{"rendered":"https:\/\/forseth.se\/idet\/?p=1291"},"modified":"2019-02-26T22:36:54","modified_gmt":"2019-02-26T21:36:54","slug":"kromosomernas-liv","status":"publish","type":"post","link":"https:\/\/forseth.se\/?p=1291","title":{"rendered":"Kromosomernas liv"},"content":{"rendered":"<p style=\"text-align: center;\"><span style=\"color: #800000;\">X&amp;Y<\/span><\/p>\n<p style=\"text-align: center;\"><span style=\"color: #800000;\"><img loading=\"lazy\" decoding=\"async\" class=\"aligncenter size-full wp-image-1292\" src=\"https:\/\/forseth.se\/idet\/wp-content\/uploads\/2019\/02\/X-Y-Mikael-Persbrandt-Anna-Odell.jpg\" alt=\"\" width=\"1038\" height=\"574\" srcset=\"https:\/\/forseth.se\/wp-content\/uploads\/2019\/02\/X-Y-Mikael-Persbrandt-Anna-Odell.jpg 1038w, https:\/\/forseth.se\/wp-content\/uploads\/2019\/02\/X-Y-Mikael-Persbrandt-Anna-Odell-300x166.jpg 300w, https:\/\/forseth.se\/wp-content\/uploads\/2019\/02\/X-Y-Mikael-Persbrandt-Anna-Odell-768x425.jpg 768w, https:\/\/forseth.se\/wp-content\/uploads\/2019\/02\/X-Y-Mikael-Persbrandt-Anna-Odell-1024x566.jpg 1024w\" sizes=\"auto, (max-width: 767px) 89vw, (max-width: 1000px) 54vw, (max-width: 1071px) 543px, 580px\" \/><\/span><\/p>\n<h4 class=\"western\" align=\"center\"><strong><span style=\"font-family: Verdana Bold, sans-serif; color: #800000;\"><span style=\"font-size: 300%;\">Kromosomernas liv<\/span><\/span><\/strong><\/h4>\n<h2 class=\"western\" align=\"center\"><strong><span style=\"color: #800000;\"><span style=\"font-family: Verdana Bold Italic, sans-serif;\"><span style=\"font-size: x-large;\">I Greta Tunbergs anda tar <\/span><\/span><span style=\"font-family: Verdana Bold Italic, sans-serif;\"><span style=\"font-size: x-large;\">Kim Jong-Un t\u00e5get till m\u00f6tet med Donald Trump. Hanoiborna blir f\u00f6rtjusta och <\/span><\/span><span style=\"font-family: Verdana Bold Italic, sans-serif;\"><span style=\"font-size: x-large;\">bjuder p\u00e5<\/span><\/span><span style=\"font-family: Verdana Bold Italic, sans-serif;\"><span style=\"font-size: x-large;\"> \u00bbKim Jong-ale\u00ab och \u00bb<\/span><\/span><span style=\"font-family: Verdana Bold Italic, sans-serif;\"><span style=\"font-size: x-large;\">R<\/span><\/span><span style=\"font-family: Verdana Bold Italic, sans-serif;\"><span style=\"font-size: x-large;\">o<\/span><\/span><span style=\"font-family: Verdana Bold Italic, sans-serif;\"><span style=\"font-size: x-large;\">c<\/span><\/span><span style=\"font-family: Verdana Bold Italic, sans-serif;\"><span style=\"font-size: x-large;\">ket man <\/span><\/span><span style=\"font-family: Verdana Bold Italic, sans-serif;\"><span style=\"font-size: x-large;\">tacos<\/span><\/span><span style=\"font-family: Verdana Bold Italic, sans-serif;\"><span style=\"font-size: x-large;\">\u00ab.<\/span><\/span><\/span><\/strong><\/h2>\n<p>&nbsp;<\/p>\n<p class=\"western\" align=\"left\"><span style=\"font-family: Georgia, sans-serif; color: #800000;\"><span style=\"font-size: large;\">S\u00e5 kan folket v\u00e4lkomna f\u00f6rs\u00f6k till f\u00f6rsoning. Till m\u00f6te med v\u00e4rldens st\u00f6rsta innehavare av k\u00e4rnvapen kommer musen som \u2013 trots h\u00e5rda sanktioner \u2013 r\u00f6t.<\/span><\/span><\/p>\n<p class=\"western\" align=\"left\"><span style=\"font-family: Georgia, sans-serif; color: #800000;\"><span style=\"font-size: large;\">Detta sker samtidigt som pakistanska terrorister m\u00f6rdar 39 poliser i indiska Kashmir, Indien bombar pakistanska Kashmir och Pakistan hotar med vederg\u00e4llning. Tv\u00e5 atomvapenmakter som <b>inte<\/b> uts\u00e4tts f\u00f6r internationella sanktioner sitter med fingret p\u00e5 atomknappen.<\/span><\/span><\/p>\n<p class=\"western\" align=\"left\"><span style=\"font-family: Georgia, sans-serif; color: #800000;\"><span style=\"font-size: large;\">Under tiden k\u00e4ftar politikerna i den europeiska provinsen Britannia, om de ska g\u00f6ra om folkomr\u00f6stningen eller g\u00f6ra ett sista f\u00f6rs\u00f6k att \u00e5ngra uttr\u00e4det ur Europariket. Och i Ultima Thule f\u00f6resl\u00e5s p\u00e5 liknande s\u00e4tt en folkomr\u00f6stning om var sametinget ska byggas redan dagen efter beslutet att det ska st\u00e5 i \u00d6stersund. <\/span><\/span><\/p>\n<p class=\"western\" align=\"left\"><span style=\"font-family: Georgia, sans-serif; color: #800000;\"><span style=\"font-size: large;\">I det l\u00e4get kan det vara sk\u00f6nt att t\u00e4nka p\u00e5 ens egna problem. Att h\u00e5lla p\u00e5 med valberedning inneb\u00e4r s\u00e5 h\u00e4r \u00e5rs mycket arbete med att skilja \u00e4tbart k\u00f6tt fr\u00e5n tran och ambra.<\/span><\/span><\/p>\n<p class=\"western\" align=\"left\"><span style=\"font-family: Georgia, sans-serif; color: #800000;\"><span style=\"font-size: large;\">Nej, sk\u00e4mt \u00e5sido, som valberedare i tv\u00e5 f\u00f6reningar ringer jag runt och fr\u00e5gar, om hon eller han vill l\u00e5ta sig omv\u00e4ljas till styrelsen i f\u00f6reningen i fr\u00e5ga. Med dagens teknik kan den som sitter upptagen i telefon skicka meddelande samtidigt, s\u00e5 att man f\u00e5r veta att den uppringda \u00e4r upptagen. Nyss fick jag ett s\u00e5dant meddelande:<\/span><\/span><\/p>\n<p class=\"western\" align=\"center\"><span style=\"font-family: Georgia, sans-serif; color: #800000;\"><span style=\"font-size: large;\">\u00c4r p\u00e5 v\u00e4g.<\/span><\/span><\/p>\n<p class=\"western\" align=\"left\"><span style=\"font-family: Georgia, sans-serif; color: #800000;\"><span style=\"font-size: large;\">Det var inte s\u00e5 klarg\u00f6rande, eftersom jag inte visste vart hon var p\u00e5 v\u00e4g. Knappast hem till mig, i alla fall, s\u00e5 jag skickade en motfr\u00e5ga, som jag hoppas kunde l\u00e4sas av henne medan hon fortsatte sitt telefonsamtal med n\u00e5gon annan:<\/span><\/span><\/p>\n<p class=\"western\" align=\"center\"><span style=\"font-family: Georgia, sans-serif; color: #800000;\"><span style=\"font-size: large;\">Quo vadis?<\/span><\/span><\/p>\n<p class=\"western\" align=\"left\"><span style=\"font-family: Georgia, sans-serif; color: #800000;\"><span style=\"font-size: large;\">Nu g\u00e4llde det, om hon l\u00e4ste sin bibel under skoltiden, annars bleve det platt fall. (Nog h\u00e4rom, jag vill inte skriva mina l\u00e4sare p\u00e5 n\u00e4san \u2013 sl\u00e5 upp det i er egen husbibel, vetja!)<\/span><\/span><\/p>\n<p class=\"western\" align=\"left\"><span style=\"font-family: Georgia, sans-serif; color: #800000;\"><span style=\"font-size: large;\">Kromosom l\u00e5ter gott. F\u00e4rgat godis, g\u00e4rna en lite seg st\u00e5ng. Eller s\u00e5 l\u00e5ter kromosomer som de d\u00e4r fingertjocka, vita maskarna som urinv\u00e5narna i norra Australien brukar peta ut ur h\u00e5lor i mangrovetr\u00e4dens r\u00f6tter efter senaste h\u00f6gvattnet och stoppa direkt i munnen. \u2013 J\u00e4ttegott! skulle teve-Tina ha sagt.<\/span><\/span><\/p>\n<p class=\"western\" style=\"padding-left: 30px;\" align=\"left\"><span style=\"font-family: Georgia, sans-serif; color: #800000;\"><span style=\"font-size: large;\">Det \u00e4r m\u00f6jligt att kromosomer faktiskt \u00e4r goda, att de liksom \u00e4r smak\u00e4mnen som kryddor. Detta \u00e4r dock n\u00e5got f\u00f6r f\u00f6rfattare av science fiction. Men en naturserie p\u00e5 Kunskapskanalen kunde gott ha hetat \u00bbKromosomernas vandringar\u00ab, och d\u00e5 t\u00e4nker man v\u00e4l genast p\u00e5 n\u00e5got \u00e4nnu l\u00e4ngre \u00e4n seg godisst\u00e5ng. P\u00e5 kramosomer, rentav, n\u00e5got slags boaorm. Det fanns faktiskt en science fiction-liknande tecknad serie i den riktningen av holl\u00e4ndaren <i>Marten Toonder.<\/i> I en ber\u00e4ttelse om <i>Tom Puss<\/i> och <i>Oliver B. Bumble<\/i> bes\u00f6ker de en paradisisk varm \u00f6, d\u00e4r emellertid byarna \u00e4r avfolkade och i ruiner. Byborna dyker efterhand upp, \u00e5teruppbygger sina f\u00f6rst\u00f6rda hem och har det bra och idylliskt ett tag. Tills den \u00e5terkommande katastrofen \u00e4r p\u00e5 v\u00e4g att \u00e5terkomma, d\u00e5 en f\u00f6rf\u00e4rlig j\u00e4tteorm ska ringla ut fr\u00e5n h\u00e5lor i de skuggiga bergen och rasera allt igen. Byborna f\u00e5r emellertid i god tid aningar och dyker ned i en massa h\u00e5lor som finns \u00f6verallt i markerna runt byn. \u2013 Naturligtvis \u00e4r kramosomen de sj\u00e4lva, som i underjorden gyttrar ihop sig till denna j\u00e4ttelika orm\u2026<\/span><\/span><\/p>\n<p class=\"western\" align=\"left\"><span style=\"font-family: Georgia, sans-serif; color: #800000;\"><span style=\"font-size: large;\">Men \u00e5ter till verklighetens kromosomer, som i allm\u00e4nhet tilldrar sig folks intresse i fr\u00e5ga om de \u00e4r <i>x<\/i> eller <i>y<\/i><i>.<\/i> Folk t\u00e4nker p\u00e5 k\u00f6n \u2013 ska det bli en flicka eller en pojke? X borde v\u00e4l vara pojkar, med tanke p\u00e5 film- och seriefigurer som <i>American history X, X-men <\/i>och<i> Agent X<\/i> (filmade 1998, 2000 respektive 2015). Inom matematiken \u00e4r x bara n\u00e5got ok\u00e4nt, i de h\u00e4r filmerna och serierna \u00e4r de v\u00e4l d\u00f6dseffektiva karlakarlar, som vill agera inkognito. Utom i den f\u00f6rstn\u00e4mnda filmen, kanske, d\u00e4r huvudpersonen vill f\u00e5 rykte om sig som v\u00e5ldsverkare och bli fruktad. Vad x-et ska symbolisera i den amerikanska historien \u00e4r dock fr\u00e5gan \u2013 kanske det stora hakkors, som han har tatuerat p\u00e5 sitt br\u00f6st.<\/span><\/span><\/p>\n<p class=\"western\" align=\"left\"><span style=\"font-family: Georgia, sans-serif; color: #800000;\"><span style=\"font-size: large;\">Men att x skulle vara s\u00e5 manligt \u00e4r vid n\u00e4rmare granskning en total missuppfattning. En man har en x- och en y-kromosom, en kvinna d\u00e4remot tv\u00e5 x. Ha! S\u00e5 mycket var allts\u00e5 alla mulliga mansgrisfantasier v\u00e4rda.<\/span><\/span><\/p>\n<p class=\"western\" align=\"left\"><span style=\"font-family: Georgia, sans-serif; color: #800000;\"><span style=\"font-size: large;\">Nu kan man v\u00e4l f\u00e5 t\u00e4nka kvinnligt \u2013 manligt \u00e4nd\u00e5. Det g\u00f6r <i>Anna Odell XX<\/i> i sin nya film fr\u00e5n 2018, vilken heter n\u00e5got s\u00e5 enkelt som <i>X&amp;Y.<\/i> I den unders\u00f6ker hon det femininas och det maskulinas v\u00e4sen med <i>Mikael Persbrandt XY.<\/i> Hur detta ska kunna bli en f\u00e4ngslande historia, \u00e5terst\u00e5r att se. Publikens xx-\u00e5sk\u00e5dare kanske vill se en stilig xy i aktion, vad vet jag. Men man kan ju kolla, vad Odell har gjort tidigare.<\/span><\/span><\/p>\n<p class=\"western\" align=\"left\"><span style=\"font-family: Georgia, sans-serif; color: #800000;\"><span style=\"font-size: large;\">Som en annan Agent XX lurade hon 2009 Stockholmspolisen och sjukv\u00e5rden att hon var psykiskt sjuk, hon skulle visst hoppa fr\u00e5n en bro men blev h\u00e4mtad under intensivt motst\u00e5nd. I tv\u00e5ngstr\u00f6jans lokaler avsl\u00f6jade hon, att hon bara skojade. Det visade sig vara en del av ett elevarbete p\u00e5 Konstfack, men de som hade trott p\u00e5 hennes sjukdomstillst\u00e5nd och nedk\u00e4mpat henne var v\u00e4l inte odelat \u00f6vertygade. S\u00e5 \u00e4r det ibland med konsten.<\/span><\/span><\/p>\n<p class=\"western\" align=\"left\"><span style=\"font-family: Georgia, sans-serif; color: #800000;\"><span style=\"font-size: large;\">Odell tog examen p\u00e5 Konstfack med en l\u00e5ngfilm, <i>\u00c5tertr\u00e4ffen<\/i> (2013) och skrev d\u00e4rmed in sig i filmv\u00e4rlden som regiss\u00f6r. Det examensarbetet gick inte heller obem\u00e4rkt f\u00f6rbi. Hon spelade sig sj\u00e4lv i en klass\u00e5tertr\u00e4ff, som hon i verkligheten inte hade inbjudits till, varvid en del gamla klasskamrater tydligen k\u00e4nde sig tr\u00e4ffade. Och nu \u00e4r det allts\u00e5 dags f\u00f6r n\u00e4sta film, som v\u00e4l hade kunnat heta \u00bbKromosomernas liv\u00ab men inte g\u00f6r det. Visas p\u00e5 filmstudion nu p\u00e5 torsdag.<\/span><\/span><\/p>\n<p class=\"western\" align=\"right\"><em><span style=\"font-family: Verdana Italic, sans-serif; color: #800000;\"><span style=\"font-size: medium;\">En id\u00e9 i idet av Bj\u00f6rn Forseth<\/span><\/span><\/em><\/p>\n","protected":false},"excerpt":{"rendered":"<p>X&amp;Y Kromosomernas liv I Greta Tunbergs anda tar Kim Jong-Un t\u00e5get till m\u00f6tet med Donald Trump. Hanoiborna blir f\u00f6rtjusta och bjuder p\u00e5 \u00bbKim Jong-ale\u00ab och \u00bbRocket man tacos\u00ab. &nbsp; S\u00e5 kan folket v\u00e4lkomna f\u00f6rs\u00f6k till f\u00f6rsoning. Till m\u00f6te med v\u00e4rldens st\u00f6rsta innehavare av k\u00e4rnvapen kommer musen som \u2013 trots h\u00e5rda sanktioner \u2013 r\u00f6t. Detta sker &hellip; <\/p>\n<p class=\"link-more\"><a href=\"https:\/\/forseth.se\/?p=1291\" class=\"more-link\">Forts\u00e4tt l\u00e4sa<span class=\"screen-reader-text\"> \u201dKromosomernas liv\u201d<\/span><\/a><\/p>\n","protected":false},"author":1,"featured_media":0,"comment_status":"closed","ping_status":"closed","sticky":false,"template":"","format":"standard","meta":{"footnotes":""},"categories":[1],"tags":[],"class_list":["post-1291","post","type-post","status-publish","format-standard","hentry","category-uncategorized"],"_links":{"self":[{"href":"https:\/\/forseth.se\/index.php?rest_route=\/wp\/v2\/posts\/1291","targetHints":{"allow":["GET"]}}],"collection":[{"href":"https:\/\/forseth.se\/index.php?rest_route=\/wp\/v2\/posts"}],"about":[{"href":"https:\/\/forseth.se\/index.php?rest_route=\/wp\/v2\/types\/post"}],"author":[{"embeddable":true,"href":"https:\/\/forseth.se\/index.php?rest_route=\/wp\/v2\/users\/1"}],"replies":[{"embeddable":true,"href":"https:\/\/forseth.se\/index.php?rest_route=%2Fwp%2Fv2%2Fcomments&post=1291"}],"version-history":[{"count":6,"href":"https:\/\/forseth.se\/index.php?rest_route=\/wp\/v2\/posts\/1291\/revisions"}],"predecessor-version":[{"id":1298,"href":"https:\/\/forseth.se\/index.php?rest_route=\/wp\/v2\/posts\/1291\/revisions\/1298"}],"wp:attachment":[{"href":"https:\/\/forseth.se\/index.php?rest_route=%2Fwp%2Fv2%2Fmedia&parent=1291"}],"wp:term":[{"taxonomy":"category","embeddable":true,"href":"https:\/\/forseth.se\/index.php?rest_route=%2Fwp%2Fv2%2Fcategories&post=1291"},{"taxonomy":"post_tag","embeddable":true,"href":"https:\/\/forseth.se\/index.php?rest_route=%2Fwp%2Fv2%2Ftags&post=1291"}],"curies":[{"name":"wp","href":"https:\/\/api.w.org\/{rel}","templated":true}]}}