{"id":1321,"date":"2019-03-19T17:45:15","date_gmt":"2019-03-19T16:45:15","guid":{"rendered":"https:\/\/forseth.se\/idet\/?p=1321"},"modified":"2019-03-19T17:45:38","modified_gmt":"2019-03-19T16:45:38","slug":"tulla-pa-principerna","status":"publish","type":"post","link":"https:\/\/forseth.se\/?p=1321","title":{"rendered":"Tulla p\u00e5 principerna"},"content":{"rendered":"<p style=\"text-align: center;\"><span style=\"color: #800000;\">TULLY<\/span><\/p>\n<p>&nbsp;<\/p>\n<p><img loading=\"lazy\" decoding=\"async\" class=\"size-full wp-image-1322\" src=\"https:\/\/forseth.se\/idet\/wp-content\/uploads\/2019\/03\/Tully.jpeg\" alt=\"\" width=\"1000\" height=\"563\" srcset=\"https:\/\/forseth.se\/wp-content\/uploads\/2019\/03\/Tully.jpeg 1000w, https:\/\/forseth.se\/wp-content\/uploads\/2019\/03\/Tully-300x169.jpeg 300w, https:\/\/forseth.se\/wp-content\/uploads\/2019\/03\/Tully-768x432.jpeg 768w\" sizes=\"auto, (max-width: 767px) 89vw, (max-width: 1000px) 54vw, (max-width: 1071px) 543px, 580px\" \/><\/p>\n<h2 class=\"western\" align=\"center\"><span style=\"color: #800000;\"><strong><span style=\"font-family: Verdana Bold, sans-serif;\"><span style=\"font-size: 300%;\">Tulla p\u00e5 principerna<\/span><\/span><\/strong><\/span><\/h2>\n<h2 class=\"western\" align=\"center\"><span style=\"color: #800000;\"><strong><span style=\"font-family: Verdana Bold Italic, sans-serif;\"><span style=\"font-size: x-large;\">Kvinnor kan v\u00e4l inte r\u00e5na banker?<\/span><\/span><\/strong><\/span><\/h2>\n<p>&nbsp;<\/p>\n<p class=\"western\" align=\"left\"><span style=\"font-family: Georgia, sans-serif; color: #800000;\"><span style=\"font-size: large;\">Verkligheten \u00f6vertr\u00e4ffar dikten, s\u00e4gs det.<\/span><\/span><\/p>\n<p class=\"western\" align=\"left\"><span style=\"font-family: Georgia, sans-serif; color: #800000;\"><span style=\"font-size: large;\">P\u00e5 ett ungdomsm\u00f6te f\u00f6r l\u00e4nge sedan i nya Centralskolan sedan den inte l\u00e4ngre var skola men central diskuterades respekt f\u00f6r andra kulturer. Hur det kommer sig att jag var med d\u00e4r \u00e4r mig en g\u00e5ta, f\u00f6r jag var inte n\u00e5gon ungdom ens n\u00e4r Centralskolan fortfarande var skola. Men man f\u00e5r vara n\u00f6jd med det lilla.<\/span><\/span><\/p>\n<p class=\"western\" align=\"left\"><span style=\"font-family: Georgia, sans-serif; color: #800000;\"><span style=\"font-size: large;\">Hur som haver hyste jag redan p\u00e5 den tiden misst\u00e4nksamhet mot folk som hade gr\u00e4nsl\u00f6s respekt f\u00f6r andra kulturer men f\u00f6ga f\u00f6r sin egen. D\u00e4rtill misst\u00e4nksamhet mot farlig oskuldsfullhet. B\u00e4gge dessa mina attityder \u00e4r h\u00f6gt suspekta i dagens v\u00e4stv\u00e4rld, det visste jag redan d\u00e5. Men jag hade tr\u00e4ffat kvinnor som bar burka i landet d\u00e4r kvinnor b\u00e4r burka och var luttrad. De kvinnorna var lika trevliga att prata med som andra och vissa visade sig utan burka i min n\u00e4rvaro, men det g\u00e5r inte att bortf\u00f6rklara att endast kvinnor anses beh\u00f6va skyla sig. Jag sa p\u00e5 detta m\u00f6te, att om jag jobbade p\u00e5 en bank, och n\u00e5gon kom in i burka, skulle jag omedelbart trycka p\u00e5 larmknappen. F\u00f6r s\u00e4kerhets skull.<\/span><\/span><\/p>\n<p class=\"western\" align=\"left\"><span style=\"font-family: Georgia, sans-serif; color: #800000;\"><span style=\"font-size: large;\">Den \u00e4rade l\u00e4saren ombeds nu att f\u00f6rest\u00e4lla sig ljudet av f\u00f6raktfullt tappade hakor.<\/span><\/span><\/p>\n<p class=\"western\" align=\"left\"><span style=\"font-family: Georgia, sans-serif; color: #800000;\"><span style=\"font-size: large;\">Men, som sagt, verkligheten \u00f6vertr\u00e4ffar dikten. N\u00e5gonstans i Belgien eller Nederl\u00e4nderna r\u00e5nade n\u00e5gra \u00e5r senare en man en bank if\u00f6rd burka. Allts\u00e5: banken var inte if\u00f6rd burka, det var mannen. En man, s\u00e5ledes, inte en kvinna. \u2013 D\u00e4rmed inte sagt, att inte kvinnor kan vara v\u00e4l s\u00e5 skickliga bankr\u00e5nare som m\u00e4n, om de s\u00e4tter den sidan till. Alltnog! Under burkan kan fan sj\u00e4lv h\u00e5lla till. Med \u00f6gonskugga och l\u00f6s\u00f6gonfransar f\u00f6r ordningens skull, och kanske med en Kalasjnikov. (Mitt r\u00e5d till banktj\u00e4nstem\u00e4n \u00e4r att kolla skorna, om det g\u00e5r.)<\/span><\/span><\/p>\n<p class=\"western\" align=\"left\"><span style=\"font-family: Georgia, sans-serif; color: #800000;\"><span style=\"font-size: large;\">Det h\u00e4nde ocks\u00e5 p\u00e5 n\u00e4rmare h\u00e5ll 2016, men den r\u00e5nade var inte en bank utan en telebutik i Nacka. Och burkar\u00e5narna var tv\u00e5.<\/span><\/span><\/p>\n<p class=\"western\" align=\"left\"><span style=\"font-family: Georgia, sans-serif; color: #800000;\"><span style=\"font-size: large;\">H\u00e4rom dagen ber\u00e4ttade <i>Cecilia Udd\u00e9n<\/i> p\u00e5 Sveriges radio om de Isis-kvinnor, som givit sig f\u00e5ngna \u00e5t kurderna p\u00e5 grund av den sv\u00e4lt de led av under slutstriderna. Dessa kvinnor var f\u00f6rh\u00e4rdade Isisanh\u00e4ngare och f\u00f6rol\u00e4mpade journalisterna och hotade med att deras barn skulle bli den nya generationens jihadister. F\u00e5ngvaktarna f\u00f6rs\u00f6kte varna journalisterna f\u00f6r dessa kvinnor: \u00bbDe \u00e4r farliga\u00ab, sa de. Och nu hade tre kvinnor med spr\u00e4ngb\u00e4lten under sina burkor \u2013 eller niqab, skit samma \u2013 spr\u00e4ngt sig sj\u00e4lva och en massa civila som f\u00f6rs\u00f6kt komma undan terroristerna.<\/span><\/span><\/p>\n<p class=\"western\" align=\"left\"><span style=\"font-family: Georgia, sans-serif; color: #800000;\"><span style=\"font-size: large;\">F\u00f6rra veckans film p\u00e5 filmstudion beskrev ett av dessa kvinnof\u00f6rd\u00f6mande samh\u00e4llen utan pekpinnar, s\u00e5 att den iranska censuren inte fann n\u00e5got att f\u00f6rbjuda \u2013 men varenda m\u00e4nniska i v\u00e4rlden utanf\u00f6r skumb\u00e4ltet m\u00e5ste f\u00f6rf\u00e4ras:<\/span><\/span><\/p>\n<p class=\"western\" align=\"left\"><span style=\"font-family: Georgia, sans-serif; color: #800000;\"><span style=\"font-size: large;\">En flicka skulle en f\u00f6delsedag klockan 13 fylla nio \u00e5r och fick p\u00e5 n\u00e5der f\u00f6r sista g\u00e5ngen f\u00f6lja med sin lekkamrat (en pojke) f\u00f6r att k\u00f6pa glass, bara hon hade med sig en pinne, som hon regelbundet skulle sticka ned i marken f\u00f6r att se, om skuggan f\u00f6rsvunnit. Det fick den inte g\u00f6ra, f\u00f6r d\u00e5 hade klockan blivit tolv, och d\u00e5 senast skulle hon vara hemma f\u00f6r att ikl\u00e4da sig helt\u00e4ckande s\u00e4rk.<\/span><\/span><\/p>\n<p class=\"western\" align=\"left\"><span style=\"font-family: Georgia, sans-serif; color: #800000;\"><span style=\"font-size: large;\">En gift kvinna t\u00e4vlingscyklade med modern cykel som ett trettiotal andra kvinnor p\u00e5 en asfalterad cykelbana l\u00e4ngs kusten, hela tiden besv\u00e4rade av sina svarta skynken i fartvinden. Kvinnans \u00e4kta make kom efter henne i galopp (bokstavligen, han satt till h\u00e4st) f\u00f6r att f\u00f6rm\u00e5 henne att hoppa av cykeln och g\u00e5 hem. N\u00e4r hon inte stannade eller svarade, h\u00e4mtade han en imam, som red ikapp henne i samma syfte. D\u00e5 han v\u00e4djade till henne att ge upp eller st\u00e4llas inf\u00f6r skilsm\u00e4ssa, valde hon med ett par ord skilsm\u00e4ssa. Som imamen med en suck p\u00e5 sin frustande h\u00e4st d\u00e5 genomf\u00f6rde. S\u00e5 enkelt.<\/span><\/span><\/p>\n<p class=\"western\" align=\"left\"><span style=\"font-family: Georgia, sans-serif; color: #800000;\"><span style=\"font-size: large;\">Men inte nog med det. Nu kom fadern och alla hennes br\u00f6der efter henne \u2013 p\u00e5 h\u00e4strygg och helt bara p\u00e5 \u00f6verkroppen. \u2013 Hur i all sin da&#8217;r t\u00e4nker dessa figurer, n\u00e4r de tror att kvinnor m\u00e5ste skyla sig f\u00f6r att inte m\u00e4n kan stilla sina lustar. Tror de inte kvinnor har n\u00e5gra lustar, d\u00e5?<\/span><\/span><\/p>\n<p class=\"western\" align=\"left\"><span style=\"font-family: Georgia, sans-serif; color: #800000;\"><span style=\"font-size: large;\">Nej, jag \u00e4r inte s\u00e5ld p\u00e5 s\u00e5 kallad respekt f\u00f6r andra kulturer. D\u00e4r brukar jag trots allt i ett avseende f\u00e5 st\u00f6d av fanatikerna, och det g\u00e4ller kvinnlig omsk\u00e4relse. Respekterar man inte den sedv\u00e4njan, har man redan brutit mot principen att godta allt fr\u00e4mmande.<\/span><\/span><\/p>\n<p class=\"western\" align=\"left\"><span style=\"font-family: Georgia, sans-serif; color: #800000;\"><span style=\"font-size: large;\">Den h\u00e4r veckans kvinnliga hj\u00e4lte b\u00e4r inte sl\u00f6ja men \u00e4r betryckt \u00e4nd\u00e5. Hon har blivit f\u00e5ngen i hemmafrutagen med ungar och allt. D\u00e5 kommer en ung tjej in i hennes liv, och n\u00e5got slags komedi uppst\u00e5r: filmstudion visar <i>Tully<\/i> (2018) p\u00e5 Folkets hus p\u00e5 torsdag.<\/span><\/span><\/p>\n<p class=\"western\" align=\"right\"><span style=\"color: #800000;\"><em><span style=\"font-family: Verdana Italic, sans-serif;\"><span style=\"font-size: medium;\">En id\u00e9 i idet av Bj\u00f6rn Forseth<\/span><\/span><\/em><\/span><\/p>\n","protected":false},"excerpt":{"rendered":"<p>TULLY &nbsp; Tulla p\u00e5 principerna Kvinnor kan v\u00e4l inte r\u00e5na banker? &nbsp; Verkligheten \u00f6vertr\u00e4ffar dikten, s\u00e4gs det. P\u00e5 ett ungdomsm\u00f6te f\u00f6r l\u00e4nge sedan i nya Centralskolan sedan den inte l\u00e4ngre var skola men central diskuterades respekt f\u00f6r andra kulturer. Hur det kommer sig att jag var med d\u00e4r \u00e4r mig en g\u00e5ta, f\u00f6r jag var &hellip; <\/p>\n<p class=\"link-more\"><a href=\"https:\/\/forseth.se\/?p=1321\" class=\"more-link\">Forts\u00e4tt l\u00e4sa<span class=\"screen-reader-text\"> \u201dTulla p\u00e5 principerna\u201d<\/span><\/a><\/p>\n","protected":false},"author":1,"featured_media":0,"comment_status":"closed","ping_status":"closed","sticky":false,"template":"","format":"standard","meta":{"footnotes":""},"categories":[1],"tags":[],"class_list":["post-1321","post","type-post","status-publish","format-standard","hentry","category-uncategorized"],"_links":{"self":[{"href":"https:\/\/forseth.se\/index.php?rest_route=\/wp\/v2\/posts\/1321","targetHints":{"allow":["GET"]}}],"collection":[{"href":"https:\/\/forseth.se\/index.php?rest_route=\/wp\/v2\/posts"}],"about":[{"href":"https:\/\/forseth.se\/index.php?rest_route=\/wp\/v2\/types\/post"}],"author":[{"embeddable":true,"href":"https:\/\/forseth.se\/index.php?rest_route=\/wp\/v2\/users\/1"}],"replies":[{"embeddable":true,"href":"https:\/\/forseth.se\/index.php?rest_route=%2Fwp%2Fv2%2Fcomments&post=1321"}],"version-history":[{"count":2,"href":"https:\/\/forseth.se\/index.php?rest_route=\/wp\/v2\/posts\/1321\/revisions"}],"predecessor-version":[{"id":1324,"href":"https:\/\/forseth.se\/index.php?rest_route=\/wp\/v2\/posts\/1321\/revisions\/1324"}],"wp:attachment":[{"href":"https:\/\/forseth.se\/index.php?rest_route=%2Fwp%2Fv2%2Fmedia&parent=1321"}],"wp:term":[{"taxonomy":"category","embeddable":true,"href":"https:\/\/forseth.se\/index.php?rest_route=%2Fwp%2Fv2%2Fcategories&post=1321"},{"taxonomy":"post_tag","embeddable":true,"href":"https:\/\/forseth.se\/index.php?rest_route=%2Fwp%2Fv2%2Ftags&post=1321"}],"curies":[{"name":"wp","href":"https:\/\/api.w.org\/{rel}","templated":true}]}}