{"id":1325,"date":"2019-03-27T11:19:06","date_gmt":"2019-03-27T10:19:06","guid":{"rendered":"https:\/\/forseth.se\/idet\/?p=1325"},"modified":"2019-03-27T11:28:21","modified_gmt":"2019-03-27T10:28:21","slug":"pilska-potentater-politiskt-potenta","status":"publish","type":"post","link":"https:\/\/forseth.se\/?p=1325","title":{"rendered":"Pilska potentater politiskt potenta"},"content":{"rendered":"<p style=\"text-align: center;\"><span style=\"color: #800000;\">THE FAVOURITE<\/span><\/p>\n<figure id=\"attachment_1326\" aria-describedby=\"caption-attachment-1326\" style=\"width: 1000px\" class=\"wp-caption alignnone\"><img loading=\"lazy\" decoding=\"async\" class=\"size-full wp-image-1326\" src=\"https:\/\/forseth.se\/idet\/wp-content\/uploads\/2019\/03\/The-favourite.jpeg\" alt=\"\" width=\"1000\" height=\"666\" srcset=\"https:\/\/forseth.se\/wp-content\/uploads\/2019\/03\/The-favourite.jpeg 1000w, https:\/\/forseth.se\/wp-content\/uploads\/2019\/03\/The-favourite-300x200.jpeg 300w, https:\/\/forseth.se\/wp-content\/uploads\/2019\/03\/The-favourite-768x511.jpeg 768w\" sizes=\"auto, (max-width: 767px) 89vw, (max-width: 1000px) 54vw, (max-width: 1071px) 543px, 580px\" \/><figcaption id=\"caption-attachment-1326\" class=\"wp-caption-text\"><span style=\"color: #800000;\">Ej en bild ur filmen &#8221;Hair&#8221;&#8230;<\/span><\/figcaption><\/figure>\n<h2 class=\"western\" align=\"center\"><strong><span style=\"font-family: Verdana Bold, sans-serif; color: #800000;\"><span style=\"font-size: 300%;\">Pilska potentater politiskt potenta<\/span><\/span><\/strong><\/h2>\n<h2 class=\"western\" align=\"center\"><strong><span style=\"font-family: Verdana Bold Italic, sans-serif; color: #800000;\"><span style=\"font-size: x-large;\">Det t\u00e4cka k\u00f6net kan vara ot\u00e4ckt, n\u00e4r det i maktst\u00e4llning avt\u00e4cker k\u00f6net<\/span><\/span><\/strong><\/h2>\n<p>&nbsp;<\/p>\n<p class=\"western\" align=\"left\"><span style=\"font-family: Georgia, sans-serif; color: #800000;\"><span style=\"font-size: large;\"><i>M\u00e4n \u00e4r fr\u00e5n Mars, kvinnor \u00e4r fr\u00e5n Venus,<\/i> skrev den amerikanske relationsr\u00e5dgivaren <i>John Gray<\/i> 1994. Konstigt att de tv\u00e5 alls kan m\u00f6tas, tyckte han. <i>Mars<\/i> var krigets gud i antikens Rom, men ocks\u00e5 jordbrukets. <i>Venus<\/i> var k\u00e4rleksgudinnan och hade visst anknytning till tr\u00e4dg\u00e5rdsodling. \u2013 Guuud vad de kunde antyda, romarna! D\u00e4r pl\u00f6jer Mars n\u00e4ra venusberget, varvid tr\u00e4dg\u00e5rden b\u00f6rjar v\u00e4xa.<\/span><\/span><\/p>\n<p class=\"western\" align=\"left\"><span style=\"font-family: Georgia, sans-serif; color: #800000;\"><span style=\"font-size: large;\">Med en tillbakablick mot Romarriket och alla andra antika riken och \u00f6verblickande hela mellantiden fram till idag, s\u00e5 m\u00e5ste vi v\u00e4l lite till mans erk\u00e4nna, att m\u00e4nnen har utm\u00e4rkt sig f\u00f6r krigf\u00f6ring, medan kvinnorna suttit p\u00e5 piedestal f\u00f6r sk\u00f6nhetens skull, beskyddade av m\u00e4nnen.<\/span><\/span><\/p>\n<p class=\"western\" align=\"left\"><span style=\"font-family: Georgia, sans-serif; color: #800000;\"><span style=\"font-size: large;\">Samtidigt som krigen i stor utstr\u00e4ckning inte varit det minsta utm\u00e4rkta utan mest gjort skada, har den f\u00e5niga rollen som kuttersmycke varit lika f\u00f6r\u00f6dande f\u00f6r b\u00e4gge k\u00f6nen. Men har det varit s\u00e5 \u00f6verallt? Den amerikanska kulturantropologen <i>Margaret Mead<\/i> beskrev 1935 i boken <i>Kvinnligt, manligt, m\u00e4nskligt<\/i> andra s\u00e4tt att upptr\u00e4da och f\u00f6rh\u00e5lla sig till det andra k\u00f6net efter iakttagelser av olika folkslag p\u00e5 Samoa och s\u00e4rskilt p\u00e5 Nya Guinea. Hos ett av de av henne bes\u00f6kta folken var det snarare kvinnorna, som var fr\u00e5n Mars. Hos ett av de andra var b\u00e4gge k\u00f6nen enligt v\u00e4sterl\u00e4ndsk uppfattning uppenbart feminina till sitt s\u00e4tt. Om inte annat visade det, att de romerska gudabilderna knappast hade f\u00e5tt sin n\u00e4ring fr\u00e5n Nya Guinea.<\/span><\/span><\/p>\n<p class=\"western\" align=\"left\"><span style=\"font-family: Georgia, sans-serif; color: #800000;\"><span style=\"font-size: large;\">Men m\u00e4n som sl\u00e5ss och kvinnor som skyddas (av m\u00e4n som sl\u00e5r kvinnor?) tycks \u00e4nd\u00e5 vara en vanligare rollf\u00f6rdelning v\u00e4rlden \u00f6ver. Vid ett bes\u00f6k i Nordkorea 1979 fr\u00e5gade mig en korean, om jag verkligen lagade mat inf\u00f6r en kvinnas \u00f6gon. \u00bbVi hedrar kvinnan och vill skydda henne\u00ab, sa han. Jaha, samma gamla visa i v\u00e4sterlandet som i orienten. De vill skydda kvinnan fr\u00e5n allt ont, s\u00e5som hennes egna lustar och \u00f6nskem\u00e5l. F\u00f6r hennes egen skull och helt utan att fr\u00e5ga henne om lov.<\/span><\/span><\/p>\n<p class=\"western\" align=\"left\"><span style=\"font-family: Georgia, sans-serif; color: #800000;\"><span style=\"font-size: large;\">Man blir tr\u00f6tt av det uttalandet. V\u00e5ra husorgan trycker notis efter notis \u00e5ret runt om m\u00e4n som v\u00e4rnar sina kvinnor genom att best\u00e4mma \u00f6ver dem och v\u00e4rre. Just nu \u00e4r det aktuellt med en k\u00e4nd s\u00e5ngerska, vars man slagit s\u00f6nder henne men fortfarande f\u00e5r jobba p\u00e5 teatern, d\u00e4r alla vet vad han har gjort. F\u00f6r han \u00e4r ju ett stort geni. Se d\u00e4r \u00e4nnu en uttjatad plattityd!<\/span><\/span><\/p>\n<p class=\"western\" align=\"left\"><span style=\"font-family: Georgia, sans-serif; color: #800000;\"><span style=\"font-size: large;\">Men kvinnor kan ocks\u00e5 sl\u00e5ss. Det fanns ju s\u00e5dana p\u00e5 Nya Guinea. Och amazoner talas det om i historiens dunkel. Se bara den h\u00e4r 101 \u00e5r gamla tidningsnotisen om \u00bbde ryska amazonerna\u00ab:<\/span><\/span><\/p>\n<p class=\"western\" style=\"padding-left: 30px;\" align=\"left\"><span style=\"font-family: Georgia, sans-serif; color: #800000;\"><span style=\"font-size: large;\"><i>Vid den kvinnliga d\u00f6dsbataljonen intr\u00e4ffade nyligen en otreflig h\u00e4ndelse. Bataljonens medlemmar pryglade n\u00e4mligen bataljonens grundl\u00e4ggarinna, l\u00f6jtnant Boskareva halfd\u00f6d, emedan hon klandrat dem. Ett grannregemente m\u00e5ste tillkallas f\u00f6r att undertrycka oordningarna. D\u00f6dsbataljonen kommer att dessa dagar uppl\u00f6sas. Af dess medlemmar skola 250 s\u00e4ndas till den kvinnliga bataljonen vid fronten. De \u00f6friga frikallas fr\u00e5n milit\u00e4rtj\u00e4nst och hems\u00e4ndas.<\/i><\/span><\/span><\/p>\n<p class=\"western\" align=\"left\"><span style=\"font-family: Georgia, sans-serif; color: #800000;\"><span style=\"font-size: large;\">Notisen stod i finska Hufvudstadsbladet den 21 september 1917 och \u00e5terges i min bok <i>Revolutionernas och Finlands 1917 i filmkr\u00f6nikans form.<\/i> Den kvinnliga \u00bbd\u00f6dsbataljonen\u00ab var v\u00e4l en produkt av den ryska revolutionen och d\u00e4rmed f\u00f6ljande kvinnlig frig\u00f6relse (det var ju textilarbeterskornas strejk i Petrograd i mars det \u00e5ret som utgjorde den t\u00e4ndande gnistan till revolutionen).<\/span><\/span><\/p>\n<p class=\"western\" align=\"left\"><span style=\"font-family: Georgia, sans-serif; color: #800000;\"><span style=\"font-size: large;\">Och anledningen till att Kiruna filmstudio i mars alltid visar filmer med kvinnliga hj\u00e4ltar.<\/span><\/span><\/p>\n<p class=\"western\" align=\"left\"><span style=\"font-family: Georgia, sans-serif; color: #800000;\"><span style=\"font-size: large;\">Denna vecka, mars m\u00e5nads sista torsdag, visas <i>The favourite <\/i>fr\u00e5n 2018. De kvinnliga hj\u00e4ltarna i den \u00e4r tre, varav en \u00e4r rikets regerande drottning 1702 \u2013 1714, <i>Anna.<\/i> Filmen \u00e4r en mustig historia om intriger i rikets innersta rum, d\u00e4r man f\u00f6rlustar sig med kvinnorna. Det vill i detta fall s\u00e4ga, att det mest \u00e4r kvinnor, som f\u00f6rlustar sig med kvinnor.<\/span><\/span><\/p>\n<p class=\"western\" align=\"left\"><span style=\"font-family: Georgia, sans-serif; color: #800000;\"><span style=\"font-size: large;\">Men s\u00e5 f\u00e5r man v\u00e4l inte h\u00e5lla p\u00e5 i hovet? Jod\u00e5, historiens h\u00e4rskare hade visserligen krig att ombes\u00f6rja genom att besluta vem som skulle skickas ut i dem, men annars hade de nog r\u00e4tt mycket fritid i sina salonger. Och n\u00e5got m\u00e5ste de ju h\u00e5lla p\u00e5 med efter att ha kl\u00e4tts och tv\u00e4ttats av andra.<\/span><\/span><\/p>\n<p class=\"western\" style=\"padding-left: 30px;\" align=\"left\"><span style=\"font-family: Georgia, sans-serif; color: #800000;\"><span style=\"font-size: large;\">Att skildra drottning Anna p\u00e5 detta vis kanske skulle leda till livstids f\u00e4ngelse i dagens Thailand, om det handlade om deras kungahus. Det brittiska av idag t\u00e5l skildringen, det kan undertecknad intyga efter att ha sett filmen vid Piccadilly circus.<\/span><\/span><\/p>\n<p class=\"western\" align=\"left\"><span style=\"font-family: Georgia, sans-serif; color: #800000;\"><span style=\"font-size: large;\">Men har en s\u00e5dan historia n\u00e5gon verklighetsbakgrund? Efter att ha slagit i den engelska historieskrivningen, s\u00e5 tycker jag att det verkar s\u00e5.<\/span><\/span><\/p>\n<p class=\"western\" align=\"left\"><span style=\"font-family: Georgia, sans-serif; color: #800000;\"><span style=\"font-size: large;\">Anna f\u00f6ddes vid r\u00e4tt tid f\u00f6r att bli drottning. Fem \u00e5r f\u00f6re hennes f\u00f6delse 1665 blev England \u00e5ter monarki efter en elva \u00e5r l\u00e5ng period som republik. \u2013 T\u00e4nk bara, England hade f\u00f6reg\u00e5tt de franska och amerikanska revolutionerna med ett hundra \u00e5r! Hur hade det inte kunnat se ut idag, om EU-medlemmen UK i st\u00e4llet hade varit UR, F\u00f6renade republikerna England, Wales, Skottland och Nordirland? Kanske inget brexit?<\/span><\/span><\/p>\n<p class=\"western\" align=\"left\"><span style=\"font-family: Georgia, sans-serif; color: #800000;\"><span style=\"font-size: large;\">N\u00e5, lilla Anna blev i kolt\u00e5ldern lekkamrat med <i>Sarah Jennings,<\/i> som kom att gifta sig <i>Churchill<\/i> och d\u00e5 s\u00e5 sm\u00e5ningom bli <i>grevinna av Marlborough<\/i> och som vuxen upptas av Anna i hovet och alltmer f\u00f6rtrogen bli drottningens fr\u00e4msta r\u00e5dgivare. De blev ytterst f\u00f6rtroliga, om man s\u00e4ger s\u00e5, de duade varandra och kallade varandra <i>fru Morley<\/i> (grevinnan) och <i>fru Freeman<\/i> (drottningen) \u2013 var de nu fick just de namnen ifr\u00e5n.<\/span><\/span><\/p>\n<p class=\"western\" align=\"left\"><span style=\"font-family: Georgia, sans-serif; color: #800000;\"><span style=\"font-size: large;\">Men s\u00e5 br\u00f6ts idyllen av att en avl\u00e4gsen sl\u00e4kting till Sarah, <i>Abigail Hill, <\/i>i el\u00e4ndigt tillst\u00e5nd d\u00f6k upp vid slottet och s\u00f6kte jobb f\u00f6r gammal sl\u00e4ktskaps skull. Det gick henne bra, f\u00f6r efter en tid hade hon avancerat till kammarjugfru och till slut \u00e4nda in i den innersta kammaren. Att hon gifte sig <i>Masham<\/i> avbr\u00f6t inte intrigerandet i toppen.<\/span><\/span><\/p>\n<p class=\"western\" align=\"left\"><span style=\"font-family: Georgia, sans-serif; color: #800000;\"><span style=\"font-size: large;\">N\u00e4r jag l\u00e4mnade salen vid Piccadilly circus kunde jag inte l\u00e4ngre komma ih\u00e5g m\u00e4nnen i filmen. Jag mindes bara tre kvinnor. D\u00e5 stod det klart, att en s\u00e5dan film ju m\u00e5ste passa in i filmstudions marsserie, vilket jag f\u00f6rklarade f\u00f6r filmbolaget, som egentligen inte hade den till uthyrning till filmklubbar s\u00e5 tidigt. De h\u00f6ll med.<\/span><\/span><\/p>\n<p class=\"western\" align=\"left\"><span style=\"font-family: Georgia, sans-serif; color: #800000;\"><span style=\"font-size: large;\">Sedan tog \u00e4nd\u00e5 Folkets hus upp den n\u00e5gra veckor f\u00f6re filmstudion. Taskigt, men missade man filmen d\u00e5 och gillar taskspel, s\u00e5 har man chansen att se <i>Olivia Colman<\/i> (oscarsbel\u00f6nad f\u00f6r sin roll som Anna), <i>Rachel Weisz<\/i> (lady Sarah) och <i>Emma Stone <\/i>(uppkomlingen Abigail) nu p\u00e5 torsdag.<\/span><\/span><\/p>\n<p class=\"western\" align=\"right\"><em><span style=\"font-family: Verdana Italic, sans-serif; color: #800000;\"><span style=\"font-size: medium;\">En id\u00e9 i idet av Bj\u00f6rn Forseth<\/span><\/span><\/em><\/p>\n","protected":false},"excerpt":{"rendered":"<p>THE FAVOURITE Pilska potentater politiskt potenta Det t\u00e4cka k\u00f6net kan vara ot\u00e4ckt, n\u00e4r det i maktst\u00e4llning avt\u00e4cker k\u00f6net &nbsp; M\u00e4n \u00e4r fr\u00e5n Mars, kvinnor \u00e4r fr\u00e5n Venus, skrev den amerikanske relationsr\u00e5dgivaren John Gray 1994. Konstigt att de tv\u00e5 alls kan m\u00f6tas, tyckte han. Mars var krigets gud i antikens Rom, men ocks\u00e5 jordbrukets. Venus var &hellip; <\/p>\n<p class=\"link-more\"><a href=\"https:\/\/forseth.se\/?p=1325\" class=\"more-link\">Forts\u00e4tt l\u00e4sa<span class=\"screen-reader-text\"> \u201dPilska potentater politiskt potenta\u201d<\/span><\/a><\/p>\n","protected":false},"author":1,"featured_media":0,"comment_status":"closed","ping_status":"closed","sticky":false,"template":"","format":"standard","meta":{"footnotes":""},"categories":[1],"tags":[],"class_list":["post-1325","post","type-post","status-publish","format-standard","hentry","category-uncategorized"],"_links":{"self":[{"href":"https:\/\/forseth.se\/index.php?rest_route=\/wp\/v2\/posts\/1325","targetHints":{"allow":["GET"]}}],"collection":[{"href":"https:\/\/forseth.se\/index.php?rest_route=\/wp\/v2\/posts"}],"about":[{"href":"https:\/\/forseth.se\/index.php?rest_route=\/wp\/v2\/types\/post"}],"author":[{"embeddable":true,"href":"https:\/\/forseth.se\/index.php?rest_route=\/wp\/v2\/users\/1"}],"replies":[{"embeddable":true,"href":"https:\/\/forseth.se\/index.php?rest_route=%2Fwp%2Fv2%2Fcomments&post=1325"}],"version-history":[{"count":7,"href":"https:\/\/forseth.se\/index.php?rest_route=\/wp\/v2\/posts\/1325\/revisions"}],"predecessor-version":[{"id":1333,"href":"https:\/\/forseth.se\/index.php?rest_route=\/wp\/v2\/posts\/1325\/revisions\/1333"}],"wp:attachment":[{"href":"https:\/\/forseth.se\/index.php?rest_route=%2Fwp%2Fv2%2Fmedia&parent=1325"}],"wp:term":[{"taxonomy":"category","embeddable":true,"href":"https:\/\/forseth.se\/index.php?rest_route=%2Fwp%2Fv2%2Fcategories&post=1325"},{"taxonomy":"post_tag","embeddable":true,"href":"https:\/\/forseth.se\/index.php?rest_route=%2Fwp%2Fv2%2Ftags&post=1325"}],"curies":[{"name":"wp","href":"https:\/\/api.w.org\/{rel}","templated":true}]}}