{"id":1366,"date":"2019-05-07T21:36:28","date_gmt":"2019-05-07T19:36:28","guid":{"rendered":"https:\/\/forseth.se\/idet\/?p=1366"},"modified":"2019-09-06T19:09:20","modified_gmt":"2019-09-06T17:09:20","slug":"valen-valdemar","status":"publish","type":"post","link":"https:\/\/forseth.se\/?p=1366","title":{"rendered":"Valen Valdimir"},"content":{"rendered":"<p style=\"text-align: center;\"><span style=\"color: #800000;\">THE BIG SICK<\/span><\/p>\n<p style=\"text-align: center;\"><span style=\"color: #800000;\"><img loading=\"lazy\" decoding=\"async\" class=\"aligncenter size-full wp-image-1367\" src=\"https:\/\/forseth.se\/idet\/wp-content\/uploads\/2019\/05\/The-big-sick-Kumail-Nanjiani-och-Zoe-Kazan.jpg\" alt=\"\" width=\"1250\" height=\"625\" srcset=\"https:\/\/forseth.se\/wp-content\/uploads\/2019\/05\/The-big-sick-Kumail-Nanjiani-och-Zoe-Kazan.jpg 1250w, https:\/\/forseth.se\/wp-content\/uploads\/2019\/05\/The-big-sick-Kumail-Nanjiani-och-Zoe-Kazan-300x150.jpg 300w, https:\/\/forseth.se\/wp-content\/uploads\/2019\/05\/The-big-sick-Kumail-Nanjiani-och-Zoe-Kazan-768x384.jpg 768w, https:\/\/forseth.se\/wp-content\/uploads\/2019\/05\/The-big-sick-Kumail-Nanjiani-och-Zoe-Kazan-1024x512.jpg 1024w\" sizes=\"auto, (max-width: 767px) 89vw, (max-width: 1000px) 54vw, (max-width: 1071px) 543px, 580px\" \/><\/span><\/p>\n<h1 class=\"western\" align=\"center\"><strong><span style=\"font-family: Verdana Bold, sans-serif; color: #800000;\"><span style=\"font-size: 300%;\">Valen Valdimir<\/span><\/span><\/strong><\/h1>\n<h2 class=\"western\" align=\"center\"><strong><span style=\"font-family: Verdana Bold Italic, sans-serif; color: #800000;\"><span style=\"font-size: x-large;\">Idet avsl\u00f6jar den skr\u00e4mmande historien om den simmande spionen fr\u00e5n Sankt Petersburg<\/span><\/span><\/strong><\/h2>\n<p>&nbsp;<\/p>\n<p class=\"western\" align=\"left\"><span style=\"font-family: Georgia, sans-serif; color: #800000;\"><span style=\"font-size: large;\">Allt \u00e4r inte som p\u00e5 film. Det s\u00e4gs, att verkligheten \u00e4r underbarare \u00e4n dikten. Veckans amerikanska film p\u00e5 filmstudion hamnar i skuggan av de sp\u00e4nnande nyheterna fr\u00e5n Norge. F\u00f6r dem har ni v\u00e4l h\u00f6rt?<\/span><\/span><\/p>\n<p class=\"western\" align=\"left\"><span style=\"font-family: Georgia, sans-serif; color: #800000;\"><span style=\"font-size: large;\">En <i>beluga,<\/i> ett annat namn f\u00f6r vitval, har snokat i nordnorska vatten. Det f\u00e5r v\u00e4l valar g\u00f6ra, de sm\u00e5 liven. De snokar vid andra kuster ocks\u00e5. N\u00e4r jag i augusti f\u00f6rra \u00e5ret var i Tjuktjien och gick ombord p\u00e5 ett fartyg vid Anadyrbukten, kokade havet utanf\u00f6r kajen av vitval. Jag har dem p\u00e5 bild, men ingen bild blev s\u00e5 bra som de alldeles underbara fotona och filmerna fr\u00e5n Nordnorge, vilka jag rekommenderar en titt p\u00e5 <a href=\"https:\/\/photos.google.com\/share\/AF1QipPIaqIatps-gKvMJITRTf6U4XInR3G3eJtqYo2-vg2C59eyQJzJ3oeYg5pezNsXbg?key=UXpjRmdnc0hlWFVVQjQyMHNVc0hOVWpCSzMxMXZn\" target=\"_blank\" rel=\"noopener\">h\u00e4r<\/a>.<\/span><\/span><\/p>\n<p class=\"western\" align=\"left\"><span style=\"font-family: Georgia, sans-serif; color: #800000;\"><span style=\"font-size: large;\">Vid norska kusten \u00e4r man van vid s\u00e5v\u00e4l sill som sp\u00e4ckhuggare, s\u00e5 vad var s\u00e5 speciellt med denna vitval? \u2013 Jo, den var uppenbarligen tam. F\u00f6r det f\u00f6rsta f\u00f6r att den var kontakts\u00f6kande; den simmade fram till fiskeb\u00e5tar och l\u00e4t sig klappas. F\u00f6r det andra f\u00f6r att den hade koppel p\u00e5 sig.<\/span><\/span><\/p>\n<p class=\"western\" style=\"padding-left: 30px;\" align=\"left\"><span style=\"font-family: Georgia, sans-serif; color: #800000;\"><span style=\"font-size: large;\">Koppel. S\u00e5dana har man hundar i, n\u00e5gon enstaka g\u00e5ng kan man ha ett barn i koppel, tjudrat vid en tall s\u00e5 att det inte n\u00e5r fram till den nyf\u00f6dda lillbrorsan, som snusar i vaggan d\u00e4r i gl\u00e4ntan ovetande om sin svartsjuka storebror. En metod n\u00e4r man \u00e4r ensam med barnen och m\u00e5ste laga mat och s\u00e5dant.<\/span><\/span><\/p>\n<p class=\"western\" align=\"left\"><span style=\"font-family: Georgia, sans-serif; color: #800000;\"><span style=\"font-size: large;\">N\u00e5, den rara vitvalen hade koppel p\u00e5 sig, vilket den inte hade snott in sig i bland allt skr\u00e4p i v\u00e4rldshaven. Det var ordentligt selat p\u00e5 valen. Norska fiskeriverket s\u00e4nde ut en r\u00e4ddningspatrull, vana som de var vid att djur fastnar i skr\u00e4p. De klappade och matade valen, tills de kom \u00e5t att sj\u00e4lva simmandes f\u00e5 loss kopplet.<\/span><\/span><\/p>\n<p class=\"western\" align=\"left\"><span style=\"font-family: Georgia, sans-serif; color: #800000;\"><span style=\"font-size: large;\">Nu kommer det sp\u00e4nnande. Kopplet hade ett sp\u00e4nne med firmam\u00e4rket<\/span><\/span><\/p>\n<p class=\"western\" align=\"center\"><span style=\"font-family: Georgia, sans-serif; color: #800000;\"><span style=\"font-size: large;\"><b><img loading=\"lazy\" decoding=\"async\" class=\"aligncenter size-full wp-image-1368\" src=\"https:\/\/forseth.se\/idet\/wp-content\/uploads\/2019\/05\/valkoppel.jpg\" alt=\"\" width=\"1000\" height=\"478\" srcset=\"https:\/\/forseth.se\/wp-content\/uploads\/2019\/05\/valkoppel.jpg 1000w, https:\/\/forseth.se\/wp-content\/uploads\/2019\/05\/valkoppel-300x143.jpg 300w, https:\/\/forseth.se\/wp-content\/uploads\/2019\/05\/valkoppel-768x367.jpg 768w\" sizes=\"auto, (max-width: 767px) 89vw, (max-width: 1000px) 54vw, (max-width: 1071px) 543px, 580px\" \/><\/b><\/span><\/span><\/p>\n<p class=\"western\" align=\"center\"><span style=\"color: #800000;\"><span style=\"font-family: Helvetica, sans-serif;\"><span style=\"font-size: large;\">(Syns det d\u00e5ligt? D\u00e4r st\u00e5r <b>ST. PETERSBURG EQUIPMENT<\/b>)<\/span><\/span><\/span><\/p>\n<p class=\"western\" align=\"left\"><span style=\"font-family: Georgia, sans-serif; color: #800000;\"><span style=\"font-size: large;\">och d\u00e5 m\u00e5ste det f\u00f6rst\u00e5s vara en rysk spionval. I folkhumorn d\u00f6ptes den snart till (jag f\u00f6rsvenskar stavningen) <i>Valdimir.<\/i> Det hade man ju h\u00f6rt, att ryska marinen dresserar delfiner och dylika intelligenta djur till yrkessoldater. Eller dito sj\u00f6m\u00e4n.<\/span><\/span><\/p>\n<p class=\"western\" style=\"padding-left: 30px;\" align=\"left\"><span style=\"font-family: Georgia, sans-serif; color: #800000;\"><span style=\"font-size: large;\">Det \u00e4r m\u00f6jligt. Den svenska marinen bedrev under andra v\u00e4rldskriget avancerad milit\u00e4r tr\u00e4ning med s\u00e4lar, kloka som hundar \u2013 och ocks\u00e5 de m\u00e5ste ibland selas.<\/span><\/span><\/p>\n<p class=\"western\" align=\"left\"><span style=\"font-family: Georgia, sans-serif; color: #800000;\"><span style=\"font-size: large;\">Den uppm\u00e4rksamme l\u00e4saren torde dock ha undrat, varf\u00f6r det petersburgska firmam\u00e4rket \u00e4r skrivet med latinska bokst\u00e4ver och p\u00e5 engelska. \u00c4r ryssarna lika amerikaniserade som vi, m\u00e5nne? Borde det inte ha st\u00e5tt<\/span><\/span><\/p>\n<p class=\"western\" align=\"center\"><span style=\"font-family: Georgia, sans-serif; color: #800000;\"><span style=\"font-size: large;\"><b>\u0421\u0422. \u041f\u0415\u0422\u0415\u0420\u0411\u0423\u0420\u0413 \u0421\u041d\u0410\u0420\u042f\u0416\u0415\u041d\u0418\u0415<\/b><\/span><\/span><\/p>\n<p class=\"western\" align=\"left\"><span style=\"font-family: Georgia, sans-serif; color: #800000;\"><span style=\"font-size: large;\">eller n\u00e5got i den stilen? I de norska och engelska tidningsartiklar om Valdimir jag sett st\u00e4ller sig ingen den fr\u00e5gan. Sj\u00e4lv har jag f\u00f6rst\u00e5s h\u00f6rt talas om andra Sankt Petersburg \u00e4n originalet. Det finns till exempel en s\u00e5dan stad i Florida i F\u00f6renta staterna. En kuststad som kanske har f\u00f6retag som tillverkar b\u00e4ltessp\u00e4nnen, och rentav med engelsk text. Och kanske finns det n\u00e5gonstans l\u00e4ngs den kusten ett delfinarium som f\u00f6rlorat n\u00e5gon rymmare?<\/span><\/span><\/p>\n<p class=\"western\" align=\"left\"><span style=\"font-family: Georgia, sans-serif; color: #800000;\"><span style=\"font-size: large;\">Bara en tanke.<\/span><\/span><\/p>\n<p class=\"western\" align=\"left\"><span style=\"font-family: Georgia, sans-serif; color: #800000;\"><span style=\"font-size: large;\">Spionjakten har bevakats \u00e4ven i rysk press. De har nog roligt. Men svenska medier som s\u00e5 g\u00e4rna kastar sig \u00f6ver alla ryska spion\u00e4mnen tycks ha missat Valdimir. Eller har jag inte f\u00f6ljt med?<\/span><\/span><\/p>\n<p class=\"western\" align=\"left\"><span style=\"font-family: Georgia, sans-serif; color: #800000;\"><span style=\"font-size: large;\">Nog om det. P\u00e5 torsdag forts\u00e4tter v\u00e5rs\u00e4songens sista filmserie i filmstudion med en amerikansk romantisk komedi om valfrihet. Inte frihet fr\u00e5n n\u00e4rg\u00e5ngna sm\u00e5valar utan fr\u00e5n kulturkrockar. En kille f\u00f6dd i Pakistan blir k\u00e4r i en helylleamerikanska. I USA. Dit hade familjen flyttat f\u00f6r att f\u00e5 valfrihet, men det f\u00e5r ju inte han, eftersom de vill att han ska hitta en fin pakistanska.<\/span><\/span><\/p>\n<p class=\"western\" align=\"left\"><span style=\"font-family: Georgia, sans-serif; color: #800000;\"><span style=\"font-size: large;\">T\u00e4rningen \u00e4r allts\u00e5 kastad f\u00f6r ett drama p\u00e5 torsdag.<\/span><\/span><\/p>\n<p class=\"western\" align=\"right\"><em><span style=\"font-family: Verdana Italic, sans-serif; color: #800000;\"><span style=\"font-size: medium;\">En id\u00e9 i idet av Bj\u00f6rn Forseth<\/span><\/span><\/em><\/p>\n","protected":false},"excerpt":{"rendered":"<p>THE BIG SICK Valen Valdimir Idet avsl\u00f6jar den skr\u00e4mmande historien om den simmande spionen fr\u00e5n Sankt Petersburg &nbsp; Allt \u00e4r inte som p\u00e5 film. Det s\u00e4gs, att verkligheten \u00e4r underbarare \u00e4n dikten. Veckans amerikanska film p\u00e5 filmstudion hamnar i skuggan av de sp\u00e4nnande nyheterna fr\u00e5n Norge. F\u00f6r dem har ni v\u00e4l h\u00f6rt? En beluga, ett &hellip; <\/p>\n<p class=\"link-more\"><a href=\"https:\/\/forseth.se\/?p=1366\" class=\"more-link\">Forts\u00e4tt l\u00e4sa<span class=\"screen-reader-text\"> \u201dValen Valdimir\u201d<\/span><\/a><\/p>\n","protected":false},"author":1,"featured_media":0,"comment_status":"closed","ping_status":"closed","sticky":false,"template":"","format":"standard","meta":{"footnotes":""},"categories":[1],"tags":[],"class_list":["post-1366","post","type-post","status-publish","format-standard","hentry","category-uncategorized"],"_links":{"self":[{"href":"https:\/\/forseth.se\/index.php?rest_route=\/wp\/v2\/posts\/1366","targetHints":{"allow":["GET"]}}],"collection":[{"href":"https:\/\/forseth.se\/index.php?rest_route=\/wp\/v2\/posts"}],"about":[{"href":"https:\/\/forseth.se\/index.php?rest_route=\/wp\/v2\/types\/post"}],"author":[{"embeddable":true,"href":"https:\/\/forseth.se\/index.php?rest_route=\/wp\/v2\/users\/1"}],"replies":[{"embeddable":true,"href":"https:\/\/forseth.se\/index.php?rest_route=%2Fwp%2Fv2%2Fcomments&post=1366"}],"version-history":[{"count":7,"href":"https:\/\/forseth.se\/index.php?rest_route=\/wp\/v2\/posts\/1366\/revisions"}],"predecessor-version":[{"id":1405,"href":"https:\/\/forseth.se\/index.php?rest_route=\/wp\/v2\/posts\/1366\/revisions\/1405"}],"wp:attachment":[{"href":"https:\/\/forseth.se\/index.php?rest_route=%2Fwp%2Fv2%2Fmedia&parent=1366"}],"wp:term":[{"taxonomy":"category","embeddable":true,"href":"https:\/\/forseth.se\/index.php?rest_route=%2Fwp%2Fv2%2Fcategories&post=1366"},{"taxonomy":"post_tag","embeddable":true,"href":"https:\/\/forseth.se\/index.php?rest_route=%2Fwp%2Fv2%2Ftags&post=1366"}],"curies":[{"name":"wp","href":"https:\/\/api.w.org\/{rel}","templated":true}]}}