{"id":1375,"date":"2019-05-13T23:06:18","date_gmt":"2019-05-13T21:06:18","guid":{"rendered":"https:\/\/forseth.se\/idet\/?p=1375"},"modified":"2019-05-29T18:10:36","modified_gmt":"2019-05-29T16:10:36","slug":"fralsaren","status":"publish","type":"post","link":"https:\/\/forseth.se\/?p=1375","title":{"rendered":"Fr\u00e4lsaren"},"content":{"rendered":"<p style=\"text-align: center;\"><span style=\"color: #800000;\">FLAMMAN &amp; CITRONEN<\/span><\/p>\n<p style=\"text-align: center;\"><span style=\"color: #800000;\"><img loading=\"lazy\" decoding=\"async\" class=\"aligncenter size-full wp-image-1376\" src=\"https:\/\/forseth.se\/idet\/wp-content\/uploads\/2019\/05\/Flamman-Citronen-1.jpg\" alt=\"\" width=\"1105\" height=\"765\" srcset=\"https:\/\/forseth.se\/wp-content\/uploads\/2019\/05\/Flamman-Citronen-1.jpg 1105w, https:\/\/forseth.se\/wp-content\/uploads\/2019\/05\/Flamman-Citronen-1-300x208.jpg 300w, https:\/\/forseth.se\/wp-content\/uploads\/2019\/05\/Flamman-Citronen-1-768x532.jpg 768w, https:\/\/forseth.se\/wp-content\/uploads\/2019\/05\/Flamman-Citronen-1-1024x709.jpg 1024w\" sizes=\"auto, (max-width: 767px) 89vw, (max-width: 1000px) 54vw, (max-width: 1071px) 543px, 580px\" \/><\/span><\/p>\n<h1 class=\"western\" align=\"center\"><strong><span style=\"font-family: Verdana Bold, sans-serif; color: #800000;\"><span style=\"font-size: 300%;\">Fr\u00e4lsaren<\/span><\/span><\/strong><\/h1>\n<h2 class=\"western\" align=\"center\"><strong><span style=\"font-family: Verdana Bold Italic, sans-serif; color: #800000;\"><span style=\"font-size: x-large;\">\u00c4r det h\u00e4diskt att tala om Bibeln och Sagan om ringen i samma andetag?<\/span><\/span><\/strong><\/h2>\n<p class=\"western\" align=\"left\"><span style=\"font-family: Georgia, sans-serif; color: #800000;\"><span style=\"font-size: large;\">Klimatf\u00f6r\u00e4ndringen \u00e4r en kris, fr\u00e5n vilken v\u00e4rlden s\u00f6ker en r\u00e4ddare. F\u00f6rutsatt att man tror p\u00e5 m\u00e4nniskans roll i jordens uppv\u00e4rmning.<\/span><\/span><\/p>\n<p class=\"western\" align=\"left\"><span style=\"font-family: Georgia, sans-serif; color: #800000;\"><span style=\"font-size: large;\">I sv\u00e5ra tider s\u00f6ker m\u00e4nniskorna tr\u00f6st och hoppas p\u00e5 n\u00e5gon, som kan stiga fram och fr\u00e4lsa dem ur sv\u00e5righeterna. Tr\u00f6st fick m\u00e4nniskorna i opium, har <i>Karl Marx<\/i> <b>inte<\/b> sagt. Religionen var \u00bbett opium f\u00f6r folket\u00ab, skrev han. D\u00e5 b\u00f6r man t\u00e4nka p\u00e5, att opium p\u00e5 hans tid i f\u00f6rsta hand var k\u00e4nt som ett sm\u00e4rtlindrande medel. Religion kunde allts\u00e5 som opium lindra de sm\u00e4rtor folket k\u00e4nde.<\/span><\/span><\/p>\n<p class=\"western\" align=\"left\"><span style=\"font-family: Georgia, sans-serif; color: #800000;\"><span style=\"font-size: large;\">F\u00f6rutom sm\u00e4rtlindring och tr\u00f6st s\u00f6ker m\u00e4nniskorna i el\u00e4ndiga tider g\u00e4rna en r\u00e4ddare \u2013 eller som man oftare sa f\u00f6rr: en fr\u00e4lsare. Bokens folk \u2013 allts\u00e5 <i>Bibelns<\/i> \u2013 v\u00e4ntade p\u00e5 en fr\u00e4lsare som skulle r\u00e4dda dem fr\u00e5n allt el\u00e4nde. Judarna v\u00e4ntar \u00e4n p\u00e5 Messias, de kristna menar att <i>Jesus fr\u00e5n Nasaret<\/i> var Han och muslimerna v\u00e4ntar p\u00e5 <i>mahdin.<\/i> Inf\u00f6r dagens stora milj\u00f6kris har \u00e4nnu inga f\u00f6rv\u00e4ntningar st\u00e4llts p\u00e5 n\u00e5gon s\u00e4rskild fr\u00e4lsare. Vetenskapen och <i>Greta Thunberg<\/i> v\u00e4nder sig till de existerande m\u00e4nniskorna, folket, med hopp om att massorna ska vakna och g\u00f6ra n\u00e5got \u00e5t den fara, som hotar.<\/span><\/span><\/p>\n<p class=\"western\" align=\"left\"><span style=\"font-family: Georgia, sans-serif; color: #800000;\"><span style=\"font-size: large;\">Dagens yngre svenska generationer \u00e4r mindre bevandrade i Bibeln \u00e4n min men m\u00f6jligen mer i <i>Sagan om ringen-<\/i>trilogin. S\u00e4rskilt i filmens form. D\u00e4r finns ocks\u00e5 fr\u00e4lsare, som funnits slumrande n\u00e5gonstans i historiens bakgrund, beredda att rycka in n\u00e4r stora faror hotar i likhet med den medeltida tyska <i>Fredrik Barbarossa,<\/i> som ska ha suttit med sk\u00e4gget fastvuxet i en klippa i v\u00e4ntan p\u00e5 att n\u00e4r det tyska folket var i n\u00f6d vakna upp och fr\u00e4lsa dem. Fr\u00e4lsaren kan rentav vara en liten hobbit.<\/span><\/span><\/p>\n<p class=\"western\" align=\"left\"><span style=\"font-family: Georgia, sans-serif; color: #800000;\"><span style=\"font-size: large;\">I flera l\u00e4nder r\u00f6star folk p\u00e5 vad de tror vara en stark ledare, som ska f\u00f6ra dem ut ur kriminalitet och mis\u00e4r. G\u00f6r de det kan de \u00f6verse med demokrati och s\u00e5dant. <i>Adolf Hitler<\/i> valdes och f\u00f6ljdes \u00e4nda ner i f\u00f6rd\u00e4rvet. <i>Djingis khan<\/i> var inte vald enligt moderna demokratiska metoder men hyllas i Mongoliet idag som en fr\u00e4lsare, den som enade de mongolska stammarna. Ungef\u00e4r som <i>Gustav Vasa<\/i> anses ha enat svenskarna och skapat det moderna Sverige. Nordkoreas ledare avgudas i linje med hur <i>prins Sihanouk<\/i> avgudades i Kambodja. Och <i>Josef Stalins<\/i> f\u00f6rtj\u00e4nster som ledare under andra v\u00e4rldskriget v\u00e4ger fortfarande starkt i den forna Sovjetunionen, trots f\u00f6rf\u00f6ljelser och terror under hans regim.<\/span><\/span><\/p>\n<p class=\"western\" style=\"padding-left: 30px;\" align=\"left\"><span style=\"font-family: Georgia, sans-serif; color: #800000;\"><span style=\"font-size: large;\">Svenskar har dock mycket sv\u00e5rt att f\u00f6rst\u00e5 s\u00e5dana resonemang, vilket jag personligen erfarit. En lumparkompis, som jag i tv\u00e5 \u00e5rs tid under v\u00e5r ungdom delat tillvaron med, fr\u00e5gade mig h\u00e4rom \u00e5ret vad jag tyckte om Stalin. Fr\u00e5gan kom utan f\u00f6reg\u00e5ende diskussion, och jag trodde att han v\u00e4ntade sig n\u00e5gon djupare analys. Men jag hade annat f\u00f6r mig d\u00e5 och uppsk\u00f6t analysen genom att svara som min mor sa en g\u00e5ng: Han var en buse. Det fick min v\u00e4n att tv\u00e4rt och definitivt bryta med mig.<\/span><\/span><\/p>\n<p class=\"western\" style=\"padding-left: 30px;\" align=\"left\"><span style=\"font-family: Georgia, sans-serif; color: #800000;\"><span style=\"font-size: large;\">Hade han fr\u00e5gat vad jag tyckte om <i>Winston Churchill,<\/i> skulle jag nog ha svarat \u00bben buse\u00ab den g\u00e5ngen ocks\u00e5. Men d\u00e5 hade jag f\u00e5tt f\u00f6ljdfr\u00e5gor, f\u00f6r i v\u00e5r del av v\u00e4rlden har denne engelsman enbart beskrivits som en <i>Nelson Mandela-<\/i>typ. Att Churchill l\u00e4nge hyllade <i>Benito Mussolini<\/i> och <i>Francesco Franco<\/i> och hade ett par miljoner indiers blod p\u00e5 sina h\u00e4nder i samband med den bengaliska sv\u00e4lten f\u00f6rbig\u00e5s i Churchillbiografiska filmer som <i>Darkest hour<\/i> (2017).<\/span><\/span><\/p>\n<p class=\"western\" align=\"left\"><span style=\"font-family: Georgia, sans-serif; color: #800000;\"><span style=\"font-size: large;\">Svenskar brukar allts\u00e5 inte f\u00f6rst\u00e5 \u00e5 ena sidan \u2013 \u00e5 andra sidan-resonemang, men jag s\u00e4ger om b\u00e5de Churchill och Stalin, att det var tur f\u00f6r oss att de ledde kampen mot Hitler. De var v\u00e5ra fr\u00e4lsare d\u00e5.<\/span><\/span><\/p>\n<p class=\"western\" align=\"left\"><span style=\"font-family: Georgia, sans-serif; color: #800000;\"><span style=\"font-size: large;\">L\u00e5ngt tillbaka i historien fanns s\u00e5dana ledare i krissituationer, som f\u00f6r oss liknar sagor. P\u00e5 elvahundratalet fanns det en dansk sagohj\u00e4lte, <i>Holger Danske,<\/i> som p\u00e5 klassiskt man\u00e9r v\u00e4ntades dyka upp n\u00e4r nationen var i fara. Det tog n\u00e5gra danska partisaner fasta p\u00e5 under <i>besettelsen<\/i> \u2013 den tyska ockupationen under andra v\u00e4rldskriget \u2013 och ben\u00e4mnde sin motst\u00e5ndsgrupp efter honom.<\/span><\/span><\/p>\n<p class=\"western\" align=\"left\"><span style=\"font-family: Georgia, sans-serif; color: #800000;\"><span style=\"font-size: large;\">Om dessa Holger Danske-kommandon handlar filmstudions n\u00e4st sista film f\u00f6r v\u00e5rs\u00e4songen, <i>Flamman &amp; Citronen<\/i> (2008), nu p\u00e5 torsdag. Citron stavas f\u00f6rst\u00e5s inte med stort C i vanliga fall, men h\u00e4r \u00e4r det (precis som Flamman) ett t\u00e4cknamn. K\u00e4mpar i en motst\u00e5ndsr\u00f6relse g\u00e5r ju inte kl\u00e4dda i uniform utan lever farligt dubbelliv. Motst\u00e5ndaren kallar dem d\u00e4rf\u00f6r terrorister, vilket envar b\u00f6r t\u00e4nka p\u00e5, n\u00e4r det i massmedierna talas om terrorister. Ockupanter kallar alltid medborgerligt motst\u00e5nd f\u00f6r terrorism. Det betyder inte att det inte finns terrorister. Ytligt liknar terrorister och terrorister varandra, men civila motst\u00e5ndsr\u00f6relser \u00e4r faktiskt erk\u00e4nda som kombattanter i krigets lagar, om de bara visar sina vapen \u00f6ppet i stridssituationer (f\u00f6re 1977 kr\u00e4vdes dock att de ocks\u00e5 bar \u00e5tminstone n\u00e5got slags k\u00e4nnetecken s\u00e5som f\u00f6rbands- eller nationalitetsemblem).<\/span><\/span><\/p>\n<p class=\"western\" align=\"left\"><span style=\"font-family: Georgia, sans-serif; color: #800000;\"><span style=\"font-size: large;\">Motst\u00e5ndsmannen Flamman spelas h\u00e4r av <i>Thure Lindhardt,<\/i> en sk\u00e5despelare vi alla sett som <i>Sagas<\/i> danske kollega <i>Henrik<\/i> i teveserien <i>Bron <\/i>(2015 \u00ad\u2013 2018). Citronen \u00e4r den h\u00f6gst bioaktuelle <i>Mads Mikkelsen<\/i> (som ocks\u00e5 slog igenom i en teveserie, <i>Mordkommissionen <\/i>(2000 \u2013 2004).<\/span><\/span><\/p>\n<p class=\"western\" align=\"right\"><span style=\"color: #800000;\"><em><span style=\"font-family: Verdana Italic, sans-serif;\"><span style=\"font-size: medium;\">En id\u00e9 i idet av Bj\u00f6rn Forseth<\/span><\/span><\/em><\/span><\/p>\n","protected":false},"excerpt":{"rendered":"<p>FLAMMAN &amp; CITRONEN Fr\u00e4lsaren \u00c4r det h\u00e4diskt att tala om Bibeln och Sagan om ringen i samma andetag? Klimatf\u00f6r\u00e4ndringen \u00e4r en kris, fr\u00e5n vilken v\u00e4rlden s\u00f6ker en r\u00e4ddare. F\u00f6rutsatt att man tror p\u00e5 m\u00e4nniskans roll i jordens uppv\u00e4rmning. I sv\u00e5ra tider s\u00f6ker m\u00e4nniskorna tr\u00f6st och hoppas p\u00e5 n\u00e5gon, som kan stiga fram och fr\u00e4lsa dem &hellip; <\/p>\n<p class=\"link-more\"><a href=\"https:\/\/forseth.se\/?p=1375\" class=\"more-link\">Forts\u00e4tt l\u00e4sa<span class=\"screen-reader-text\"> \u201dFr\u00e4lsaren\u201d<\/span><\/a><\/p>\n","protected":false},"author":1,"featured_media":0,"comment_status":"closed","ping_status":"closed","sticky":false,"template":"","format":"standard","meta":{"footnotes":""},"categories":[1],"tags":[],"class_list":["post-1375","post","type-post","status-publish","format-standard","hentry","category-uncategorized"],"_links":{"self":[{"href":"https:\/\/forseth.se\/index.php?rest_route=\/wp\/v2\/posts\/1375","targetHints":{"allow":["GET"]}}],"collection":[{"href":"https:\/\/forseth.se\/index.php?rest_route=\/wp\/v2\/posts"}],"about":[{"href":"https:\/\/forseth.se\/index.php?rest_route=\/wp\/v2\/types\/post"}],"author":[{"embeddable":true,"href":"https:\/\/forseth.se\/index.php?rest_route=\/wp\/v2\/users\/1"}],"replies":[{"embeddable":true,"href":"https:\/\/forseth.se\/index.php?rest_route=%2Fwp%2Fv2%2Fcomments&post=1375"}],"version-history":[{"count":4,"href":"https:\/\/forseth.se\/index.php?rest_route=\/wp\/v2\/posts\/1375\/revisions"}],"predecessor-version":[{"id":1390,"href":"https:\/\/forseth.se\/index.php?rest_route=\/wp\/v2\/posts\/1375\/revisions\/1390"}],"wp:attachment":[{"href":"https:\/\/forseth.se\/index.php?rest_route=%2Fwp%2Fv2%2Fmedia&parent=1375"}],"wp:term":[{"taxonomy":"category","embeddable":true,"href":"https:\/\/forseth.se\/index.php?rest_route=%2Fwp%2Fv2%2Fcategories&post=1375"},{"taxonomy":"post_tag","embeddable":true,"href":"https:\/\/forseth.se\/index.php?rest_route=%2Fwp%2Fv2%2Ftags&post=1375"}],"curies":[{"name":"wp","href":"https:\/\/api.w.org\/{rel}","templated":true}]}}