{"id":1436,"date":"2019-10-06T13:06:47","date_gmt":"2019-10-06T11:06:47","guid":{"rendered":"https:\/\/forseth.se\/idet\/?p=1436"},"modified":"2019-10-15T16:45:12","modified_gmt":"2019-10-15T14:45:12","slug":"mimans-forbannelse","status":"publish","type":"post","link":"https:\/\/forseth.se\/?p=1436","title":{"rendered":"Mimans f\u00f6rbannelse"},"content":{"rendered":"<p style=\"text-align: center;\"><span style=\"color: #800000;\">ANIARA<\/span><\/p>\n<p style=\"text-align: center;\"><span style=\"color: #800000;\"><img loading=\"lazy\" decoding=\"async\" class=\"aligncenter size-full wp-image-1437\" src=\"https:\/\/forseth.se\/idet\/wp-content\/uploads\/2019\/10\/Aniara.jpeg\" alt=\"\" width=\"1000\" height=\"1110\" srcset=\"https:\/\/forseth.se\/wp-content\/uploads\/2019\/10\/Aniara.jpeg 1000w, https:\/\/forseth.se\/wp-content\/uploads\/2019\/10\/Aniara-270x300.jpeg 270w, https:\/\/forseth.se\/wp-content\/uploads\/2019\/10\/Aniara-768x852.jpeg 768w, https:\/\/forseth.se\/wp-content\/uploads\/2019\/10\/Aniara-923x1024.jpeg 923w\" sizes=\"auto, (max-width: 767px) 89vw, (max-width: 1000px) 54vw, (max-width: 1071px) 543px, 580px\" \/><\/span><\/p>\n<h2 class=\"western\" align=\"center\"><strong><span style=\"font-family: Verdana Bold, sans-serif; color: #800000;\"><span style=\"font-size: 300%;\">Mimans f\u00f6rbannelse<\/span><\/span><\/strong><\/h2>\n<p>&nbsp;<\/p>\n<p class=\"western\" align=\"center\"><strong><span style=\"font-family: Verdana Bold Italic, sans-serif; color: #800000;\"><span style=\"font-size: x-large;\">Ett litet steg f\u00f6r kommunen,<\/span><\/span><\/strong><\/p>\n<p style=\"text-align: center;\"><strong><span style=\"font-family: Verdana Bold Italic, sans-serif; color: #800000;\"><span style=\"font-size: x-large;\">ett j\u00e4ttekliv f\u00f6r censuren<\/span><\/span><\/strong><\/p>\n<p>&nbsp;<\/p>\n<p class=\"western\" align=\"left\"><span style=\"font-family: Georgia, sans-serif; color: #800000;\"><span style=\"font-size: large;\">V\u00e4rlden har roliga politiker nuf\u00f6rtiden. Dels har de roliga frisyrer, dels skryter de med okunnighet och s\u00e4ger vad som faller dem in, vilket inte j\u00e4mt faller v\u00e4l ut. De finns i stort som i sm\u00e5tt. Enfald t\u00e5l stundom att skrattas \u00e5t, men lokalpolitiker kan f\u00e5 en att s\u00e4tta skrattet i halsen. Ty det som b\u00f6rjar som enfald v\u00e4njer man sig vid allteftersom, men tids nog kan det leda till \u00e5siktsstyrning. Vem av dem som r\u00f6stat in dessa politiker kommer d\u00e5 att reagera d\u00e4remot?<\/span><\/span><\/p>\n<p class=\"western\" style=\"padding-left: 30px;\" align=\"left\"><span style=\"font-family: Verdana, sans-serif; color: #800000;\"><span style=\"font-size: medium;\">\u00bbUnder m\u00e5nga \u00e5r har beslutsfattare och \u00e5h\u00f6rare i J\u00e4rf\u00e4llas kommunfullm\u00e4ktigesal kunnat se konstverket &#8221;I Amelins anda&#8221; p\u00e5 en av v\u00e4ggarna. Men inte l\u00e4ngre. Kommunstyrelsens ordf\u00f6rande Emma Feldman (M) har beslutat plocka ner den.<\/span><\/span><\/p>\n<p class=\"western\" style=\"padding-left: 30px;\" align=\"left\"><span style=\"color: #800000;\">\u2013 <span style=\"font-family: Verdana, sans-serif;\"><span style=\"font-size: medium;\">Den \u00e4r inte l\u00e4mplig p\u00e5 en plats d\u00e4r vi fattar demokratiska beslut, s\u00e4ger hon.<\/span><\/span><\/span><\/p>\n<p class=\"western\" style=\"padding-left: 30px;\" align=\"left\"><span style=\"font-family: Verdana, sans-serif; color: #800000;\"><span style=\"font-size: medium;\">Tavlan, en tr\u00e4relief gjord av Lenny Clarh\u00e4ll, best\u00e4lldes av kommunen p\u00e5 80-talet. Motivet \u00e4r pr\u00e4glat av arbetarromantik och, enligt Emma Feldman, symboler f\u00f6r antidemokratiska v\u00e4rderingar.<\/span><\/span><\/p>\n<p class=\"western\" style=\"padding-left: 30px;\" align=\"left\"><span style=\"color: #800000;\">\u2013 <span style=\"font-family: Verdana, sans-serif;\"><span style=\"font-size: medium;\">Den \u00e4r en hyllning till Karl Marx och ideologier som en majoritet av J\u00e4rf\u00e4llas befolkning inte st\u00e5r bakom, som m\u00e5nga inv\u00e5nare dessutom flytt ifr\u00e5n, s\u00e4ger hon.\u00ab<\/span><\/span><\/span><\/p>\n<p class=\"western\" align=\"right\"><span style=\"font-family: Georgia, sans-serif; color: #800000;\"><span style=\"font-size: medium;\">Mitt i J\u00e4rf\u00e4lla 2019-09-17<\/span><\/span><\/p>\n<p class=\"western\" style=\"padding-left: 30px;\" align=\"left\"><span style=\"font-family: Verdana, sans-serif; color: #800000;\"><span style=\"font-size: medium;\">\u00bbKonstverket \u201dI Amelins anda\u201d best\u00e4lldes av J\u00e4rf\u00e4lla kommun p\u00e5 1980-talet och har l\u00e4nge h\u00e4ngt p\u00e5 en av v\u00e4ggarna i kommunfullm\u00e4ktigesalen. Tr\u00e4reliefen \u00e4r gjord av skulpt\u00f6ren Lenny Clarh\u00e4ll och anspelar p\u00e5 konstn\u00e4ren Albin Amelin, som ofta skildrade arbetare i sin konst. <\/span><\/span><\/p>\n<p class=\"western\" style=\"padding-left: 30px;\" align=\"left\"><span style=\"font-family: Verdana, sans-serif; color: #800000;\"><span style=\"font-size: medium;\">Nu har kommunstyrelsens ordf\u00f6rande Emma Feldman (M) beslutat att tavlan ska plockas ner, bland annat f\u00f6r att ett exemplar av Karl Marx \u201dKapitalet\u201d syns i konstverket.\u00ab<\/span><\/span><\/p>\n<p class=\"western\" align=\"right\"><span style=\"font-family: Georgia, sans-serif; color: #800000;\"><span style=\"font-size: medium;\">Dagens Nyheter 2019-09-18<\/span><\/span><\/p>\n<p class=\"western\" align=\"left\"><span style=\"font-family: Georgia, sans-serif; color: #800000;\"><span style=\"font-size: large;\">Huvaligen! Ett exemplar av en bok, som l\u00e4ses p\u00e5 universitet med kapitelrubriker som <i>Det produktiva kapitalets kretslopp<\/i> och <i>Varuoms\u00e4ttningens f\u00f6rmedling genom penningcirkulationen<\/i> f\u00e5r naturligtvis inte f\u00f6rh\u00e4rligas.<\/span><\/span><\/p>\n<p class=\"western\" align=\"left\"><span style=\"font-family: Georgia, sans-serif; color: #800000;\"><span style=\"font-size: large;\">Och i S\u00f6lvesborg ska medborgarna skyddas fr\u00e5n osund konst:<\/span><\/span><\/p>\n<p class=\"western\" style=\"padding-left: 30px;\" align=\"left\"><span style=\"font-family: Verdana, sans-serif; color: #800000;\"><span style=\"font-size: medium;\">\u00bb\u2013 Vi kommer k\u00f6pa in s\u00e5dan konst som tilltalar det stora flertalet medborgare, s\u00e4ger Rolf Hans Berg (SD), ordf\u00f6rande f\u00f6r Fritids- och kulturn\u00e4mnden, till Kulturnyheterna.<\/span><\/span><\/p>\n<p class=\"western\" style=\"padding-left: 30px;\" align=\"left\"><span style=\"color: #800000;\">\u2013 <span style=\"font-family: Verdana, sans-serif;\"><span style=\"font-size: medium;\">Det \u00e4r klart att om du vill ha \u201dmenskonst\u201d hemma vid matsalsbordet ska du k\u00f6pa det, men jag tror inte medborgarna uppskattar s\u00e5dan konst i kommunens \u00e4go.\u00ab<\/span><\/span><\/span><\/p>\n<p class=\"western\" align=\"right\"><span style=\"font-family: Georgia, sans-serif; color: #800000;\"><span style=\"font-size: medium;\">SVT 2019-09-09<\/span><\/span><\/p>\n<p class=\"western\" align=\"left\"><span style=\"font-family: Georgia, sans-serif; color: #800000;\"><span style=\"font-size: large;\">Mensa \u00e4r namnet p\u00e5 en f\u00f6rening f\u00f6r m\u00e4nniskor som anser sig vara klyftigare \u00e4n andra. Jag anar dock, att ordf\u00f6randen inte syftar p\u00e5 den och s\u00f6ker upp kommunens offentliga protokoll:<\/span><\/span><\/p>\n<p class=\"western\" style=\"padding-left: 30px;\" align=\"left\"><span style=\"font-family: Verdana, sans-serif; color: #800000;\"><span style=\"font-size: medium;\">\u00bbN\u00e4r konst k\u00f6ps in av kommunen ska tidl\u00f6s och klassisk konst som ger uttryck f\u00f6r och harmoniserar med kommunens historia, lokala identitet och fysiskt bebyggd milj\u00f6, s\u00e4ttas framf\u00f6r utmanande samtidskonst.\u00ab<\/span><\/span><\/p>\n<p class=\"western\" align=\"right\"><span style=\"font-family: Georgia, sans-serif; color: #800000;\"><span style=\"font-size: medium;\">Punkt 200 i \u00bbHandlingsprogram f\u00f6r S\u00f6lvesborgs kommun\u00ab, antaget av kommunfullm\u00e4ktige 2019-09-09<\/span><\/span><\/p>\n<p class=\"western\" align=\"left\"><span style=\"font-family: Georgia, sans-serif; color: #800000;\"><span style=\"font-size: large;\">\u00bbUtmanande samtidskonst\u00ab tycks i denna kommun vara n\u00e5got lika osunt som arbetarromantik i J\u00e4rf\u00e4lla. Men S\u00f6lvesborgs kommunpolitiker kanske likt kollegorna i J\u00e4rf\u00e4lla har missat, att vad som idag kallas \u00bbtidl\u00f6s och klassisk konst\u00ab ofta ans\u00e5gs som utmanande i sin egen samtid. Eller tv\u00e4rtom, till och med: p\u00e5 Europas medeltid bar m\u00e4n ofta holkar i st\u00e4llet f\u00f6r byxor och hade en s\u00e4rskild p\u00e5se f\u00f6r genitalierna framtill. Ordet pung heter v\u00e4l inte s\u00e5 utan orsak. Det modet skulle vara utmanande idag men var sista skriket d\u00e5. Och p\u00e5 Kreta gick antikens kvinnor med helt\u00e4ckande kl\u00e4dsel, utom att den var \u00f6ppen framtill f\u00f6r att sl\u00e4ppa ut br\u00f6sten. Ocks\u00e5 det skulle kunna v\u00e4cka b\u00e5de olust och lust idag, beroende p\u00e5 i vilken kommun s\u00e5lunda kl\u00e4dda kvinnor skulle g\u00e5 p\u00e5 fullm\u00e4ktigesammantr\u00e4den.<\/span><\/span><\/p>\n<p class=\"western\" align=\"left\"><span style=\"font-family: Georgia, sans-serif; color: #800000;\"><span style=\"font-size: large;\">Men allt s\u00e5dant \u00e4r v\u00e4l lappri, som man ocks\u00e5 tidl\u00f6st sa p\u00e5 den klassiska tiden. Strunt, allts\u00e5. Vi \u00e4r ju \u00e4nd\u00e5 snart utrotade.<\/span><\/span><\/p>\n<p class=\"western\" align=\"left\"><span style=\"font-family: Georgia, sans-serif; color: #800000;\"><span style=\"font-size: large;\">Det hade <i>Harry Martinson<\/i> och alla vi andra anledning att frukta p\u00e5 nittonhundrafemtiotalet. Terrorbalansen mellan de b\u00e4gge supermakterna USA och Sovjetunionen var d\u00e5 s\u00e5 reell, att vi byggde skyddsrum i alla nya hus och befolkningsskyddsrum f\u00f6r hundratusen m\u00e4nniskor i storst\u00e4derna och befarade trots det, att de flesta av oss kunde g\u00e5 under i k\u00e4rnvapenkrig. Och inte bara m\u00e4nniskorna; de flesta djurarter ocks\u00e5. \u00bbAtomvintern\u00ab var \u00e4nnu inte ett k\u00e4nt begrepp d\u00e5 men blev det sedan. De av alla atombomber uppkastade jordmassorna skulle likt Eyjafjallaj\u00f6kulls och Krakatoas utbrott f\u00f6rm\u00f6rka himlen men under l\u00e4ngre tid, s\u00e5 l\u00e5ng att solstr\u00e5lningen skulle hejdas till den grad, att tj\u00e4le skulle drabba hela jorden under flera m\u00e5nader, varvid vi och m\u00e5nga andra skulle frysa ihj\u00e4l och \u2013 n\u00e4r solen kommit tillbaka \u2013 resten skulle d\u00f6, smittade av alla miljoner d\u00e5 upptinade lik.<\/span><\/span><\/p>\n<p class=\"western\" align=\"left\"><span style=\"font-family: Georgia, sans-serif; color: #800000;\"><span style=\"font-size: large;\">Martinson fantiserade d\u00e5 om ett rymdskepp, som skulle f\u00f6ra grupper av m\u00e4nniskor undan d\u00f6dshotet p\u00e5 jorden ut till andra planeter f\u00f6r att kolonisera dem. Skeppet skulle f\u00e4rdas under m\u00e5nga \u00e5r, varf\u00f6r ett mycket stort antal m\u00e4nniskor skulle f\u00e5 f\u00f6lja med f\u00f6r att kunna leva ett normalt liv s\u00e5 att i alla fall n\u00e4sta generation skulle n\u00e5 fram till den nya planeten. Allt var ordnat och tekniskt full\u00e4ndat. Datorn var inte uppfunnen, men Martinson fann upp den. \u00bbMiman\u00ab kallade han sin centraldator, som fungerade som orakel. Rymdskeppen var f\u00f6rresten inte heller uppfunna \u00e4nnu. Martinsons epos kom ut 1956, Sovjet sk\u00f6t upp Sputnik 1 \u00e5ret efter.<\/span><\/span><\/p>\n<p class=\"western\" align=\"left\"><span style=\"font-family: Georgia, sans-serif; color: #800000;\"><span style=\"font-size: large;\">Men, som sagt, vi \u00e4r \u00e4nd\u00e5 snart utrotade. Martinsons rymdskepp kom ur kurs. F\u00f6r gott. De skulle f\u00e5 segla genom rymden tills de alla var d\u00f6da.<\/span><\/span><\/p>\n<p class=\"western\" align=\"left\"><span style=\"font-family: Georgia, sans-serif; color: #800000;\"><span style=\"font-size: large;\">Rymdskeppet och Martinsons verk hette <i>Aniara.<\/i> Det var skrivet p\u00e5 vers, ett episkt diktverk som l\u00e4stes upp p\u00e5 radio med len basr\u00f6st av <i>Ulf Palme<\/i> och blev b\u00e5de opera och 2018 film. M\u00e4rkligt nog en film gjord av amat\u00f6rer, om man s\u00e5 f\u00e5r kalla ett par personer, som bara gjort n\u00e5gra kortfilmer f\u00f6rut. <i>Pella K\u00e5german <\/i>och<i> Hugo Lija<\/i> har regisserat och <i>Emelie Jonsson<\/i> spelar mimaroben, mimans sk\u00f6tare, och f\u00f6r det har de vunnit sex festivalpriser och faktiskt nominerats till b\u00e4sta film p\u00e5 en science fiction-festival i Los Angeles, innan filmen ens visats i Sverige.<\/span><\/span><\/p>\n<p class=\"western\" align=\"left\"><span style=\"font-family: Georgia, sans-serif; color: #800000;\"><span style=\"font-size: large;\">N\u00e4stan \u00e5rsbarn med poesiverket blev det som idag \u00e4r Institutet f\u00f6r rymdfysik, som d\u00f6pt flera av sina salar efter figurer i dikten. N\u00e4stan \u00e5rsbarn \u00e4r allts\u00e5 verket ocks\u00e5 med Sputnik 1, och Sputnikdagen den 4 oktober inleder den internationella World space week, som Esrange firade i l\u00f6rdags. I samband med detta visar filmstudion p\u00e5 ordinarie tid, en torsdag \u2013 denna veckas torsdag! \u2013 filmen Aniara.<\/span><\/span><\/p>\n<p class=\"western\" align=\"right\"><em><span style=\"font-family: Verdana Italic, sans-serif; color: #800000;\"><span style=\"font-size: medium;\">En id\u00e9 i idet av Bj\u00f6rn Forseth<\/span><\/span><\/em><\/p>\n","protected":false},"excerpt":{"rendered":"<p>ANIARA Mimans f\u00f6rbannelse &nbsp; Ett litet steg f\u00f6r kommunen, ett j\u00e4ttekliv f\u00f6r censuren &nbsp; V\u00e4rlden har roliga politiker nuf\u00f6rtiden. Dels har de roliga frisyrer, dels skryter de med okunnighet och s\u00e4ger vad som faller dem in, vilket inte j\u00e4mt faller v\u00e4l ut. De finns i stort som i sm\u00e5tt. Enfald t\u00e5l stundom att skrattas \u00e5t, &hellip; <\/p>\n<p class=\"link-more\"><a href=\"https:\/\/forseth.se\/?p=1436\" class=\"more-link\">Forts\u00e4tt l\u00e4sa<span class=\"screen-reader-text\"> \u201dMimans f\u00f6rbannelse\u201d<\/span><\/a><\/p>\n","protected":false},"author":1,"featured_media":0,"comment_status":"closed","ping_status":"closed","sticky":false,"template":"","format":"standard","meta":{"footnotes":""},"categories":[1],"tags":[],"class_list":["post-1436","post","type-post","status-publish","format-standard","hentry","category-uncategorized"],"_links":{"self":[{"href":"https:\/\/forseth.se\/index.php?rest_route=\/wp\/v2\/posts\/1436","targetHints":{"allow":["GET"]}}],"collection":[{"href":"https:\/\/forseth.se\/index.php?rest_route=\/wp\/v2\/posts"}],"about":[{"href":"https:\/\/forseth.se\/index.php?rest_route=\/wp\/v2\/types\/post"}],"author":[{"embeddable":true,"href":"https:\/\/forseth.se\/index.php?rest_route=\/wp\/v2\/users\/1"}],"replies":[{"embeddable":true,"href":"https:\/\/forseth.se\/index.php?rest_route=%2Fwp%2Fv2%2Fcomments&post=1436"}],"version-history":[{"count":8,"href":"https:\/\/forseth.se\/index.php?rest_route=\/wp\/v2\/posts\/1436\/revisions"}],"predecessor-version":[{"id":1452,"href":"https:\/\/forseth.se\/index.php?rest_route=\/wp\/v2\/posts\/1436\/revisions\/1452"}],"wp:attachment":[{"href":"https:\/\/forseth.se\/index.php?rest_route=%2Fwp%2Fv2%2Fmedia&parent=1436"}],"wp:term":[{"taxonomy":"category","embeddable":true,"href":"https:\/\/forseth.se\/index.php?rest_route=%2Fwp%2Fv2%2Fcategories&post=1436"},{"taxonomy":"post_tag","embeddable":true,"href":"https:\/\/forseth.se\/index.php?rest_route=%2Fwp%2Fv2%2Ftags&post=1436"}],"curies":[{"name":"wp","href":"https:\/\/api.w.org\/{rel}","templated":true}]}}