{"id":1477,"date":"2019-11-06T22:51:35","date_gmt":"2019-11-06T21:51:35","guid":{"rendered":"https:\/\/forseth.se\/idet\/?p=1477"},"modified":"2019-11-12T17:44:21","modified_gmt":"2019-11-12T16:44:21","slug":"en-dam-med-hjarta-eller-bara-dam","status":"publish","type":"post","link":"https:\/\/forseth.se\/?p=1477","title":{"rendered":"En dam med hj\u00e4rta eller bara dam?"},"content":{"rendered":"<p style=\"text-align: center;\"><span style=\"color: #800000;\">HJ\u00c4RTER DAM<\/span><\/p>\n<p style=\"text-align: center;\"><span style=\"color: #800000;\"><img loading=\"lazy\" decoding=\"async\" class=\"aligncenter size-full wp-image-1478\" src=\"https:\/\/forseth.se\/idet\/wp-content\/uploads\/2019\/11\/Dronningen.jpeg\" alt=\"\" width=\"1000\" height=\"562\" srcset=\"https:\/\/forseth.se\/wp-content\/uploads\/2019\/11\/Dronningen.jpeg 1000w, https:\/\/forseth.se\/wp-content\/uploads\/2019\/11\/Dronningen-300x169.jpeg 300w, https:\/\/forseth.se\/wp-content\/uploads\/2019\/11\/Dronningen-768x432.jpeg 768w\" sizes=\"auto, (max-width: 767px) 89vw, (max-width: 1000px) 54vw, (max-width: 1071px) 543px, 580px\" \/><\/span><\/p>\n<h1 class=\"western\" align=\"center\"><strong><span style=\"font-family: Verdana Bold, sans-serif; color: #800000;\"><span style=\"font-size: 300%;\">En dam med hj\u00e4rta eller bara dam?<\/span><\/span><\/strong><\/h1>\n<h2 class=\"western\" align=\"center\"><strong><span style=\"font-family: Verdana Bold Italic, sans-serif; color: #800000;\"><span style=\"font-size: x-large;\">Vad som f\u00f6rr var allm\u00e4nt k\u00e4nda moralregler kan senare generationer grovt missuppfatta<\/span><\/span><\/strong><\/h2>\n<p class=\"western\" align=\"left\"><span style=\"font-family: Georgia, sans-serif; color: #800000;\"><span style=\"font-size: large;\">En mogen dam och jag samtalade idag med varandra om f\u00f6r\u00e4ndrade vanor. \u00bbN\u00e4r jag var ung kunde jag f\u00e5 en \u00f6rfil av en tjej, om jag var f\u00f6r n\u00e4rg\u00e5ngen eller gick \u00f6ver en gr\u00e4ns\u00ab, ber\u00e4ttade jag. Och det var inte bara vad man kunde se i litteratur, sk\u00e4mtteckningar och p\u00e5 film. Det h\u00e4nde mig med en polsk och med en fransk flicka ocks\u00e5. \u00bbDet uppfattades inte som misshandel utan som en signal, som man f\u00f6rstod\u00ab.<\/span><\/span><\/p>\n<p class=\"western\" align=\"left\"><span style=\"font-family: Georgia, sans-serif; color: #800000;\"><span style=\"font-size: large;\">\u00bbLiksom en klatsch i baken\u00ab, sa min samtalspartner. Hon fortsatte med att s\u00e4ga, att \u00e4ldre tanter ber\u00e4ttat f\u00f6r henne, att det i deras ungdom hade varit ett bevis p\u00e5 uppskattning.<\/span><\/span><\/p>\n<p class=\"western\" align=\"left\"><span style=\"font-family: Georgia, sans-serif; color: #800000;\"><span style=\"font-size: large;\">Nu morrar nog n\u00e5gon l\u00e4sare: \u00bbYou too, Bj\u00f6rn!\u00ab. Men det var ju inte jag som sade det. Fast det kunde jag ha gjort. Idag skulle nog en \u00f6rfil \u00e5terg\u00e4ldas med en smocka eller i alla fall sura miner, f\u00f6r att inte tala om vad en klatsch i baken skulle leda till. Personligen \u00e4r jag inte uppfostrad till att h\u00e5lla p\u00e5 att klappa vare sig kvinnor eller m\u00e4n i baken, men jag minns fr\u00e5n mina ynglinga\u00e5r som pl\u00e5tslagare p\u00e5 det stora skeppsvarvet, hur ofta andra arbetskamrater knep mig eller n\u00e5gon i baken. P\u00e5 den tiden tog ingen det som en homosexuell invit. (Hur s\u00e5dana skulle se ut, hade jag f\u00f6r all del ingen aning om.) Nej, det uppfattades som en k\u00e4rv\u00e4nlig ynnest av kamratskap. I milit\u00e4rtj\u00e4nst och p\u00e5 fotbollsplanen kunde det ocks\u00e5 ske. Och i ett radioprogram i h\u00f6st ber\u00e4ttade <i>Martin Schibbye,<\/i> hur han och <i>Johan Persson<\/i> sov sked med varandra i f\u00e4ngelset i Etiopien (vilket filmen om dem, <i>438 dagar,<\/i> 2019, inte tog med).<\/span><\/span><\/p>\n<p class=\"western\" align=\"left\"><span style=\"font-family: Georgia, sans-serif; color: #800000;\"><span style=\"font-size: large;\">Min samtalspartner och jag var dock inte inne p\u00e5 att f\u00f6rd\u00f6ma de senaste \u00e5rens metoo-r\u00f6relser. Jag ber\u00e4ttade om, hur jag p\u00e5 en tibetansk kvarterskrog (i sj\u00e4lva Tibet, m\u00e4rk v\u00e4l) sett, hur tibetanska g\u00e4ster som viftat med tjocka rullar av sedlar knipit lika tibetanska servitriser i baken. Det uppfattade jag inte som k\u00e4rv\u00e4nligt.<\/span><\/span><\/p>\n<p class=\"western\" align=\"left\"><span style=\"font-family: Georgia, sans-serif; color: #800000;\"><span style=\"font-size: large;\">F\u00f6r en yngling \u00e4r s\u00e5dant l\u00e4rdomar om livet. Folk \u00e4r sig lika \u00f6verallt, och kvinnor kommer i allm\u00e4nhet i andra hand \u00f6verallt. Som man l\u00e4gger hand p\u00e5.<br \/>\n<\/span><\/span><\/p>\n<p class=\"western\" align=\"left\"><span style=\"font-family: Georgia, sans-serif; color: #800000;\"><span style=\"font-size: large;\">Sedan \u00e4r det ju s\u00e5, att handp\u00e5l\u00e4ggning ibland faktiskt \u00e4r av sexuell \u2013 eller rentav sensuell \u2013 natur. Det godtar vi ju alla, utom de som har alltf\u00f6r m\u00e5nga h\u00e4mningar. I en dansk film, <i>Sjutton<\/i> (1965), vilken f\u00f6regick den danska v\u00e5gen av \u00bbgladporr\u00ab p\u00e5 1970-talet, \u00e4r 17-\u00e5rige gymnasisten Jacob p\u00e5 sommarlov 1913 p\u00e5 familjens sommarst\u00e4lle, som sk\u00f6ts av tj\u00e4nstefolk. Den s\u00f6te ynglingen tilldrar sig d\u00e4r flera av sommarvarm k\u00e4ttja lystna kvinnors uppm\u00e4rksamhet, vilket han till slut l\u00e4r sig bejaka. En dag r\u00e5kar han komma skurmadamen inp\u00e5 livet, d\u00e4r hon omedelbart framf\u00f6r honom st\u00e5r p\u00e5 kn\u00e4na \u00f6ver skurhinken med \u00e4ndan i v\u00e4dret, varvid han inte v\u00e4jer f\u00f6r impulsen att sticka en tumme i baken p\u00e5 hennes sekelskiftestrosor. Detta blir b\u00f6rjan p\u00e5 en eldig sommar, d\u00e5 kvinnorna riktigt tar f\u00f6r sig.<\/span><\/span><\/p>\n<p class=\"western\" align=\"left\"><span style=\"font-family: Georgia, sans-serif; color: #800000;\"><span style=\"font-size: large;\">Allts\u00e5 ett exempel p\u00e5 sexuell invit med gillamarkering som reaktion. Utan det senare skulle det ha varit att kladda.<\/span><\/span><\/p>\n<p class=\"western\" align=\"left\"><span style=\"font-family: Georgia, sans-serif; color: #800000;\"><span style=\"font-size: large;\">Det \u00e4r inte heller att kladda, n\u00e4r n\u00e4rst\u00e5ende och l\u00e4rare i f\u00f6rbifarten kliar sina barn i h\u00e5ret eller tar upp dem i kn\u00e4t n\u00e4r de \u00e4r ledsna. Den hysteriska r\u00e4dsla f\u00f6r kroppskontakt vi kan iaktta och h\u00f6ra ifr\u00e5n det perverst lagda landet l\u00e5ngt bort ska vi inte h\u00e4rma. \u00c5 andra sidan f\u00f6rekommer verkliga \u00f6vergrepp, som m\u00e5ste br\u00e4nnm\u00e4rkas i st\u00e4llet f\u00f6r att sopas under mattan. \u2013 Som de gjorde i den katolska kyrkan och i finare skolor f\u00f6rr. Kanske i ofinare ocks\u00e5. (Se film om detta p\u00e5 \u00e5rets filmfestival.)<\/span><\/span><\/p>\n<p class=\"western\" style=\"padding-left: 30px;\" align=\"left\"><span style=\"font-family: Georgia, sans-serif; color: #800000;\"><span style=\"font-size: large;\">Personligen gick jag i \u00e5tta skolor och tio klasser men s\u00e5g aldrig n\u00e5got s\u00e5dant. Eller s\u00e5 var jag f\u00f6r naiv f\u00f6r att se. Jag minns f\u00f6r all del, att en l\u00e4rare i realskolan p\u00e5 en lektion tillr\u00e4ttavisade en flicka med suffixet \u00bbs\u00f6ta lilla gullunge\u00ab. Anm\u00e4lde vi d\u00e5 honom? \u2013 Nej, vi gapskrattade.<\/span><\/span><\/p>\n<p class=\"western\" align=\"left\"><span style=\"font-family: Georgia, sans-serif; color: #800000;\"><span style=\"font-size: large;\">Men i den danska film, som f\u00f6rra veckan fick Nordiska r\u00e5dets filmpris f\u00f6r 2019, sker i den mysigast t\u00e4nkbara milj\u00f6 n\u00e5got som g\u00e5r \u00f6ver gr\u00e4nsen och borde ha lett till en \u00f6rfil. Mycket \u00f6ver gr\u00e4nsen, till och med. Den filmen kallades p\u00e5 Nordiska r\u00e5dets prisgala f\u00f6r \u00bbDronningen\u00ab, eftersom alla kandidater till priset kallades vid sina norska, isl\u00e4ndska eller finska titlar. Dronning \u00e4r drottning och motsvarar i kortspel vad vi kallar dam. Filmen heter i Sverige <i>Hj\u00e4rter dam <\/i>(2019).<\/span><\/span><\/p>\n<p class=\"western\" align=\"left\"><span style=\"font-family: Georgia, sans-serif; color: #800000;\"><span style=\"font-size: large;\">H\u00e4r spelar dagens primadonna inom dansk film och teve, <i>Trine Dyrholm,<\/i> s\u00e5 att man baxnar. <i>Gustav Lindh och Magnus Krepper<\/i> \u00e4r ocks\u00e5 bra, men den som inte kommer ih\u00e5g allas v\u00e5r Trine (som vi sett gl\u00e4nsa i komedier, romanser och dramer i film efter film p\u00e5 senare \u00e5rtionden); den som inte noterar henne i <i>denna<\/i> film m\u00e5ste ha n\u00e5gon brist i sitt k\u00e4nsloregister, om n\u00e5gon f\u00f6rst\u00e5r vad jag menar.<\/span><\/span><\/p>\n<p class=\"western\" align=\"left\"><span style=\"font-family: Georgia, sans-serif; color: #800000;\"><span style=\"font-size: large;\">\u00c5rets stora filmfest b\u00f6rjar p\u00e5 fredag, Arctic light filmfestival f\u00f6r trettionde g\u00e5ngen! \u2013 men dagen innan, torsdag den 7 november, inleder filmstudion sin novemberserie med \u00bbHj\u00e4rter dam\u00ab. Se den som en bra start p\u00e5 festivalen, och \u2013 jag brukar inte skriva s\u00e5 \u2013 missa den inte! Ni kommer att bli lika skakade som av <i>Jakten<\/i> (2012) med M<i>ads Mikkelsen, <\/i>visad av filmstudion.<\/span><\/span><\/p>\n<p align=\"center\">*<\/p>\n<p class=\"western\" align=\"center\"><span style=\"font-family: Georgia, sans-serif; color: #800000;\"><span style=\"font-size: large;\">Eller se den p\u00e5 extraf\u00f6rest\u00e4llning<\/span><\/span><\/p>\n<p class=\"western\" align=\"center\"><span style=\"font-family: Georgia, sans-serif; color: #800000;\"><span style=\"font-size: large;\">m\u00e5ndagen den 18 november klockan 19!<\/span><\/span><\/p>\n<p align=\"center\">*<\/p>\n<p class=\"western\" style=\"padding-left: 30px;\" align=\"left\"><span style=\"font-family: Georgia, sans-serif; color: #800000;\"><span style=\"font-size: large;\">Mads Mikkelsen g\u00f6r f\u00f6r \u00f6vrigt en minnesv\u00e4rd roll i en av festivalens filmer, den isl\u00e4ndska <i>Arctic<\/i> (2018) \u2013 men det \u00e4r en annan historia.<\/span><\/span><\/p>\n<p class=\"western\" align=\"right\"><em><span style=\"font-family: Verdana Italic, sans-serif; color: #800000;\"><span style=\"font-size: medium;\">En id\u00e9 i idet av Bj\u00f6rn Forseth<\/span><\/span><\/em><\/p>\n","protected":false},"excerpt":{"rendered":"<p>HJ\u00c4RTER DAM En dam med hj\u00e4rta eller bara dam? Vad som f\u00f6rr var allm\u00e4nt k\u00e4nda moralregler kan senare generationer grovt missuppfatta En mogen dam och jag samtalade idag med varandra om f\u00f6r\u00e4ndrade vanor. \u00bbN\u00e4r jag var ung kunde jag f\u00e5 en \u00f6rfil av en tjej, om jag var f\u00f6r n\u00e4rg\u00e5ngen eller gick \u00f6ver en gr\u00e4ns\u00ab, &hellip; <\/p>\n<p class=\"link-more\"><a href=\"https:\/\/forseth.se\/?p=1477\" class=\"more-link\">Forts\u00e4tt l\u00e4sa<span class=\"screen-reader-text\"> \u201dEn dam med hj\u00e4rta eller bara dam?\u201d<\/span><\/a><\/p>\n","protected":false},"author":1,"featured_media":0,"comment_status":"closed","ping_status":"closed","sticky":false,"template":"","format":"standard","meta":{"footnotes":""},"categories":[1],"tags":[],"class_list":["post-1477","post","type-post","status-publish","format-standard","hentry","category-uncategorized"],"_links":{"self":[{"href":"https:\/\/forseth.se\/index.php?rest_route=\/wp\/v2\/posts\/1477","targetHints":{"allow":["GET"]}}],"collection":[{"href":"https:\/\/forseth.se\/index.php?rest_route=\/wp\/v2\/posts"}],"about":[{"href":"https:\/\/forseth.se\/index.php?rest_route=\/wp\/v2\/types\/post"}],"author":[{"embeddable":true,"href":"https:\/\/forseth.se\/index.php?rest_route=\/wp\/v2\/users\/1"}],"replies":[{"embeddable":true,"href":"https:\/\/forseth.se\/index.php?rest_route=%2Fwp%2Fv2%2Fcomments&post=1477"}],"version-history":[{"count":11,"href":"https:\/\/forseth.se\/index.php?rest_route=\/wp\/v2\/posts\/1477\/revisions"}],"predecessor-version":[{"id":1489,"href":"https:\/\/forseth.se\/index.php?rest_route=\/wp\/v2\/posts\/1477\/revisions\/1489"}],"wp:attachment":[{"href":"https:\/\/forseth.se\/index.php?rest_route=%2Fwp%2Fv2%2Fmedia&parent=1477"}],"wp:term":[{"taxonomy":"category","embeddable":true,"href":"https:\/\/forseth.se\/index.php?rest_route=%2Fwp%2Fv2%2Fcategories&post=1477"},{"taxonomy":"post_tag","embeddable":true,"href":"https:\/\/forseth.se\/index.php?rest_route=%2Fwp%2Fv2%2Ftags&post=1477"}],"curies":[{"name":"wp","href":"https:\/\/api.w.org\/{rel}","templated":true}]}}