{"id":1523,"date":"2019-12-17T17:22:02","date_gmt":"2019-12-17T16:22:02","guid":{"rendered":"https:\/\/forseth.se\/idet\/?p=1523"},"modified":"2019-12-17T17:26:29","modified_gmt":"2019-12-17T16:26:29","slug":"ett-barn-ar-fott-men-vems","status":"publish","type":"post","link":"https:\/\/forseth.se\/?p=1523","title":{"rendered":"Ett barn \u00e4r f\u00f6tt \u2013 men vems?"},"content":{"rendered":"<p style=\"text-align: center;\"><span style=\"color: #800000;\">I TRYGGA H\u00c4NDER<\/span><\/p>\n<p style=\"text-align: center;\"><span style=\"color: #800000;\"><img loading=\"lazy\" decoding=\"async\" class=\"aligncenter size-full wp-image-1524\" src=\"https:\/\/forseth.se\/idet\/wp-content\/uploads\/2019\/12\/Pupille.jpg\" alt=\"\" width=\"1000\" height=\"580\" srcset=\"https:\/\/forseth.se\/wp-content\/uploads\/2019\/12\/Pupille.jpg 1000w, https:\/\/forseth.se\/wp-content\/uploads\/2019\/12\/Pupille-300x174.jpg 300w, https:\/\/forseth.se\/wp-content\/uploads\/2019\/12\/Pupille-768x445.jpg 768w\" sizes=\"auto, (max-width: 767px) 89vw, (max-width: 1000px) 54vw, (max-width: 1071px) 543px, 580px\" \/><\/span><\/p>\n<h3 class=\"western\" align=\"center\"><strong><span style=\"font-family: Verdana Bold, sans-serif; color: #800000;\"><span style=\"font-size: 300%;\">Ett barn \u00e4r f\u00f6tt<\/span><\/span><\/strong><\/h3>\n<h3 class=\"western\" align=\"center\"><strong><span style=\"font-family: Verdana Bold, sans-serif; color: #800000;\"><span style=\"font-size: 300%;\">\u2013 men vems?<\/span><\/span><\/strong><\/h3>\n<h2 class=\"western\" align=\"center\"><strong><span style=\"font-family: Verdana Bold Italic, sans-serif; color: #800000;\"><span style=\"font-size: x-large;\">Fint folk g\u00e5r in genom entr\u00e9n, populasen genom k\u00f6ksing\u00e5ngen.<\/span><\/span><\/strong><\/h2>\n<p>&nbsp;<\/p>\n<p class=\"western\" align=\"left\"><span style=\"font-family: Georgia, sans-serif; color: #800000;\"><span style=\"font-size: large;\">F\u00f6rra veckan annonserade Saudi-Arabiens regent, att restauranger nu inte l\u00e4ngre skulle beh\u00f6va ha tv\u00e5 ing\u00e5ngar, det vill s\u00e4ga en f\u00f6r m\u00e4n och en annan f\u00f6r kvinnor och familjer. F\u00f6rra \u00e5ret (eller var det i v\u00e5ras?) hade samme regent \u00e4ndrat lagen p\u00e5 s\u00e5 s\u00e4tt, att kvinnor nu skulle f\u00e5 lov att k\u00f6ra bil.<\/span><\/span><\/p>\n<p class=\"western\" align=\"left\"><span style=\"font-family: Georgia, sans-serif; color: #800000;\"><span style=\"font-size: large;\">Kanske l\u00e4ge f\u00f6r att f\u00e5 Nobels fredspris? Inte f\u00f6r att det har n\u00e5got med fred att g\u00f6ra, \u00e4n mindre f\u00f6r att \u2013 som Alfred Nobel skrev i sitt testamente \u2013<\/span><\/span><\/p>\n<p class=\"western\" style=\"padding-left: 30px;\" align=\"left\"><span style=\"font-family: Georgia, sans-serif; color: #800000;\"><span style=\"font-size: large;\"><i>den som har verkat mest eller best f\u00f6r folkens f\u00f6rbr\u00f6drande och afskaffande eller minskning af st\u00e5ende armeer samt bildande och spridande af fredskongresser.<\/i><\/span><\/span><\/p>\n<p class=\"western\" align=\"left\"><span style=\"font-family: Georgia, sans-serif; color: #800000;\"><span style=\"font-size: large;\">Men den norska Nobelpriskommitt\u00e9n har ju genom \u00e5ren inte i n\u00e5gon h\u00f6gre grad brytt sig om gamle Alfreds \u00f6nskem\u00e5l, s\u00e5 visst kunde fredspris f\u00f6r att kvinnor ska f\u00e5 g\u00e5 in genom huvuding\u00e5ngar vara m\u00f6jligt.<\/span><\/span><\/p>\n<p class=\"western\" align=\"left\"><span style=\"font-family: Georgia, sans-serif; color: #800000;\"><span style=\"font-size: large;\">Notera, att jag skrivit om Saudi-Arabiens \u00bbregent\u00ab. Kungen \u00e4r visst sjuklig, s\u00e5 regenten \u00e4r en av de tusentals prinsarna (kanske den utvecklingen oroat den svenska regeringen, som nyligen besl\u00f6t minska antalet svenska \u00bbkungligheter\u00ab). N\u00e5, vanligen kallar v\u00e5ra massmedier ett kungad\u00f6mes ledare kung eller prins eller liknande och en republiks ledare naturligtvis president, f\u00f6rs\u00e5vitt det inte handlar om ett land, som det \u00e4r \u00f6nskv\u00e4rt att l\u00e4saren uppfattar som l\u00f6mskt eller ondskefullt. D\u00e5 kallas ledaren alltid diktator, vare sig det \u00e4r fr\u00e5ga om en republik eller en monarki.<\/span><\/span><\/p>\n<p class=\"western\" align=\"left\"><span style=\"font-family: Georgia, sans-serif; color: #800000;\"><span style=\"font-size: large;\">Men den uppm\u00e4rksamme noterar nu, att Saudi-Arabien ju \u00e4r ett land som p\u00e5minner om Sydafrika under apartheid eller USAs sydstater fram till 1960-talets slut, d\u00e5 svarta och vita hade olika ing\u00e5ngar till restauranger, biografer och toaletter samt olika parkb\u00e4nkar. Han eller hon kan gott undra \u00f6ver, varf\u00f6r Sverige och hela FN (utom USA, rika stater i Brittiska samv\u00e4ldet, Israel, Frankrike, Italien och Tyskland) bojkottade Sydafrika i alla sammanhang medan Saudi-Arabien behandlades som ett bra land att samarbeta med och turista i. Inte kallades det landets ledare diktator, inte.<\/span><\/span><\/p>\n<p class=\"western\" align=\"left\"><span style=\"font-family: Georgia, sans-serif; color: #800000;\"><span style=\"font-size: large;\">Nej, favoritl\u00e4nder ska omhuldas \u2013 vad ska man annars ha beteckningen VIP till? \u2013 s\u00e5 den saken \u00e4r v\u00e4rd att fundera p\u00e5. \u00c4nnu mer kan man fundera \u00f6ver, varf\u00f6r m\u00e4nskliga r\u00e4ttigheter aldrig varit n\u00e5got krav f\u00f6r handel med dessa favoritl\u00e4nder, allt under det att Nordkoreas folk k\u00e4mpar mot sv\u00e4lt f\u00f6r att de inte f\u00e5r inhandla <i>n\u00e5gonting<\/i> fr\u00e5n omv\u00e4rlden tack vare ett \u2013 s\u00e4ger 1 \u2013 lands beslut om att bel\u00e4gga det med sanktioner. Jag har varit i det lilla landet tv\u00e5 g\u00e5nger med trettiosju \u00e5rs mellanrum, den senare g\u00e5ngen under p\u00e5g\u00e5ende sanktioner. D\u00e5 var vi ett g\u00e4ng milit\u00e4rhistoriskt intresserade, alls icke n\u00e5gra nordkoreaentusiaster. Icke desto mindre var \u00e4ven den resegruppen \u00f6dmjuk efter sitt bes\u00f6k. I Nordkorea f\u00e5r kvinnor g\u00e5 in i samma ing\u00e5ng som m\u00e4n, bara en s\u00e5dan sak\u2026<\/span><\/span><\/p>\n<p class=\"western\" align=\"left\"><span style=\"font-family: Georgia, sans-serif; color: #800000;\"><span style=\"font-size: large;\">Om nu ett land, som vi st\u00e4ndigt bombarderas med som varande ont, visar sig vara b\u00e4ttre f\u00f6r barns h\u00e4lsa \u00e4n det rikaste landet i v\u00e4rlden \u00e4r \u2013 det land som vi st\u00e4ndigt f\u00e5r h\u00f6ra ska vara v\u00e5r f\u00f6rebild \u2013 s\u00e5 f\u00e5r man \u00e4nnu en anledning att t\u00e4nka p\u00e5 hur olika \u00f6dets lotter faller. Eller snarare: hur olika propagandan \u00e4r om favoritl\u00e4nder och hatl\u00e4nder. Enligt Unicef-rapporten \u00bbThe State of the World&#8217;s Children\u00ab avled 2018 fem barn per tusen f\u00f6dda f\u00f6re fem \u00e5rs \u00e5lder i lilla Kuba, i n\u00e4rbel\u00e4gna j\u00e4tten USA sju. I Latinamerika plus Karibien var antalet 16, s\u00e5 d\u00e4r stack Kuba ut. 99 av 100 kubanska barn hade ympats mot tio olika farsoter, i USA hade mellan 76 och 97 procent av barnen s\u00e5dant skydd. I det fallet ligger Karibien och Latinamerika \u00f6verlag b\u00e4ttre till \u00e4n USA, men till och med d\u00e5 sticker Kuba ut.<\/span><\/span><\/p>\n<p class=\"western\" align=\"left\"><span style=\"font-family: Georgia, sans-serif; color: #800000;\"><span style=\"font-size: large;\">\u00c4nd\u00e5 f\u00f6rhindras Kuba medelst amerikanska sanktioner att k\u00f6pa de mediciner de beh\u00f6ver. Astra Zeneca s\u00e5g sig tvingat att l\u00e4mna Kuba, n\u00e4r USAs sanktioner riskerade att drabba dem. \u00c5terigen \u00e4r det inte n\u00f6dv\u00e4ndigtvis b\u00e4st f\u00f6r m\u00e4nniskor i favoritl\u00e4nder, och \u00e4nd\u00e5 l\u00f6per vi r\u00e4ddh\u00e5gset med i f\u00f6rf\u00f6ljelsen av de o\u00f6nskade l\u00e4nderna. N\u00e4r det g\u00e4llde apartheid stack i st\u00e4llet USA ut genom att g\u00e5 i spetsen f\u00f6r att st\u00f6dja Sydafrika.<\/span><\/span><\/p>\n<p class=\"western\" align=\"left\"><span style=\"font-family: Georgia, sans-serif; color: #800000;\"><span style=\"font-size: large;\">Mer om barn. I juletid \u00e4r det lagom att tala om dem. Julfilmer tenderar att ha premi\u00e4r i juletid. De tenderar ocks\u00e5 att vara komedier eller allm\u00e4nt m\u00e5 v\u00e4l-rullar. \u00c5rets engelska julrulle heter <i>Last Christmas<\/i> (2019) och st\u00e4mmer in p\u00e5 b\u00e4gge beskrivningarna men utspelar sig inte helt i \u00bbyuletide\u00ab. En i historien central butik s\u00e4ljer n\u00e4mligen julpynt \u00e5ret om och kan s\u00e5lunda f\u00f6rl\u00e4nga s\u00e4songen. Men se den, f\u00f6r all del \u2013 den \u00e4r en romantisk \u00f6verraskning (mer kan jag inte yppa utan att f\u00f6rst\u00f6ra f\u00f6r \u00e5sk\u00e5daren).<\/span><\/span><\/p>\n<p class=\"western\" align=\"left\"><span style=\"font-family: Georgia, sans-serif; color: #800000;\"><span style=\"font-size: large;\">Den svenska julfilmen i \u00e5r \u00e4r varken komedi eller m\u00e5 v\u00e4l-anpassad i st\u00f6rsta allm\u00e4nhet. <i>Jag kommer hem igen till jul<\/i> (2019) \u00e4r ett drama i julst\u00e4mningsgynnande milj\u00f6 med julst\u00e4mningsh\u00e4mmande undertoner. Svensk sk\u00e5despelarelit g\u00f6r bra ifr\u00e5n sig.<\/span><\/span><\/p>\n<p class=\"western\" align=\"left\"><span style=\"font-family: Georgia, sans-serif; color: #800000;\"><span style=\"font-size: large;\">Filmstudions julfilm utspelar sig i julst\u00e4mningsfr\u00e4mmande milj\u00f6. <i>I trygga h\u00e4nder<\/i> (2019) st\u00e4mmer f\u00f6rvisso in p\u00e5 den kristna synen p\u00e5 vad som \u00e4r julens budskap: ett barn \u00e4r f\u00f6tt. I likhet med den bibliska ber\u00e4ttelsen vet man inte heller h\u00e4r vem som avlat barnet (fast som barn drog jag i s\u00f6ndagsskolan slutsatsen, att Josef s\u00e5 klart var fadern, det ville de bara inte s\u00e4ga, eftersom han och Maria var ogifta; jungfruf\u00f6dsel kunde den jungfruliga sm\u00e5ttingen som var jag inte godk\u00e4nna).<\/span><\/span><\/p>\n<p class=\"western\" align=\"left\"><span style=\"font-family: Georgia, sans-serif; color: #800000;\"><span style=\"font-size: large;\">Alltnog, i den h\u00e4r filmen \u00e4r det varken jul eller sn\u00f6 i Paris, d\u00e4r en ung studentska kommer in p\u00e5 BB och vill f\u00f6da och <i>uttryckligen<\/i> avs\u00e4ger sig moderskapet. Hon varken vill s\u00e4ga sitt namn eller ange n\u00e5got sk\u00e4l. Nu tr\u00e4der en apparat ig\u00e5ng f\u00f6r s\u00e5dana h\u00e4r fall \u2013 inte den heliga inkvisitionen som l\u00e4gger den blivande modern p\u00e5 str\u00e4ckb\u00e4nken f\u00f6r att dra ur henne sanningen, nej, det \u00e4r det moderna samh\u00e4llsmaskineriet som ger henne ett par m\u00e5naders \u00e5ngertid varunder barnet genast efter f\u00f6dseln m\u00e5ste \u00f6verl\u00e4mnas till <i>tempor\u00e4ra<\/i> fosterf\u00f6r\u00e4ldrar. Med s\u00e5dana kan man tro att det \u00e4r som med den p\u00e5 obest\u00e4md tid tempor\u00e4ra j\u00e4rnv\u00e4gsstationen i Kiruna att de kan vara fosterf\u00f6r\u00e4ldrar p\u00e5 obest\u00e4md tid. Men inte s\u00e5 i Frankrike (jag erk\u00e4nner villigt, att jag inte vet vad som g\u00e4ller i v\u00e5rt land). Under \u00e5ngertiden ska barnet tas om hand av de provisoriska fosterf\u00f6r\u00e4ldrarna, medan maskineriet g\u00e5r igenom alla aktuella ans\u00f6kningar om adoption. Och bland dessa finns det fattiga och rika, par och enskilda, s\u00e5dana som nyligen ans\u00f6kt och s\u00e5dana som b\u00f6rjat ge upp efter tio \u00e5rs v\u00e4ntan \u2013 plus de tempor\u00e4ra f\u00f6r\u00e4ldrarna som barnet ju under tv\u00e5 m\u00e5nader pr\u00e4glats p\u00e5. Se d\u00e4r en inbyggd sp\u00e4nning i den till synes banala historien!<\/span><\/span><\/p>\n<p class=\"western\" align=\"left\"><span style=\"font-family: Georgia, sans-serif; color: #800000;\"><span style=\"font-size: large;\">P\u00e5 torsdag \u00e4r allts\u00e5 ett barn f\u00f6tt. Sedan \u00e4r h\u00f6stserien och filmstudions hela verksamhets\u00e5r slut. Mycket tyder p\u00e5 att ett nytt b\u00f6rjar i januari. <b>God jul!<\/b><\/span><\/span><\/p>\n<p class=\"western\" align=\"right\"><span style=\"color: #800000;\"><em><span style=\"font-family: Verdana Italic, sans-serif;\"><span style=\"font-size: medium;\">En id\u00e9 i idet av Bj\u00f6rn Forseth<\/span><\/span><\/em><\/span><\/p>\n","protected":false},"excerpt":{"rendered":"<p>I TRYGGA H\u00c4NDER Ett barn \u00e4r f\u00f6tt \u2013 men vems? Fint folk g\u00e5r in genom entr\u00e9n, populasen genom k\u00f6ksing\u00e5ngen. &nbsp; F\u00f6rra veckan annonserade Saudi-Arabiens regent, att restauranger nu inte l\u00e4ngre skulle beh\u00f6va ha tv\u00e5 ing\u00e5ngar, det vill s\u00e4ga en f\u00f6r m\u00e4n och en annan f\u00f6r kvinnor och familjer. F\u00f6rra \u00e5ret (eller var det i v\u00e5ras?) &hellip; <\/p>\n<p class=\"link-more\"><a href=\"https:\/\/forseth.se\/?p=1523\" class=\"more-link\">Forts\u00e4tt l\u00e4sa<span class=\"screen-reader-text\"> \u201dEtt barn \u00e4r f\u00f6tt \u2013 men vems?\u201d<\/span><\/a><\/p>\n","protected":false},"author":1,"featured_media":0,"comment_status":"closed","ping_status":"closed","sticky":false,"template":"","format":"standard","meta":{"footnotes":""},"categories":[1],"tags":[],"class_list":["post-1523","post","type-post","status-publish","format-standard","hentry","category-uncategorized"],"_links":{"self":[{"href":"https:\/\/forseth.se\/index.php?rest_route=\/wp\/v2\/posts\/1523","targetHints":{"allow":["GET"]}}],"collection":[{"href":"https:\/\/forseth.se\/index.php?rest_route=\/wp\/v2\/posts"}],"about":[{"href":"https:\/\/forseth.se\/index.php?rest_route=\/wp\/v2\/types\/post"}],"author":[{"embeddable":true,"href":"https:\/\/forseth.se\/index.php?rest_route=\/wp\/v2\/users\/1"}],"replies":[{"embeddable":true,"href":"https:\/\/forseth.se\/index.php?rest_route=%2Fwp%2Fv2%2Fcomments&post=1523"}],"version-history":[{"count":6,"href":"https:\/\/forseth.se\/index.php?rest_route=\/wp\/v2\/posts\/1523\/revisions"}],"predecessor-version":[{"id":1530,"href":"https:\/\/forseth.se\/index.php?rest_route=\/wp\/v2\/posts\/1523\/revisions\/1530"}],"wp:attachment":[{"href":"https:\/\/forseth.se\/index.php?rest_route=%2Fwp%2Fv2%2Fmedia&parent=1523"}],"wp:term":[{"taxonomy":"category","embeddable":true,"href":"https:\/\/forseth.se\/index.php?rest_route=%2Fwp%2Fv2%2Fcategories&post=1523"},{"taxonomy":"post_tag","embeddable":true,"href":"https:\/\/forseth.se\/index.php?rest_route=%2Fwp%2Fv2%2Ftags&post=1523"}],"curies":[{"name":"wp","href":"https:\/\/api.w.org\/{rel}","templated":true}]}}