{"id":1552,"date":"2020-01-21T17:08:08","date_gmt":"2020-01-21T16:08:08","guid":{"rendered":"https:\/\/forseth.se\/idet\/?p=1552"},"modified":"2020-01-21T17:10:49","modified_gmt":"2020-01-21T16:10:49","slug":"helan-gar","status":"publish","type":"post","link":"https:\/\/forseth.se\/?p=1552","title":{"rendered":"Helan g\u00e5r"},"content":{"rendered":"<p style=\"text-align: center;\"><span style=\"color: #800000;\">HELAN &amp; HALVAN<\/span><\/p>\n<p style=\"text-align: center;\"><span style=\"color: #800000;\"><img loading=\"lazy\" decoding=\"async\" class=\"aligncenter size-full wp-image-1554\" src=\"https:\/\/forseth.se\/idet\/wp-content\/uploads\/2020\/01\/Helan-Halvan.jpeg\" alt=\"\" width=\"1000\" height=\"667\" srcset=\"https:\/\/forseth.se\/wp-content\/uploads\/2020\/01\/Helan-Halvan.jpeg 1000w, https:\/\/forseth.se\/wp-content\/uploads\/2020\/01\/Helan-Halvan-300x200.jpeg 300w, https:\/\/forseth.se\/wp-content\/uploads\/2020\/01\/Helan-Halvan-768x512.jpeg 768w\" sizes=\"auto, (max-width: 767px) 89vw, (max-width: 1000px) 54vw, (max-width: 1071px) 543px, 580px\" \/>&#8217;<\/span><\/p>\n<h1 class=\"western\" align=\"center\"><strong><span style=\"font-family: Verdana Bold, sans-serif; color: #800000;\"><span style=\"font-size: 300%;\">Helan g\u00e5r<\/span><\/span><\/strong><\/h1>\n<h2 class=\"western\" align=\"center\"><strong><span style=\"font-family: Verdana Bold Italic, sans-serif; color: #800000;\"><span style=\"font-size: x-large;\">Ny\u00e5rsrevyer, buskis, farser och personlighetsl\u00e4ra \u2013 hur g\u00e5r det ihop?<\/span><\/span><\/strong><\/h2>\n<p>&nbsp;<\/p>\n<p class=\"western\" align=\"left\"><span style=\"font-family: Georgia, sans-serif; color: #800000;\"><span style=\"font-size: large;\">Guldbaggegalan har varit och Svenska Dagbladets korrespondent vill helst \u00bbgl\u00f6mma det svaga svenska film\u00e5ret 2019\u00ab. Jag vet inte det, jag. Flest baggar fick tv\u00e5 filmer, den ena <i>And then we danced<\/i> (jo, den \u00e4r svensk, men eftersom den utspelas i Georgien och man pratar georgiska, s\u00e5 \u00e4r titeln p\u00e5\u2026 \u00f6\u00f6\u00f6, engelska) har Arctic light filmfestival visat.<\/span><\/span><\/p>\n<p class=\"western\" align=\"left\"><span style=\"font-family: Georgia, sans-serif; color: #800000;\"><span style=\"font-size: large;\">Lika m\u00e5nga baggar, fyra, fick <i>Aniara.<\/i> Den har Kiruna filmstudio visat. S\u00e5 nog h\u00e5ller vi oss framme, alltid.<\/span><\/span><\/p>\n<p class=\"western\" align=\"left\"><span style=\"font-family: Georgia, sans-serif; color: #800000;\"><span style=\"font-size: large;\">Och h\u00e5lla oss framme b\u00f6r vi. Ty s\u00e5 fort man \u00e5kt iv\u00e4g p\u00e5 begravning, s\u00e5 \u00e4r det n\u00e5gon som d\u00f6r bakom ens rygg. Det \u00e4r som <i>Tim Healy<\/i> sa till kompisen <i>Jimmy Nail<\/i> p\u00e5 luckan i en mellans\u00e4song av teveserien <i>\u00d6l, kvinnor och tegel<\/i> (1983 \u2013 2004):<\/span><\/span><\/p>\n<p class=\"western\" style=\"padding-left: 30px;\" align=\"left\"><span style=\"color: #800000;\">\u2013 <span style=\"font-family: Georgia, sans-serif;\"><span style=\"font-size: large;\">F\u00f6rr bj\u00f6ds vi p\u00e5 br\u00f6llop \u2013 nu f\u00f6rst\u00e5r du, bjuds vi p\u00e5 begravningar.<\/span><\/span><\/span><\/p>\n<p class=\"western\" align=\"left\"><span style=\"font-family: Georgia, sans-serif; color: #800000;\"><span style=\"font-size: large;\">S\u00e5 vi h\u00e5ller oss framme. En f\u00f6rebild f\u00f6r oss d\u00e4rvidlag \u00e4r <i>Ann-Kristin Semberg<\/i> med sina kr\u00f6nikor i Kiruna-tidningen. Undertecknad blev h\u00e4rom \u00e5ret p\u00e5mind om henne fast under namnet <i>Lundstr\u00f6m,<\/i> d\u00e5 jag \u00f6vernattade i Hetta och d\u00e4r s\u00e5g hennes bok <i>Hunteerinki\u00e4 k\u00f6\u00f6kiss\u00e4<\/i> (1987). Hon vart ju ocks\u00e5 framtr\u00e4dande inom finsk (eller me\u00e4nkielisk) amat\u00f6rteater h\u00e4r.<\/span><\/span><\/p>\n<p class=\"western\" align=\"left\"><span style=\"font-family: Georgia, sans-serif; color: #800000;\"><span style=\"font-size: large;\">Filmstudion \u00e4r inget alternativ till amat\u00f6rteater. Det l\u00e5ter som s\u00e5, men namnet bedrar. D\u00e4r tittar man p\u00e5 film, helt enkelt. S\u00e5ledes kan man b\u00e5de spela amat\u00f6rteater och g\u00e5 p\u00e5 bio. F\u00f6r \u00f6vrigt b\u00f6r man det, om man kan. Den h\u00e4r veckan visar filmstudion n\u00e5got, som ocks\u00e5 har ett namn som kan leda tankarna vilse: <i>Helan &amp; Halvan<\/i> fr\u00e5n 2018.<\/span><\/span><\/p>\n<p class=\"western\" align=\"left\"><span style=\"font-family: Georgia, sans-serif; color: #800000;\"><span style=\"font-size: large;\">Fr\u00e5gar man unga av idag, vilka Helan och Halvan var, \u00e4r det l\u00e5ngtifr\u00e5n s\u00e4kert, att de h\u00f6rt namnen ens. Det kunde ju vara n\u00e5gon pedagogisk barnfilm om ett helt \u00e4gg respektive en kokt halva. Eller en pilsnerfilm om en som dricker helpavor och en annan som f\u00f6redrar halvor. Eller varf\u00f6r inte, f\u00f6r att g\u00f6ra det komplett: en familjefilm om dem som till jul inte helan tar och d\u00e4rf\u00f6r inte heller halvan f\u00e5r.<\/span><\/span><\/p>\n<p class=\"western\" align=\"left\"><span style=\"font-family: Georgia, sans-serif; color: #800000;\"><span style=\"font-size: large;\">I min barndom n\u00e4mndes ibland Fyrtornet och Sl\u00e4pvagnen <i>(Fyrtornet och Sl\u00e4pvagnen p\u00e5 \u00e4ventyr<\/i> var en dansk film 1955, som f\u00f6ljdes av tecknade serier). Den hade en f\u00f6rlaga i en annan dansk, stum, film: <i>Sn\u00f6, skidor, sk\u00e4lmungar<\/i> (1923). I b\u00e4gge var ena gubben l\u00e5ng och smal och den andre kort och tjock. Eller p\u00e5 politiskt korrekt spr\u00e5k: en slank och en satt.<\/span><\/span><\/p>\n<p class=\"western\" align=\"left\"><span style=\"font-family: Georgia, sans-serif; color: #800000;\"><span style=\"font-size: large;\">En inom de sk\u00f6na konsterna inte helt ovanlig kombination. Hur framst\u00e4lls till att b\u00f6rja med <i>Don Quijote<\/i> och <i>Sancho Panza?<\/i> Jag bara fr\u00e5gar. Kanske utg\u00f6r kroppskonstitutionen \u00e4ven i verkligheten ett m\u00e5tt p\u00e5 karakt\u00e4rsdragen? Vad var det den kallades, den d\u00e4r \u00bbKretschmers typl\u00e4ra\u00ab? Enligt den fanns det ju samband mellan rund kroppsform och ut\u00e5triktat s\u00e4tt, mellan magerlagd form och in\u00e5tv\u00e4nd l\u00e4ggning, mellan stor, muskul\u00f6s kropp och s\u00e4vlighet. D\u00e4r finner vi <i>Ast\u00e9rix<\/i> som den ettrige lille runde och <i>Ob\u00e9lix<\/i> som den store, sn\u00e4lle j\u00e4tten.<\/span><\/span><\/p>\n<p class=\"western\" align=\"left\"><span style=\"font-family: Georgia, sans-serif; color: #800000;\"><span style=\"font-size: large;\">V\u00e5r filmkultur \u00e4r full av Kretschmers personlighetstyper, fast\u00e4n vetenskapen fullst\u00e4ndigt har f\u00f6rkastat den typl\u00e4ran.<\/span><\/span><\/p>\n<p class=\"western\" align=\"left\"><span style=\"font-family: Georgia, sans-serif; color: #800000;\"><span style=\"font-size: large;\">I det facket har vi Helan och Halvan. De hette ju inte s\u00e5 utan <i>Stan Laurel <\/i>och<i> Oliver Hardy.<\/i> I Danmark kallades de <i>G\u00f8g og Gokke,<\/i> i Norge samma som i Sverige men i Finland <i>Ohukainen ja Paksukainen,<\/i> det vill s\u00e4ga rakt p\u00e5 sak: den smale och den fete. Notera, att man i alla fall utom det svensk-norska namngett personerna i ordningen smal \u2013 tjock. Varf\u00f6r vi b\u00f6rjar med Helan \u00e4r kanske f\u00f6r att vi annars inte Halvan f\u00e5r.<\/span><\/span><\/p>\n<p class=\"western\" align=\"left\"><span style=\"font-family: Georgia, sans-serif; color: #800000;\"><span style=\"font-size: large;\">Alltnog, radarparet Stan och Ollie b\u00f6rjade med sitt parande 1927 och h\u00f6ll p\u00e5 med det en bit in p\u00e5 1950-talet. De b\u00f6rjade allts\u00e5 inom stumfilmen och klarade att forts\u00e4tta i samma stil i ljudfilm, de flesta korta filmer. Pajaser, skulle en del s\u00e4ga om dem. Deras humor var v\u00e4l ocks\u00e5 v\u00e4ldigt amerikansk med mycket pang, bom och sm\u00e4ll. Det s\u00e4gs \u00e4nd\u00e5, att det inte var amerikanen Oliver (Helan) utan engelsmannen Stan (Halvan) som mest utvecklade komiken i filmerna, vem regiss\u00f6ren \u00e4n var.<\/span><\/span><\/p>\n<p class=\"western\" align=\"left\"><span style=\"font-family: Georgia, sans-serif; color: #800000;\"><span style=\"font-size: large;\">I b\u00f6rjan av 1950-talet gjorde paret en turn\u00e9 i Storbritannien och Irland f\u00f6r att liksom g\u00f6ra come-back. Det var kanske i sista minuten, f\u00f6r de hade redan b\u00f6rjat gl\u00f6mmas bort. Med sig hade de sina hustrur, som inte alltid drog j\u00e4mnt. Det \u00e4r om denna inte konfliktbefriade turn\u00e9, som filmen \u00bbHelan &amp; Halvan\u00ab handlar.<\/span><\/span><\/p>\n<p class=\"western\" align=\"left\"><span style=\"font-family: Georgia, sans-serif; color: #800000;\"><span style=\"font-size: large;\">Men i medvetande om hur filmtiteln kan misstolkas och nonchaleras, kommer Kiruna filmstudio att ge de \u00e5sk\u00e5dare som \u00e4r mindre bevandrade i Kretschmers personlighetstyper en lektion i hur Helan och Halvans verkliga filmer tog sig ut. Som f\u00f6rspel kommer en av deras enaktare, <i>P\u00e5 nattkr\u00f6ken<\/i> fr\u00e5n 1932, att visas.<\/span><\/span><\/p>\n<p class=\"western\" align=\"left\"><span style=\"font-family: Georgia, sans-serif; color: #800000;\"><span style=\"font-size: large;\">Halvan hedras f\u00f6r \u00f6vrigt som bygdens son i Windermere, i det engelska sj\u00f6distriktet. Stanley Laurel var ju fr\u00e5n Ulverston d\u00e4r.<\/span><\/span><\/p>\n<p class=\"western\" align=\"right\"><span style=\"color: #800000;\"><em><span style=\"font-family: Verdana Italic, sans-serif;\"><span style=\"font-size: medium;\">En id\u00e9 i idet av Bj\u00f6rn Forseth<\/span><\/span><\/em><\/span><\/p>\n","protected":false},"excerpt":{"rendered":"<p>HELAN &amp; HALVAN &#8217; Helan g\u00e5r Ny\u00e5rsrevyer, buskis, farser och personlighetsl\u00e4ra \u2013 hur g\u00e5r det ihop? &nbsp; Guldbaggegalan har varit och Svenska Dagbladets korrespondent vill helst \u00bbgl\u00f6mma det svaga svenska film\u00e5ret 2019\u00ab. Jag vet inte det, jag. Flest baggar fick tv\u00e5 filmer, den ena And then we danced (jo, den \u00e4r svensk, men eftersom den &hellip; <\/p>\n<p class=\"link-more\"><a href=\"https:\/\/forseth.se\/?p=1552\" class=\"more-link\">Forts\u00e4tt l\u00e4sa<span class=\"screen-reader-text\"> \u201dHelan g\u00e5r\u201d<\/span><\/a><\/p>\n","protected":false},"author":1,"featured_media":0,"comment_status":"closed","ping_status":"closed","sticky":false,"template":"","format":"standard","meta":{"footnotes":""},"categories":[1],"tags":[],"class_list":["post-1552","post","type-post","status-publish","format-standard","hentry","category-uncategorized"],"_links":{"self":[{"href":"https:\/\/forseth.se\/index.php?rest_route=\/wp\/v2\/posts\/1552","targetHints":{"allow":["GET"]}}],"collection":[{"href":"https:\/\/forseth.se\/index.php?rest_route=\/wp\/v2\/posts"}],"about":[{"href":"https:\/\/forseth.se\/index.php?rest_route=\/wp\/v2\/types\/post"}],"author":[{"embeddable":true,"href":"https:\/\/forseth.se\/index.php?rest_route=\/wp\/v2\/users\/1"}],"replies":[{"embeddable":true,"href":"https:\/\/forseth.se\/index.php?rest_route=%2Fwp%2Fv2%2Fcomments&post=1552"}],"version-history":[{"count":2,"href":"https:\/\/forseth.se\/index.php?rest_route=\/wp\/v2\/posts\/1552\/revisions"}],"predecessor-version":[{"id":1556,"href":"https:\/\/forseth.se\/index.php?rest_route=\/wp\/v2\/posts\/1552\/revisions\/1556"}],"wp:attachment":[{"href":"https:\/\/forseth.se\/index.php?rest_route=%2Fwp%2Fv2%2Fmedia&parent=1552"}],"wp:term":[{"taxonomy":"category","embeddable":true,"href":"https:\/\/forseth.se\/index.php?rest_route=%2Fwp%2Fv2%2Fcategories&post=1552"},{"taxonomy":"post_tag","embeddable":true,"href":"https:\/\/forseth.se\/index.php?rest_route=%2Fwp%2Fv2%2Ftags&post=1552"}],"curies":[{"name":"wp","href":"https:\/\/api.w.org\/{rel}","templated":true}]}}