{"id":1592,"date":"2020-03-02T22:09:06","date_gmt":"2020-03-02T21:09:06","guid":{"rendered":"https:\/\/forseth.se\/idet\/?p=1592"},"modified":"2020-03-02T22:09:32","modified_gmt":"2020-03-02T21:09:32","slug":"den-fortroendeingivande-greta","status":"publish","type":"post","link":"https:\/\/forseth.se\/?p=1592","title":{"rendered":"Den f\u00f6rtroendeingivande Greta\u2026"},"content":{"rendered":"<p style=\"text-align: center;\"><span style=\"color: #800000;\">GRETA<\/span><\/p>\n<p style=\"text-align: center;\"><span style=\"color: #800000;\"><img loading=\"lazy\" decoding=\"async\" class=\"aligncenter size-full wp-image-1593\" src=\"https:\/\/forseth.se\/idet\/wp-content\/uploads\/2020\/03\/Greta.jpeg\" alt=\"\" width=\"1000\" height=\"421\" srcset=\"https:\/\/forseth.se\/wp-content\/uploads\/2020\/03\/Greta.jpeg 1000w, https:\/\/forseth.se\/wp-content\/uploads\/2020\/03\/Greta-300x126.jpeg 300w, https:\/\/forseth.se\/wp-content\/uploads\/2020\/03\/Greta-768x323.jpeg 768w\" sizes=\"auto, (max-width: 767px) 89vw, (max-width: 1000px) 54vw, (max-width: 1071px) 543px, 580px\" \/><\/span><\/p>\n<h3 class=\"western\" align=\"center\"><strong><span style=\"font-family: Verdana Bold, sans-serif; color: #800000;\"><span style=\"font-size: 300%;\">Den f\u00f6rtroende-ingivande Greta\u2026<\/span><\/span><\/strong><\/h3>\n<h2 class=\"western\" align=\"center\"><strong><span style=\"color: #800000;\">\u2026<span style=\"font-family: Verdana Bold Italic, sans-serif;\"><span style=\"font-size: x-large;\">i mellanmj\u00f6lkens kungarike<\/span><\/span><\/span><\/strong><\/h2>\n<p class=\"western\" align=\"left\"><span style=\"font-family: Georgia, sans-serif; color: #800000;\"><span style=\"font-size: large;\">Vad ska man tro om prinsar och prinsessor? Trots att f\u00e5 m\u00e4nniskor i v\u00e5rt land p\u00e5 direkt fr\u00e5ga, om de tycker att \u00e4mbeten ska \u00e4rvas, svarar att de tycker det. Vi har blivit lite f\u00f6r vana vid n\u00e5got slags demokratisk ordning. \u00c4nd\u00e5 l\u00e4ser vi sagor som Prinsessan p\u00e5 \u00e4rten och Lille prinsen. Sj\u00e4lva ordet prins\/essa betyder ju furste\/furstinna men \u00e4r f\u00f6r oss i allm\u00e4nhet varken n\u00e5gon som \u00e4r f\u00f6rst eller fr\u00e4mst utan bara n\u00e5gon sagofigur. I min brors bil s\u00e4ger v\u00e4gvisaren inte bara till om vilken v\u00e4g han ska ta fr\u00e5n A till B utan placerar h\u00e4r och d\u00e4r ut sm\u00e5 prinsar eller prinsessor (de ser ut som badankor men b\u00e4r krona) Vad de har i v\u00e4gkartan att g\u00f6ra framg\u00e5r inte. Kanske \u00e4r det rojalistisk smygpropagande, vad vet v\u00e4l en simpel cyklist? Men s\u00e5 vana vid fenomenet \u00e4r vi, att det tycks helt naturligt med lite prinsar h\u00e4r och var. Kanske \u00e4r det s\u00e5 i furstestaterna s\u00f6der om Medelhavet; de har s\u00e5 m\u00e5nga prinsar och prinsessor att dessa kan dyka upp snart sagt var som helst.<\/span><\/span><\/p>\n<p class=\"western\" align=\"left\"><span style=\"font-family: Georgia, sans-serif; color: #800000;\"><span style=\"font-size: large;\">En del sagor ber\u00e4ttar om ett land styrt av en m\u00e4ktig och klok kung, som med hj\u00e4rtat p\u00e5 r\u00e4tta st\u00e4llet ser till att r\u00e4ttvisa skipas och folket behandlas v\u00e4l. Tills n\u00e5gon elak sl\u00e4kting \u00e4rver tronen.<\/span><\/span><\/p>\n<p class=\"western\" align=\"left\"><span style=\"font-family: Georgia, sans-serif; color: #800000;\"><span style=\"font-size: large;\">Inte p\u00e5talar den vuxne h\u00f6gl\u00e4saren f\u00f6r de oskyldiga barnen det orimliga i, att en s\u00e5 kallad upplyst despot styr land och folk efter att ha \u00e4rvt \u00e4mbetet. Uppr\u00f6rdheten \u00e4gnas helt och h\u00e5llet elakheten hos efterf\u00f6ljaren.<\/span><\/span><\/p>\n<p class=\"western\" align=\"left\"><span style=\"font-family: Georgia, sans-serif; color: #800000;\"><span style=\"font-size: large;\">Varenda unge i dagens generation har sett <i>Frost<\/i> (2013) eller <i>Frost II<\/i> (2019) p\u00e5 svenska, samiska eller engelska (varvid i det sista fallet entusiastiska femtekolonnare f\u00e5tt sitta och l\u00e4sa undertexterna h\u00f6gt f\u00f6r sina sm\u00e5barn). I de filmerna \u00e4r det s\u00e5 politiskt korrekt, att en ung flicka styr hela riket. Folket \u00e4r bara n\u00f6jt med att ha en upplyst h\u00e4rskare. En tidigare generation ungar s\u00e5g <i>Lejonkungen<\/i> (1994) och l\u00e4rde sig, att kungamakten \u00e4rvdes genom b\u00f6rd och inte minst art. Det skulle man kunna kalla rasism i den h\u00f6gre skolan, eftersom en ideologi grundad p\u00e5 art sv\u00e5rligen skulle kunna kallas artism.<\/span><\/span><\/p>\n<p class=\"western\" align=\"left\"><span style=\"font-family: Georgia, sans-serif; color: #800000;\"><span style=\"font-size: large;\">D\u00e5 \u00e4r det v\u00e4l helt i sin ordning, att vi \u00e4ven utanf\u00f6r sagob\u00f6ckernas v\u00e4rld godtar env\u00e4lde, n\u00e4r det verkar vara ett upplyst s\u00e5dant. Allts\u00e5: det \u00e4r helt i sin ordning att vi s\u00e4ljer vapen till Saudi-Arabien, men inte att landet i fr\u00e5ga styckar en medborgare p\u00e5 en utl\u00e4ndsk ambassad. N\u00e5gon m\u00e5tta f\u00e5r det vara.<\/span><\/span><\/p>\n<p class=\"western\" align=\"left\"><span style=\"font-family: Georgia, sans-serif; color: #800000;\"><span style=\"font-size: large;\">D\u00e4rf\u00f6r var det v\u00e4l inte helt ologiskt, att v\u00e5r egen kung f\u00f6r sexton \u00e5r sedan talade gillande om sin kollega i Brunei, vilket han taskigt nog f\u00e5tt sota f\u00f6r i efterhand. I den m\u00e5n en nutida svensk monark f\u00e5r sota f\u00f6r n\u00e5got alls. Det han sa var ju i samklang med v\u00e5r ber\u00e4ttartradition f\u00f6r v\u00e5ra sm\u00e5 barn.<\/span><\/span><\/p>\n<p class=\"western\" align=\"left\"><span style=\"font-family: Georgia, sans-serif; color: #800000;\"><span style=\"font-size: large;\">D\u00e4remot anv\u00e4nder vi g\u00e4rna uttryck som kung p\u00e5 en s\u00f6derhavs\u00f6, skidkung, utbrytarnas konung och dylika bildlika begrepp. P\u00e5 samma s\u00e4tt kan vi anv\u00e4nda ordet drottning. En kvinnlig hj\u00e4lte, en hj\u00e4ltinna, kan gott f\u00e5 epitetet drottning. En kung eller drottning \u00e4r singular i ett givet land, men kanske kan man \u00e4nd\u00e5 s\u00e4ga, att textilarbeterskorna, som strejkade i Petrograd den 8 mars 1917, var kvinnor\u00f6relsens okr\u00f6nta drottningar allihop. De satte dagordningen och startade en revolution.<\/span><\/span><\/p>\n<p class=\"western\" align=\"left\"><span style=\"font-family: Georgia, sans-serif; color: #800000;\"><span style=\"font-size: large;\">F\u00f6r n\u00e5gra \u00e5r sedan inf\u00f6ll 8 mars p\u00e5 en torsdag, den veckodag d\u00e5 Kiruna filmstudio k\u00f6r sin film. Med b\u00f6rjan det \u00e5ret har d\u00e4refter hela marsserien pr\u00e4glats av filmer med drottningar i huvudrollen, allts\u00e5 hj\u00e4ltinnor. Varje \u00e5r \u00e4r fr\u00e5gan: f\u00e5r man ihop fyra eller fem filmer med kvinnor i de ledande rollerna?<\/span><\/span><\/p>\n<p class=\"western\" align=\"left\"><span style=\"font-family: Georgia, sans-serif; color: #800000;\"><span style=\"font-size: large;\">Jo, det f\u00e5r man, om man gl\u00f6mmer bort illusioner och romantik. I \u00e5r b\u00f6rjar filmstudions marsserie med en omtumlande thriller med Greta i titelrollen. D\u00e5 t\u00e4nker ni f\u00f6rst\u00e5s p\u00e5 allas v\u00e5r Greta i dagens v\u00e4rldspolitik, men namnet har hon inte monopol p\u00e5. Det kunde vara hon som \u00e4r med Hans i sagan om honom och Greta men \u00e4r inte det; i filmen <i>Greta<\/i> fr\u00e5n 2018 \u00e4r det en Greta av en helt annan sort, vilket en ung studentska snart f\u00e5r uppdaga, sedan hon kontaktat denna \u00e4ldre Greta f\u00f6r att i all v\u00e4lmening \u00e5terl\u00e4mna hittegods. Den till synes s\u00e5 rara lilla tanten spelas av franska <i>Isabelle Huppert.<\/i><\/span><\/span><\/p>\n<p class=\"western\" align=\"left\"><span style=\"font-family: Georgia, sans-serif; color: #800000;\"><span style=\"font-size: large;\">P\u00e5 filmstudion nu p\u00e5 torsdag s\u00e5ledes den f\u00f6rsta av fyra filmer med kvinnliga hj\u00e4ltar.<\/span><\/span><\/p>\n<p class=\"western\" align=\"right\"><em><span style=\"font-family: Verdana Italic, sans-serif; color: #800000;\"><span style=\"font-size: medium;\">En id\u00e9 i idet av Bj\u00f6rn Forseth<\/span><\/span><\/em><\/p>\n","protected":false},"excerpt":{"rendered":"<p>GRETA Den f\u00f6rtroende-ingivande Greta\u2026 \u2026i mellanmj\u00f6lkens kungarike Vad ska man tro om prinsar och prinsessor? Trots att f\u00e5 m\u00e4nniskor i v\u00e5rt land p\u00e5 direkt fr\u00e5ga, om de tycker att \u00e4mbeten ska \u00e4rvas, svarar att de tycker det. Vi har blivit lite f\u00f6r vana vid n\u00e5got slags demokratisk ordning. \u00c4nd\u00e5 l\u00e4ser vi sagor som Prinsessan p\u00e5 &hellip; <\/p>\n<p class=\"link-more\"><a href=\"https:\/\/forseth.se\/?p=1592\" class=\"more-link\">Forts\u00e4tt l\u00e4sa<span class=\"screen-reader-text\"> \u201dDen f\u00f6rtroendeingivande Greta\u2026\u201d<\/span><\/a><\/p>\n","protected":false},"author":1,"featured_media":0,"comment_status":"closed","ping_status":"closed","sticky":false,"template":"","format":"standard","meta":{"footnotes":""},"categories":[1],"tags":[],"class_list":["post-1592","post","type-post","status-publish","format-standard","hentry","category-uncategorized"],"_links":{"self":[{"href":"https:\/\/forseth.se\/index.php?rest_route=\/wp\/v2\/posts\/1592","targetHints":{"allow":["GET"]}}],"collection":[{"href":"https:\/\/forseth.se\/index.php?rest_route=\/wp\/v2\/posts"}],"about":[{"href":"https:\/\/forseth.se\/index.php?rest_route=\/wp\/v2\/types\/post"}],"author":[{"embeddable":true,"href":"https:\/\/forseth.se\/index.php?rest_route=\/wp\/v2\/users\/1"}],"replies":[{"embeddable":true,"href":"https:\/\/forseth.se\/index.php?rest_route=%2Fwp%2Fv2%2Fcomments&post=1592"}],"version-history":[{"count":2,"href":"https:\/\/forseth.se\/index.php?rest_route=\/wp\/v2\/posts\/1592\/revisions"}],"predecessor-version":[{"id":1595,"href":"https:\/\/forseth.se\/index.php?rest_route=\/wp\/v2\/posts\/1592\/revisions\/1595"}],"wp:attachment":[{"href":"https:\/\/forseth.se\/index.php?rest_route=%2Fwp%2Fv2%2Fmedia&parent=1592"}],"wp:term":[{"taxonomy":"category","embeddable":true,"href":"https:\/\/forseth.se\/index.php?rest_route=%2Fwp%2Fv2%2Fcategories&post=1592"},{"taxonomy":"post_tag","embeddable":true,"href":"https:\/\/forseth.se\/index.php?rest_route=%2Fwp%2Fv2%2Ftags&post=1592"}],"curies":[{"name":"wp","href":"https:\/\/api.w.org\/{rel}","templated":true}]}}