{"id":1597,"date":"2020-03-11T15:39:15","date_gmt":"2020-03-11T14:39:15","guid":{"rendered":"https:\/\/forseth.se\/idet\/?p=1597"},"modified":"2020-03-11T15:43:52","modified_gmt":"2020-03-11T14:43:52","slug":"hemmafronten","status":"publish","type":"post","link":"https:\/\/forseth.se\/?p=1597","title":{"rendered":"Hemmafronten"},"content":{"rendered":"<p style=\"text-align: center;\"><span style=\"color: #800000;\">BESKYDDARNA<\/span><\/p>\n<p style=\"text-align: center;\"><span style=\"color: #800000;\"><img loading=\"lazy\" decoding=\"async\" class=\"aligncenter size-full wp-image-1598\" src=\"https:\/\/forseth.se\/idet\/wp-content\/uploads\/2020\/03\/Beskyddarna.jpg\" alt=\"\" width=\"1000\" height=\"500\" srcset=\"https:\/\/forseth.se\/wp-content\/uploads\/2020\/03\/Beskyddarna.jpg 1000w, https:\/\/forseth.se\/wp-content\/uploads\/2020\/03\/Beskyddarna-300x150.jpg 300w, https:\/\/forseth.se\/wp-content\/uploads\/2020\/03\/Beskyddarna-768x384.jpg 768w\" sizes=\"auto, (max-width: 767px) 89vw, (max-width: 1000px) 54vw, (max-width: 1071px) 543px, 580px\" \/><\/span><\/p>\n<h4 class=\"western\" align=\"center\"><strong><span style=\"font-family: Verdana Bold, sans-serif; color: #800000;\"><span style=\"font-size: 300%;\">Hemmafronten<\/span><\/span><\/strong><\/h4>\n<h2 class=\"western\" align=\"center\"><strong><span style=\"font-family: Verdana Bold Italic, sans-serif; color: #800000;\"><span style=\"font-size: x-large;\">Kvinnor \u00e4r bra att ha n\u00e4r m\u00e4n ska ut och kriga<\/span><\/span><\/strong><\/h2>\n<p class=\"western\" align=\"left\"><span style=\"font-family: Georgia, sans-serif; color: #800000;\"><span style=\"font-size: large;\">F\u00f6r tre dagar sedan var det Internationella kvinnodagen, det vill s\u00e4ga \u00e5rsdagen av textilarbeterskornas strejk i Petrograd 1917 \u2013 inledningen till b\u00e5de den ryska revolutionen och just Internationella kvinnodagen. Det kan vara v\u00e4rt en extra bild i denna kr\u00f6nika. Fr\u00e5n Ryska posten har jag knipit denna, som \u00e5terges med \u00f6vers\u00e4ttning av texten p\u00e5 banderollen:<\/span><\/span><\/p>\n<p style=\"text-align: center;\" align=\"left\"><img loading=\"lazy\" decoding=\"async\" class=\"aligncenter size-full wp-image-1600\" src=\"https:\/\/forseth.se\/idet\/wp-content\/uploads\/2020\/03\/8-mars.jpg\" alt=\"\" width=\"1000\" height=\"562\" srcset=\"https:\/\/forseth.se\/wp-content\/uploads\/2020\/03\/8-mars.jpg 1000w, https:\/\/forseth.se\/wp-content\/uploads\/2020\/03\/8-mars-300x169.jpg 300w, https:\/\/forseth.se\/wp-content\/uploads\/2020\/03\/8-mars-768x432.jpg 768w\" sizes=\"auto, (max-width: 767px) 89vw, (max-width: 1000px) 54vw, (max-width: 1071px) 543px, 580px\" \/><\/p>\n<p class=\"western\" align=\"center\"><span style=\"font-family: Helvetica Light, sans-serif; color: #800000;\"><span style=\"font-size: small;\">Utan kvinnors deltagande a\u0308r ro\u0308stra\u0308tten inte allma\u0308n<\/span><\/span><\/p>\n<p class=\"western\" align=\"left\"><span style=\"font-family: Georgia, sans-serif; color: #800000;\"><span style=\"font-size: large;\">S\u00e5 brukade jag ocks\u00e5 i min ungdom s\u00e4ga till tjejer, som var v\u00e4ldigt revolution\u00e4ra: Utan kvinnors deltagande \u00e4r inte v\u00e4rnplikten allm\u00e4n. \u00bbT\u00e4nkte inte p\u00e5 det\u00ab, kunde de ha sagt, men komikerg\u00e4nget Lorry var ju inte k\u00e4nda \u00e4nnu. I st\u00e4llet brukade de f\u00e5 tungh\u00e4fta eller fnysa.<\/span><\/span><\/p>\n<p class=\"western\" align=\"left\"><span style=\"font-family: Georgia, sans-serif; color: #800000;\"><span style=\"font-size: large;\">Eftersom hela mars m\u00e5nad \u00e4r en kvinnom\u00e5nad f\u00f6r Kiruna filmstudio, blir det d\u00e5 idel filmer med hj\u00e4ltinnor. F\u00f6rresten borde v\u00e4l de d\u00e4r textilarbeterskorna ha f\u00e5tt n\u00e5gon film om sig, eller? F\u00f6r att ta reda p\u00e5 s\u00e5dant kan man kamma igenom Internationella filmdatabasen, imdb.com, vilket \u00e4r en grannlaga uppgift, d\u00e5 den inneh\u00e5ller all v\u00e4rldens filmer fr\u00e5n slutet av 1800-talet till idag. En s\u00f6kning enbart p\u00e5 frasen \u00bbInternational Women&#8217;s Day\u00ab ger elva tr\u00e4ffar, mest kortfilmer. Den enda l\u00e5ngfilmen \u00e4r rysk med just titeln <i>8 mars<\/i> (2000). Men en fyra minuter l\u00e5ng pedagogisk framst\u00e4llning av dagens betydelse f\u00f6r kvinnor p\u00e5 landet finns i tecknad form, <i>F\u00f6rf\u00e4rliga Vavila och moster Arina<\/i> (Sovjet 1928). De elva tr\u00e4ffarna s\u00e4ger dock inte allt. Den 8 mars \u00e4r temat f\u00f6r flera avsnitt i engelskspr\u00e5kiga teveserier, liksom f\u00f6r \u2013 h\u00e5ll i er nu \u2013 <i>James Bond. <\/i>D\u00e4r f\u00e5r <i>Daniel Craig <\/i>kl\u00e4 sig i rollen som kvinna till r\u00f6sten av sin chef <i>M, Judi Dench,<\/i> i en hyllning till dagen \u00e5r 2011. N\u00e4r f\u00e5r vi se den kortisen p\u00e5 bio?<\/span><\/span><\/p>\n<p class=\"western\" align=\"left\"><span style=\"font-family: Georgia, sans-serif; color: #800000;\"><span style=\"font-size: large;\">Kvinnor visade allts\u00e5 i mars 1917 framf\u00f6tterna i Ryssland. Under v\u00e4rldskrigen gjorde de ocks\u00e5 det i andra l\u00e4nder, d\u00e4r m\u00e4nnen kallats in och n\u00e5gon m\u00e5ste tillverka ammunitionen \u00e5t dem. Eller odla deras proviant. Den store engelska dramatikern <i>Ken Loach<\/i> visade 2013 i l\u00e5ngfilmsdokument\u00e4ren <i>The Spirit of &#8217;45<\/i> (Andan fr\u00e5n 1945), hur den mycket starka kvinnorollen i Storbritannien under andra v\u00e4rldskriget f\u00f6rbyttes i \u00bbkasta ut barnet med badvattnet\u00ab, allts\u00e5 kvinnorna. D\u00e5 skulle de g\u00e5 tillbaka till spisen och foga sig.<\/span><\/span><\/p>\n<p class=\"western\" style=\"padding-left: 30px;\" align=\"left\"><span style=\"font-family: Georgia, sans-serif; color: #800000;\"><span style=\"font-size: large;\">N\u00e5got liknande r\u00e5dde v\u00e4l i Sverige under samma period. D\u00e5 s\u00e5gs en vapenf\u00f6r manlig individ i civila kl\u00e4der som en skummis \u2013 antagligen en snajdare som h\u00f6ll sig undan, som svek. En s\u00e5dan beskrev <i>Hans Alfredsson<\/i> tydligt i sin film <i>Tuppen<\/i> 1981 (i vilken f\u00f6rresten kompisen <i>Tage Danielsson<\/i> i bakgrunden i en scen v\u00e4nde sig om och tittade mot kameran fr\u00e5n en cykel \u2013 hur m\u00e5nga uppt\u00e4ckte egentligen, att det var han?).<\/span><\/span><\/p>\n<p class=\"western\" style=\"padding-left: 30px;\" align=\"left\"><span style=\"font-family: Georgia, sans-serif; color: #800000;\"><span style=\"font-size: large;\">I v\u00e5rt land under det kalla kriget var hemmafronten organiserad p\u00e5 f\u00f6rhand. Av <i>Om kriget kommer,<\/i> 1961 \u00e5rs upplaga av <i>V\u00e4gledning f\u00f6r Sveriges medborgare<\/i>, framg\u00e5r, att \u00bbGenom en <i>ekonomisk f\u00f6rsvarsberedskap<\/i> s\u00f6ker vi trygga landets f\u00f6rs\u00f6rjning under krigsf\u00f6rh\u00e5llanden\u00ab. \u00bbOm Du skall arbeta i sjukv\u00e5rden, produktionen eller kommunikationerna eller i annan del av totalf\u00f6rsvaret: F\u00f6lj de anvisningar som Du f\u00e5tt redan i fred av myndigheter och arbetsgivare\u00ab\u2026 Alla skulle krigsplaceras, till exempel i jordbruket.<\/span><\/span><\/p>\n<p class=\"western\" align=\"left\"><span style=\"font-family: Georgia, sans-serif; color: #800000;\"><span style=\"font-size: large;\">En ny fransk spelfilm, <i>Beskyddarna<\/i> (2017), handlar om kvinnorna i lantbruket under f\u00f6rsta v\u00e4rldskriget. S\u00e4rskilt om livet p\u00e5 en viss g\u00e5rd och de kvinnor som l\u00e4mnats kvar d\u00e4r, n\u00e4r alla m\u00e4nnen kallats in till milit\u00e4rtj\u00e4nstg\u00f6ring. F\u00f6ga kunde de v\u00e4l d\u00e5 ana, hur upplogat stora delar av Frankrike skulle komma att bli av skyttegravar och bombgropar. Den omfattningen har v\u00e4l bara \u00f6vertr\u00e4ffats av Kambodja, sedan USA p\u00e5 1970-talet f\u00f6rs\u00f6kt bomba det landet tillbaka till sten\u00e5ldern. Lika illa som det efter\u00e5t gick f\u00f6r de kambodjanska fattigb\u00f6nderna gick det v\u00e4l inte i Frankrike, vars rikedom hade skapat l\u00e4skunniga och n\u00e5gorlunda informerade b\u00f6nder.<\/span><\/span><\/p>\n<p class=\"western\" style=\"padding-left: 30px;\" align=\"left\"><span style=\"font-family: Georgia, sans-serif; color: #800000;\"><span style=\"font-size: large;\">Alltnog, regiss\u00f6ren <i>Xavier Beauvois<\/i> \u00e4r nog mest k\u00e4nd f\u00f6r en tidigare film om ett avsides kloster i Algeriet under dess inb\u00f6rdeskrig p\u00e5 1990-talet, <i>Gudar och m\u00e4nniskor<\/i> (2010). Den har filmstudion visat p\u00e5 sin tid.<\/span><\/span><\/p>\n<p class=\"western\" align=\"left\"><span style=\"font-family: Georgia, sans-serif; color: #800000;\"><span style=\"font-size: large;\">Nu denna vecka visas \u00bbBeskyddarna\u00ab. P\u00e5 torsdag.<\/span><\/span><\/p>\n<p class=\"western\" align=\"right\"><em><span style=\"font-family: Verdana Italic, sans-serif; color: #800000;\"><span style=\"font-size: medium;\">En id\u00e9 i idet av Bj\u00f6rn Forseth<\/span><\/span><\/em><\/p>\n","protected":false},"excerpt":{"rendered":"<p>BESKYDDARNA Hemmafronten Kvinnor \u00e4r bra att ha n\u00e4r m\u00e4n ska ut och kriga F\u00f6r tre dagar sedan var det Internationella kvinnodagen, det vill s\u00e4ga \u00e5rsdagen av textilarbeterskornas strejk i Petrograd 1917 \u2013 inledningen till b\u00e5de den ryska revolutionen och just Internationella kvinnodagen. Det kan vara v\u00e4rt en extra bild i denna kr\u00f6nika. Fr\u00e5n Ryska posten &hellip; <\/p>\n<p class=\"link-more\"><a href=\"https:\/\/forseth.se\/?p=1597\" class=\"more-link\">Forts\u00e4tt l\u00e4sa<span class=\"screen-reader-text\"> \u201dHemmafronten\u201d<\/span><\/a><\/p>\n","protected":false},"author":1,"featured_media":0,"comment_status":"closed","ping_status":"closed","sticky":false,"template":"","format":"standard","meta":{"footnotes":""},"categories":[1],"tags":[],"class_list":["post-1597","post","type-post","status-publish","format-standard","hentry","category-uncategorized"],"_links":{"self":[{"href":"https:\/\/forseth.se\/index.php?rest_route=\/wp\/v2\/posts\/1597","targetHints":{"allow":["GET"]}}],"collection":[{"href":"https:\/\/forseth.se\/index.php?rest_route=\/wp\/v2\/posts"}],"about":[{"href":"https:\/\/forseth.se\/index.php?rest_route=\/wp\/v2\/types\/post"}],"author":[{"embeddable":true,"href":"https:\/\/forseth.se\/index.php?rest_route=\/wp\/v2\/users\/1"}],"replies":[{"embeddable":true,"href":"https:\/\/forseth.se\/index.php?rest_route=%2Fwp%2Fv2%2Fcomments&post=1597"}],"version-history":[{"count":7,"href":"https:\/\/forseth.se\/index.php?rest_route=\/wp\/v2\/posts\/1597\/revisions"}],"predecessor-version":[{"id":1607,"href":"https:\/\/forseth.se\/index.php?rest_route=\/wp\/v2\/posts\/1597\/revisions\/1607"}],"wp:attachment":[{"href":"https:\/\/forseth.se\/index.php?rest_route=%2Fwp%2Fv2%2Fmedia&parent=1597"}],"wp:term":[{"taxonomy":"category","embeddable":true,"href":"https:\/\/forseth.se\/index.php?rest_route=%2Fwp%2Fv2%2Fcategories&post=1597"},{"taxonomy":"post_tag","embeddable":true,"href":"https:\/\/forseth.se\/index.php?rest_route=%2Fwp%2Fv2%2Ftags&post=1597"}],"curies":[{"name":"wp","href":"https:\/\/api.w.org\/{rel}","templated":true}]}}