{"id":1608,"date":"2020-03-17T12:00:36","date_gmt":"2020-03-17T11:00:36","guid":{"rendered":"https:\/\/forseth.se\/idet\/?p=1608"},"modified":"2020-03-17T12:29:16","modified_gmt":"2020-03-17T11:29:16","slug":"panterdrottningen","status":"publish","type":"post","link":"https:\/\/forseth.se\/?p=1608","title":{"rendered":"Panterdrottningen"},"content":{"rendered":"<p style=\"text-align: center;\"><span style=\"color: #800000;\">GLORIA<\/span><\/p>\n<p style=\"text-align: center;\"><span style=\"color: #800000;\"><img loading=\"lazy\" decoding=\"async\" class=\"aligncenter size-full wp-image-1609\" src=\"https:\/\/forseth.se\/idet\/wp-content\/uploads\/2020\/03\/Gloria.jpeg\" alt=\"\" width=\"1000\" height=\"516\" srcset=\"https:\/\/forseth.se\/wp-content\/uploads\/2020\/03\/Gloria.jpeg 1000w, https:\/\/forseth.se\/wp-content\/uploads\/2020\/03\/Gloria-300x155.jpeg 300w, https:\/\/forseth.se\/wp-content\/uploads\/2020\/03\/Gloria-768x396.jpeg 768w\" sizes=\"auto, (max-width: 767px) 89vw, (max-width: 1000px) 54vw, (max-width: 1071px) 543px, 580px\" \/><\/span><\/p>\n<h6 class=\"western\" align=\"center\"><strong><span style=\"font-family: Verdana Bold, sans-serif; color: #800000;\"><span style=\"font-size: 300%;\">Panterdrottningen<\/span><\/span><\/strong><\/h6>\n<h2 class=\"western\" align=\"center\"><strong><span style=\"font-family: Verdana Bold Italic, sans-serif; color: #800000;\"><span style=\"font-size: x-large;\">K\u00e4nd film heter \u00bbLejonkungen\u00ab \u2013 tar f\u00f6r givet att flockens ledare m\u00e5ste vara en hanne<\/span><\/span><\/strong><\/h2>\n<p>&nbsp;<\/p>\n<p class=\"western\" align=\"left\"><span style=\"font-family: Georgia, sans-serif; color: #800000;\"><span style=\"font-size: large;\">I dessa virulenta tider \u00e4r det inte bara samh\u00e4llet runtom en som st\u00e4lls p\u00e5 huvudet. Ens eget huvud st\u00e4lls ocks\u00e5 p\u00e5\u2026 \u00f6, huvudet, om n\u00e5gon f\u00f6rst\u00e5r vad jag menar.<\/span><\/span><\/p>\n<p class=\"western\" align=\"left\"><span style=\"font-family: Georgia, sans-serif; color: #800000;\"><span style=\"font-size: large;\">En fj\u00e4lla fr\u00e5n fj\u00e4llen bes\u00f6kte mig f\u00f6rra veckan f\u00f6r att l\u00e4mna saker, och sj\u00e4lv bara \u00f6nskade jag att ingenting l\u00e4mna henne. Ty jag var f\u00f6rkyld och hade d\u00e4rtill p\u00e5 bes\u00f6k i Stockholmsomr\u00e5det \u00e5dragit mig detta ov\u00e4lkomna st\u00f6rningsmoment. S\u00e5 jag h\u00f6ll mig p\u00e5 min kant (det skulle jag ha gjort <b>\u00e4nd\u00e5 <\/b>\u2013 tro inget annat; hon \u00e4r bunden vid en annan); allts\u00e5, jag h\u00f6ll mig p\u00e5 min kant f\u00f6r att inte sprida cirunaviruset (f\u00f6r corona var det inte, om jag f\u00e5r tro Sjukv\u00e5rdsupplysningens utm\u00e4rkta utfr\u00e5gning p\u00e5 tjatten). Gammal backstusittare som jag \u00e4r, om uttrycket till\u00e5ts, sk\u00e4mdes jag f\u00f6ga f\u00f6r mitt \u00e5lderdomligt inredda k\u00f6k, som en tidigare kvinnlig bes\u00f6kare till och med tyckt var camp (och d\u00e4rtill beklagat, att min kran \u2013 den \u00f6ver vasken, allts\u00e5 \u2013 var modern, vilket skulle ha f\u00f6rtagit en del av k\u00f6kets rustika charm).<\/span><\/span><\/p>\n<p class=\"western\" align=\"left\"><span style=\"font-family: Georgia, sans-serif; color: #800000;\"><span style=\"font-size: large;\">Men dagen efter s\u00e5g jag k\u00f6ksinredningen i ett f\u00f6rkylningens f\u00f6rklarande ljus: den var inte bara lantlig som i n\u00e5gon ned\u00e4rvd gammal sommarstuga, den var smutsig.<\/span><\/span><\/p>\n<p class=\"western\" align=\"left\"><span style=\"font-family: Georgia, sans-serif; color: #800000;\"><span style=\"font-size: large;\">Precis som vid alla andra sjukskrivningar genom \u00e5ren f\u00e5r den sjukskrivne pl\u00f6tsligt oanade (driv)krafter att h\u00e5lla rent, snygga upp och reparera. Och visst har efter ett ryck k\u00f6ksluckornas smutsr\u00e4nder nu ersatts med patina.<\/span><\/span><\/p>\n<p class=\"western\" align=\"left\"><span style=\"font-family: Georgia, sans-serif; color: #800000;\"><span style=\"font-size: large;\">Den energin kanske man ska vara tacksam f\u00f6r. Ungkarlens enkla tj\u00e4ll blir annars f\u00f6r ingrott, kant\u00e4nka. Men f\u00f6r den undersysselsatte kunde den hellre ha anv\u00e4nts till att skriva en roman eller en symfoni eller att tr\u00e4na inf\u00f6r Dundret runt. Men det sistn\u00e4mnda har ju st\u00e4llts in, och nu uttalas h\u00f6gt, att undertecknads \u00e5ldersgrupp ska isoleras.<\/span><\/span><\/p>\n<p class=\"western\" style=\"padding-left: 30px;\" align=\"left\"><span style=\"font-family: Georgia, sans-serif; color: #800000;\"><span style=\"font-size: large;\">Isoleras! H\u00e4r ska inte isoleras utan ut och f\u00f6rmeras, som norrm\u00e4nnen s\u00e4ger. \u2013 \u00c4sch, s\u00e5dana tankar \u00e4r v\u00e4l just vad som ska st\u00e4ngas inne. Fast de kanske inte \u00e4r r\u00e4dda f\u00f6r vilda pension\u00e4rer som sprider sin vildhavre blandad med covid-19 utan visar omsorg om oss skr\u00f6pliga gamlingar; vi ska inte n\u00e5s av ot\u00e4cka virusformer. Det r\u00e4cker med dem, vi f\u00e5r via bredbandet.<\/span><\/span><\/p>\n<p class=\"western\" align=\"left\"><span style=\"font-family: Georgia, sans-serif; color: #800000;\"><span style=\"font-size: large;\">Pandemiska f\u00f6ljder p\u00e5 andra omr\u00e5den \u00e4r exempelvis v\u00e5ra seders f\u00f6rd\u00e4rv, som n\u00e5gon kanske skulle s\u00e4ga. Nu har de b\u00f6rjat g\u00f6ra sk\u00e4mtfilm av den norska statsministern, som pl\u00f6tsligt undvikit att ta i hand. Tillf\u00e4llet m\u00e5ste nu vara gyllene f\u00f6r de personer, som anser kvinnor vara orena och ej b\u00f6ra vidr\u00f6ras. Nu kan de som anser sig tillh\u00f6ra det \u00e4dla k\u00f6net s\u00f6ka jobb p\u00e5 verkst\u00e4der, d\u00e4r chefen \u00e4r kvinna, och l\u00e4ttvint l\u00e5ta bli att h\u00e4lsa med handslag \u00bbmed h\u00e4nsyn till folkh\u00e4lsan under r\u00e5dande pandemi\u00ab. Detta tillf\u00e4lle utg\u00f6r ett s\u00e5 kallat f\u00f6nster i v\u00e5rt folkskick, varigenom man kan slinka in och bli accepterad, utan att n\u00e5gon m\u00e4rker ens inst\u00e4llning. Kvinnliga arbetskamrater kommer f\u00f6rst\u00e5s att m\u00e4rka det, vad det lider, men d\u00e5 \u00e4r de redan etablerade.<\/span><\/span><\/p>\n<p class=\"western\" align=\"left\"><span style=\"font-family: Georgia, sans-serif; color: #800000;\"><span style=\"font-size: large;\">N\u00e4r fan blir gammal, blir han religi\u00f6s, s\u00e4ger man. F\u00f6rutsatt att fan liksom Gud \u00e4r en han, en av det \u00e4dla k\u00f6net. Religi\u00f6sa undrar jag \u00e4nd\u00e5 om de kvinnof\u00f6raktande blir, det har de ju dittills trott om sig sj\u00e4lva hela tiden. Kvinnof\u00f6raktet har s\u00e5 att s\u00e4ga haft gudomlig bekr\u00e4ftelse. D\u00e4remot blir kvinnor bara tuffare med \u00e5ren, tycks det mig. Undantag finns, s\u00e5 klart, men att m\u00e5nga n\u00e4r de blivit \u00e4ldre ser hur livet fungerar och m\u00e4nniskorna \u00e4r skapta g\u00f6r v\u00e4l att fj\u00e4llen faller fr\u00e5n de gamla fj\u00e4llornas \u00f6gon. Att samma fj\u00e4ll inte faller fr\u00e5n \u00f6gonen p\u00e5 gamla m\u00e4n, som alltid hatat kvinnor, beror kanske p\u00e5 att de tj\u00e4nar p\u00e5 att ingenting f\u00f6rst\u00e5.<\/span><\/span><\/p>\n<p class=\"western\" align=\"left\"><span style=\"font-family: Georgia, sans-serif; color: #800000;\"><span style=\"font-size: large;\">Inom filmens v\u00e4rld var gamla kvinnor f\u00f6rr n\u00e5got som hamnade i n\u00e5gon tankens byr\u00e5l\u00e5da. Den minnesgode kanske drar sig till minnes en annons i en New York-tidning i b\u00f6rjan av 1960-talet.<\/span><\/span><\/p>\n<p class=\"western\" style=\"padding-left: 30px;\" align=\"left\"><span style=\"font-family: Georgia, sans-serif; color: #800000;\"><span style=\"font-size: large;\">Jod\u00e5 \u2013 att hitta en annons i en New York-tidning i b\u00f6rjan av 1960-talet \u00e4r v\u00e4l en baggis f\u00f6r <span style=\"color: #800000;\">den nyfikne \u2013 och f\u00f6r den minnesgode med!<\/span><\/span><\/span><\/p>\n<p class=\"western\" align=\"left\"><span style=\"font-family: Georgia, sans-serif; color: #800000;\"><span style=\"font-size: large;\">N\u00e5, allts\u00e5, vid den tiden d\u00e5 undertecknad l\u00e4ste Kalle Anka &amp; C:O, n\u00e4mndes en viss annons i radionyheterna. En tidigare stor Hollywoodidol hade passerat femtiostrecket (vilket f\u00f6r d\u00e5varande mig var ur\u00e5ldrigt), blivit bortgl\u00f6md och hade d\u00e4rf\u00f6r i tidskriften Variety den 24 september 1962 satt in f\u00f6ljande annons under rubriken \u00abAnst\u00e4llning s\u00f6kes, kvinnor, sk\u00e5despelare\u00ab:<\/span><\/span><\/p>\n<p class=\"western\" style=\"padding-left: 30px;\" align=\"left\"><span style=\"font-family: Georgia, sans-serif; color: #800000;\"><span style=\"font-size: large;\"><i><b>Fr\u00e5nskild trebarnsmamma till 10, 11 &amp; 15. Amerikan. Trettio \u00e5rs erfarenhet som sk\u00e5despelerska inom filmen. Alltj\u00e4mt flyttbar och \u00e4lskv\u00e4rdare \u00e4n vad som s\u00e4gs. S\u00f6ker fast anst\u00e4llning i Hollywood. (Har haft det p\u00e5 Broadway.)<\/b><\/i><\/span><\/span><\/p>\n<p class=\"western\" style=\"padding-left: 30px;\" align=\"left\"><span style=\"font-family: Georgia, sans-serif; color: #800000;\"><span style=\"font-size: large;\"><i><b>Bette Davis, <span style=\"font-family: Warnock Pro;\"><span style=\"font-size: medium;\">\u2105<\/span><\/span> Martin Baum, G.A.C.<\/b><\/i><\/span><\/span><\/p>\n<p class=\"western\" style=\"padding-left: 30px;\" align=\"left\"><span style=\"font-family: Georgia, sans-serif; color: #800000;\"><span style=\"font-size: large;\"><i><b>Referenser p\u00e5 beg\u00e4ran.<\/b><\/i><\/span><\/span><\/p>\n<p class=\"western\" align=\"left\"><span style=\"font-family: Georgia, sans-serif;\"><span style=\"font-size: large;\"><span style=\"color: #800000;\">Den satt. <i>Bette Davis<\/i> gjorde come-back med <i>Vad h\u00e4nde med Baby Jane?<\/i> redan samma \u00e5r och spelade in flera roller fram till sin d\u00f6d 1989. Andra \u00e4ldre damer fr\u00e5n tilja och duk nyttjas numera l\u00e4ngre; jag t\u00e4nker p\u00e5 primadonnor som franska <i>Myl\u00e8ne Demongeot,<\/i> tyska <i>Barbara Sukowa <\/i>och svenska <i>Suzanne Reuter, <\/i>f\u00f6r att n\u00e4mna n\u00e5gra \u2013 och det var v\u00e4l h\u00e4rligt, att publiken l\u00e4t pantertanterna <i>Siw Malmkvist, Towa Carson<\/i> och <i>Ann-Louise Hanson<\/i> \u00e5r 2004 vinna i Mello! Inom parentes sagt.<\/span><\/span><\/span><\/p>\n<p class=\"western\" align=\"left\"><span style=\"font-family: Georgia, sans-serif; color: #800000;\"><span style=\"font-size: large;\">Sukowa, som Kiruna filmstudio senast visade i titelrollen <i>Hannah Arendt<\/i> (2012), var f\u00f6rresten med i en film med b\u00e4ring p\u00e5 denna veckas filmstudiofilm, <i>Gloria<\/i> fr\u00e5n 2013. Regiss\u00f6ren <i>Sebasti\u00e1n Lelio<\/i> l\u00e4t sig som s\u00e5 m\u00e5nga f\u00f6re honom utnyttjas till att g\u00f6ra en hollywoodrulle av en film han redan hade gjort i Chile, allts\u00e5 \u00bbGloria\u00ab. Hans engelsksp\u00e5kiga \u00e4ventyr fr\u00e5n 2018 fick heta <i>Gloria Bell\u2026<\/i><\/span><\/span><\/p>\n<p class=\"western\" align=\"left\"><span style=\"font-family: Georgia, sans-serif; color: #800000;\"><span style=\"font-size: large;\">En vanlig biograf hade f\u00f6rst\u00e5s k\u00f6pt in visning av den med en k\u00e4nd hollywoodaktris i rollen som Gloria. Filmstudion k\u00f6r dock originalet, d\u00e4r <i>Paulina Garc\u00eda,<\/i> chilensk femtioplussare, spelar kvinnan som lever ut p\u00e5 Santiagos n\u00f6jesst\u00e4llen, fast vissa misstycker.<\/span><\/span><\/p>\n<p class=\"western\" align=\"left\"><span style=\"font-family: Georgia, sans-serif; color: #800000;\"><span style=\"font-size: large;\">Nu p\u00e5 torsdag den 19 mars 2020. Datumet \u00e4r viktigt, f\u00f6r kommer det d\u00e5 fler \u00e4n 500 \u00e5sk\u00e5dare, kommer f\u00f6rest\u00e4llningen att st\u00e4llas in.<\/span><\/span><\/p>\n<p class=\"western\" align=\"right\"><span style=\"color: #800000;\"><em><span style=\"font-family: Verdana Italic, sans-serif;\"><span style=\"font-size: medium;\">En id\u00e9 i idet av Bj\u00f6rn Forseth<\/span><\/span><\/em><\/span><\/p>\n","protected":false},"excerpt":{"rendered":"<p>GLORIA Panterdrottningen K\u00e4nd film heter \u00bbLejonkungen\u00ab \u2013 tar f\u00f6r givet att flockens ledare m\u00e5ste vara en hanne &nbsp; I dessa virulenta tider \u00e4r det inte bara samh\u00e4llet runtom en som st\u00e4lls p\u00e5 huvudet. Ens eget huvud st\u00e4lls ocks\u00e5 p\u00e5\u2026 \u00f6, huvudet, om n\u00e5gon f\u00f6rst\u00e5r vad jag menar. En fj\u00e4lla fr\u00e5n fj\u00e4llen bes\u00f6kte mig f\u00f6rra veckan &hellip; <\/p>\n<p class=\"link-more\"><a href=\"https:\/\/forseth.se\/?p=1608\" class=\"more-link\">Forts\u00e4tt l\u00e4sa<span class=\"screen-reader-text\"> \u201dPanterdrottningen\u201d<\/span><\/a><\/p>\n","protected":false},"author":1,"featured_media":0,"comment_status":"closed","ping_status":"closed","sticky":false,"template":"","format":"standard","meta":{"footnotes":""},"categories":[1],"tags":[],"class_list":["post-1608","post","type-post","status-publish","format-standard","hentry","category-uncategorized"],"_links":{"self":[{"href":"https:\/\/forseth.se\/index.php?rest_route=\/wp\/v2\/posts\/1608","targetHints":{"allow":["GET"]}}],"collection":[{"href":"https:\/\/forseth.se\/index.php?rest_route=\/wp\/v2\/posts"}],"about":[{"href":"https:\/\/forseth.se\/index.php?rest_route=\/wp\/v2\/types\/post"}],"author":[{"embeddable":true,"href":"https:\/\/forseth.se\/index.php?rest_route=\/wp\/v2\/users\/1"}],"replies":[{"embeddable":true,"href":"https:\/\/forseth.se\/index.php?rest_route=%2Fwp%2Fv2%2Fcomments&post=1608"}],"version-history":[{"count":6,"href":"https:\/\/forseth.se\/index.php?rest_route=\/wp\/v2\/posts\/1608\/revisions"}],"predecessor-version":[{"id":1615,"href":"https:\/\/forseth.se\/index.php?rest_route=\/wp\/v2\/posts\/1608\/revisions\/1615"}],"wp:attachment":[{"href":"https:\/\/forseth.se\/index.php?rest_route=%2Fwp%2Fv2%2Fmedia&parent=1608"}],"wp:term":[{"taxonomy":"category","embeddable":true,"href":"https:\/\/forseth.se\/index.php?rest_route=%2Fwp%2Fv2%2Fcategories&post=1608"},{"taxonomy":"post_tag","embeddable":true,"href":"https:\/\/forseth.se\/index.php?rest_route=%2Fwp%2Fv2%2Ftags&post=1608"}],"curies":[{"name":"wp","href":"https:\/\/api.w.org\/{rel}","templated":true}]}}