{"id":1617,"date":"2020-03-24T14:38:02","date_gmt":"2020-03-24T13:38:02","guid":{"rendered":"https:\/\/forseth.se\/idet\/?p=1617"},"modified":"2020-03-24T14:43:53","modified_gmt":"2020-03-24T13:43:53","slug":"sa-gar-det-till-i-karlek","status":"publish","type":"post","link":"https:\/\/forseth.se\/?p=1617","title":{"rendered":"S\u00e5 g\u00e5r det till i k\u00e4rlek"},"content":{"rendered":"<p style=\"text-align: center;\"><span style=\"color: #800000;\">MARRIAGE STORY<\/span><\/p>\n<p style=\"text-align: center;\"><span style=\"color: #800000;\"><img loading=\"lazy\" decoding=\"async\" class=\"aligncenter size-full wp-image-1618\" src=\"https:\/\/forseth.se\/idet\/wp-content\/uploads\/2020\/03\/Marriage-story-2.jpg\" alt=\"\" width=\"1200\" height=\"832\" srcset=\"https:\/\/forseth.se\/wp-content\/uploads\/2020\/03\/Marriage-story-2.jpg 1200w, https:\/\/forseth.se\/wp-content\/uploads\/2020\/03\/Marriage-story-2-300x208.jpg 300w, https:\/\/forseth.se\/wp-content\/uploads\/2020\/03\/Marriage-story-2-768x532.jpg 768w, https:\/\/forseth.se\/wp-content\/uploads\/2020\/03\/Marriage-story-2-1024x710.jpg 1024w\" sizes=\"auto, (max-width: 767px) 89vw, (max-width: 1000px) 54vw, (max-width: 1071px) 543px, 580px\" \/><\/span><\/p>\n<h3 class=\"western\" align=\"center\"><strong><span style=\"font-family: Verdana Bold, sans-serif; color: #800000;\"><span style=\"font-size: 300%;\">S\u00e5 g\u00e5r det till i k\u00e4rlek<\/span><\/span><\/strong><\/h3>\n<h2 class=\"western\" align=\"center\"><strong><span style=\"font-family: Verdana Bold Italic, sans-serif; color: #800000;\"><span style=\"font-size: x-large;\">B\u00f6r en backstugusittare uttala sig om \u00e4ktenskap och skilsm\u00e4ssa?<\/span><\/span><\/strong><\/h2>\n<p>&nbsp;<\/p>\n<p class=\"western\" align=\"left\"><span style=\"font-family: Georgia, sans-serif; color: #800000;\"><span style=\"font-size: large;\">\u00bbMan f\u00f6rs\u00f6ker, man f\u00f6rs\u00f6ker\u00ab, s\u00e4ger j\u00e4garen i <i>H\u00e4lge<\/i> en g\u00e5ng, n\u00e4r hustrun kastat ut honom f\u00f6r att han utan baktankar uttalat sig illa i tron att han bara var \u00f6ppenhj\u00e4rtig. Och det g\u00f6r v\u00e4l de flesta i sina f\u00f6rh\u00e5llanden. \u00c4ven de ensamst\u00e5ende f\u00f6rs\u00f6ker och f\u00f6rs\u00f6ker \u2013 gentemot alla d\u00f6da ting runtom dem. Tillh\u00f6r de det \u00e4ldre m\u00e4nniskoklientelet, s\u00e5 handlar det kanske om att inte snubbla p\u00e5 mattkanten och bryta l\u00e5rbenshalsen.<\/span><\/span><\/p>\n<p class=\"western\" align=\"left\"><span style=\"font-family: Georgia, sans-serif; color: #800000;\"><span style=\"font-size: large;\">Undertecknad har sedan unga \u00e5r en m\u00e4rklig f\u00e4bless f\u00f6r att sl\u00e5 h\u00e5l i skallen. Jag slog runt i Luossabacken en g\u00e5ng och hade d\u00e5 inte f\u00e4st hj\u00e4lmen ordentligt (n\u00e4r det var s\u00e5 soligt och varmt att jag svettades) och fick d\u00e4rf\u00f6r mina egna skidkanter i skallen, sedan hj\u00e4lmen flugit av. Blodvite uppstod. Jag reste mig en g\u00e5ng i n\u00e4rvaro av en hel skolklass p\u00e5 Stockholms C hastigt upp fr\u00e5n huksittande \u2013 d\u00e4r jag hade stuvat in ett antal ryggs\u00e4ckar i det nedersta sk\u00e5pet \u2013 och tr\u00e4ffade d\u00e5 en utf\u00e4lld lucka fr\u00e5n \u00f6versta sk\u00e5pet med s\u00e5dan kraft, att jag f\u00f6ll till golvet. Jag tappade ett tag talf\u00f6rm\u00e5gan, och blodvite uppstod.<\/span><\/span><\/p>\n<p class=\"western\" align=\"left\"><span style=\"font-family: Georgia, sans-serif; color: #800000;\"><span style=\"font-size: large;\">Hur m\u00e5nga g\u00e5nger jag sytts uppe p\u00e5 skulten har jag ingen r\u00e4kning p\u00e5. Men just d\u00e4rf\u00f6r finns alltid medvetenheten om, att n\u00e5gon sk\u00e5plucka skulle kunna st\u00e5 \u00f6ppen, n\u00e4r jag b\u00f6jer mig ned f\u00f6r att ta upp n\u00e5got. Det brukar hj\u00e4lpa. Men ig\u00e5r gjorde jag en ovanlig r\u00f6relse: lutade mig fram mot radion l\u00e4ngst inne under k\u00f6kssk\u00e5pet f\u00f6r att inte missa n\u00e5got av rapporteringen om \u2013 ja, inte corona utan n\u00e5got mer trivialt. Och d\u00e4refter r\u00e4tade jag p\u00e5 mig r\u00e4tt mot h\u00f6rnet p\u00e5 spisk\u00e5pan. N\u00e4r man faller till golvet, d\u00e4r det blivit sp\u00e5r av ens l\u00f6jliga tr\u00e4tofflor (l\u00f6jliga men anatomiska), s\u00e5 vet man vad klockan \u00e4r slagen. Blodvite, s\u00e5 klart.<\/span><\/span><\/p>\n<p class=\"western\" align=\"left\"><span style=\"font-family: Georgia, sans-serif; color: #800000;\"><span style=\"font-size: large;\">S\u00e5 \u00f6mklig kan kampen om tillvaron i en nutida l\u00e4genhet te sig. Det \u00e4r inget att g\u00f6ra film om, bara att g\u00e5 till akuten och sy. \u2013 Men hall\u00e5! Det \u00e4r i dessa dagar inte s\u00e5 bara, det. \u00c4r man i den s\u00e5 kallade riskgruppen redan och dessutom mystiskt f\u00f6rkyld, ska man inte g\u00e5 till akuten! Nej, hellre d\u00e5 sj\u00e4lvl\u00e4ka. Och det \u00e4r v\u00e4l klart, att ett kulh\u00e5l i skallen ska v\u00e4l en gammal kustj\u00e4gare klara.<\/span><\/span><\/p>\n<p class=\"western\" align=\"left\"><span style=\"font-family: Georgia, sans-serif; color: #800000;\"><span style=\"font-size: large;\">S\u00e5dant h\u00f6r i alla fall inte v\u00e4rldslitteraturen till. Det g\u00f6r d\u00e4remot m\u00e4nniskans handel och vandel, n\u00e4r det g\u00e4ller att fortplanta sig, s\u00e4rskilt om k\u00e4rlek \u00e4r inblandad. B\u00f6r backstugusittare \u2013 ja, gamla ungkarlar, d\u00e5 \u2013 uttala sig om s\u00e5dant; om \u00e4ktenskap och om skilsm\u00e4ssa?<\/span><\/span><\/p>\n<p class=\"western\" align=\"left\"><span style=\"font-family: Georgia, sans-serif; color: #800000;\"><span style=\"font-size: large;\">Absolut inte, borde man tycka. Men f\u00f6rfattare f\u00e5r skriva vad de vill, och ibland blir d\u00e4rav teveserier grundade p\u00e5 egna och andras upplevelser. En s\u00e5dan, <i>Sara Kadefors,<\/i> har v\u00e4lsignat oss med upplevelser som <i>Orka, orka!<\/i> (2004) och aktuella <i>Dejta<\/i> (2020). En annan, hela familjen <i>Herngren (Felix, Moa, Clara <\/i>och<i> M\u00e5ns),<\/i> har givit oss <i>Bonusfamiljen<\/i> (2017 och fram\u00e5t). Av s\u00e5dant kan \u00e4ven gamla ungkarlar l\u00e4ra sig, hur det g\u00e5r till idag.<\/span><\/span><\/p>\n<p class=\"western\" align=\"left\"><span style=\"font-family: Georgia, sans-serif; color: #800000;\"><span style=\"font-size: large;\">F\u00f6r det g\u00e5r inte till som i <i>Jane Austens<\/i> eller <i>Lev Tolstojs <\/i>v\u00e4rld. Uppr\u00f6ras m\u00e5nde de r\u00e4ttrogna av olika f\u00f6rbenade religioner! Synd och skam \u2013 det \u00e4r i s\u00e5dan vi f\u00f6rk\u00e4ttrade v\u00e4sterl\u00e4nningar lever, tycker de som stirrat sig blinda p\u00e5 flera tusen \u00e5r gamla texter om hur sm\u00e5b\u00f6nder och f\u00e5raherdar upptr\u00e4dde p\u00e5 sin tid.<\/span><\/span><\/p>\n<p class=\"western\" align=\"left\"><span style=\"font-family: Georgia, sans-serif; color: #800000;\"><span style=\"font-size: large;\">Men vad \u00e4r manligt, kvinnligt och m\u00e4nskligt, egentligen? Ska man utg\u00e5 ifr\u00e5n traditionella omv\u00e4rldsuppfattningar, s\u00e5 m\u00e5ste man ta alla dem utanf\u00f6r Medelhavet\u2013V\u00e4stasien med i ber\u00e4kningen ocks\u00e5, och d\u00e5 menar jag \u00e4ven alla sm\u00e5 samlar- och j\u00e4garfolks v\u00e4rldsbilder. Dem brukar fanatikerna utel\u00e4mna, och det \u00e4r dem, som fanatikerna ofta ger sig p\u00e5 f\u00f6r att omv\u00e4nda och \u00f6del\u00e4gga, d\u00e4rf\u00f6r att de inte tror sig klara av att omv\u00e4nda folken i de st0ra religionerna. Men bland dessa sm\u00e5folks seder och bruk finns allehanda s\u00e4tt att bete sig p\u00e5 m\u00e4nniskor emellan, sexuellt som samh\u00e4llsm\u00e4ssigt. P\u00e5 s\u00e5 vis knyter v\u00e5rt nuvarande sambo-s\u00e4rbo-plastpappa\/mamma-bonusbarn-samh\u00e4lle ihop s\u00e4cken, skulle jag vilja s\u00e4ga. \u00bbFader\u00ab och \u00bbmoder\u00ab kallades alla vuxna av barnen i en del gamla indianb\u00f6cker, inte utan historisk bakgrund.<\/span><\/span><\/p>\n<p class=\"western\" align=\"left\"><span style=\"font-family: Georgia, sans-serif; color: #800000;\"><span style=\"font-size: large;\">Amrisarna \u00e4r i detta sammanhang uppenbarligen n\u00e5got eftersl\u00e4pande, i alla fall i Hollywoods version. <i>Marriage story<\/i> \u00e4r en ny film fr\u00e5n f\u00f6rra \u00e5ret. \u00bb<i>Noah Baumbachs<\/i> [regiss\u00f6ren] <i>skarpa och ink\u00e4nnande syn p\u00e5 ett \u00e4ktenskaps uppl\u00f6sande och en familj som h\u00e5lls ihop\u00ab<\/i>, st\u00e5r det i Internationella filmdatabasen IMDB.<i> <\/i>Det l\u00e5ter som n\u00e5got av <i>Ingmar Bergman,<\/i> men s\u00e5 \u00e4r det av allt att d\u00f6ma inte. Fast i s\u00e5 fall skulle familjen kanske inte ha h\u00e5llits ihop. Mer Sara Kadefors, d\u00e5.<\/span><\/span><\/p>\n<p class=\"western\" align=\"left\"><span style=\"font-family: Georgia, sans-serif; color: #800000;\"><span style=\"font-size: large;\">Men \u00e4r nu detta n\u00e5got att g\u00f6ra biofilm av, n\u00e4r vi sett \u00bbBonusfamiljen\u00ab p\u00e5 teve? F\u00f6religger inte \u00bblarmar och g\u00f6r sig till\u00ab-varning? N\u00e5, de d\u00e4r borta i Amerikat f\u00e5r v\u00e4l g\u00f6ra sin tolkning av m\u00e4nniskornas egendomliga umg\u00e4ngesformer. Alltid l\u00e4r man sig n\u00e5got om hur de beter sig hos dem, inte bara hur det gick till i Jane Austens England.<\/span><\/span><\/p>\n<p class=\"western\" style=\"padding-left: 30px;\" align=\"left\"><span style=\"font-family: Georgia, sans-serif; color: #800000;\"><span style=\"font-size: large;\">Det blir nu p\u00e5 torsdag p\u00e5 Folkets hus \u2013 just n\u00e4r man trodde, att biografen som s\u00e5dan var d\u00f6d \u00f6ver hela landet. Filmstudion kommer inte upp i 500 sj\u00e4lar p\u00e5 f\u00f6rest\u00e4llningen (man skulle inte ens rymmas d\u00e5) och visar s\u00e4llan rena premi\u00e4rer (som filmbolagen just nu st\u00e4ller in, d\u00e5 de inte kan f\u00e5 publik nog att betala utgifterna med), s\u00e5 filmstudion k\u00f6r som vanligt. Men denna g\u00e5ng b\u00f6rjar man med \u00e5rsm\u00f6te en timme f\u00f6re f\u00f6rest\u00e4llningen.<\/span><\/span><\/p>\n<p class=\"western\" align=\"right\"><em><span style=\"font-family: Verdana Italic, sans-serif; color: #800000;\"><span style=\"font-size: medium;\">En id\u00e9 i idet av Bj\u00f6rn Forseth<\/span><\/span><\/em><\/p>\n","protected":false},"excerpt":{"rendered":"<p>MARRIAGE STORY S\u00e5 g\u00e5r det till i k\u00e4rlek B\u00f6r en backstugusittare uttala sig om \u00e4ktenskap och skilsm\u00e4ssa? &nbsp; \u00bbMan f\u00f6rs\u00f6ker, man f\u00f6rs\u00f6ker\u00ab, s\u00e4ger j\u00e4garen i H\u00e4lge en g\u00e5ng, n\u00e4r hustrun kastat ut honom f\u00f6r att han utan baktankar uttalat sig illa i tron att han bara var \u00f6ppenhj\u00e4rtig. Och det g\u00f6r v\u00e4l de flesta i &hellip; <\/p>\n<p class=\"link-more\"><a href=\"https:\/\/forseth.se\/?p=1617\" class=\"more-link\">Forts\u00e4tt l\u00e4sa<span class=\"screen-reader-text\"> \u201dS\u00e5 g\u00e5r det till i k\u00e4rlek\u201d<\/span><\/a><\/p>\n","protected":false},"author":1,"featured_media":0,"comment_status":"closed","ping_status":"closed","sticky":false,"template":"","format":"standard","meta":{"footnotes":""},"categories":[1],"tags":[],"class_list":["post-1617","post","type-post","status-publish","format-standard","hentry","category-uncategorized"],"_links":{"self":[{"href":"https:\/\/forseth.se\/index.php?rest_route=\/wp\/v2\/posts\/1617","targetHints":{"allow":["GET"]}}],"collection":[{"href":"https:\/\/forseth.se\/index.php?rest_route=\/wp\/v2\/posts"}],"about":[{"href":"https:\/\/forseth.se\/index.php?rest_route=\/wp\/v2\/types\/post"}],"author":[{"embeddable":true,"href":"https:\/\/forseth.se\/index.php?rest_route=\/wp\/v2\/users\/1"}],"replies":[{"embeddable":true,"href":"https:\/\/forseth.se\/index.php?rest_route=%2Fwp%2Fv2%2Fcomments&post=1617"}],"version-history":[{"count":5,"href":"https:\/\/forseth.se\/index.php?rest_route=\/wp\/v2\/posts\/1617\/revisions"}],"predecessor-version":[{"id":1623,"href":"https:\/\/forseth.se\/index.php?rest_route=\/wp\/v2\/posts\/1617\/revisions\/1623"}],"wp:attachment":[{"href":"https:\/\/forseth.se\/index.php?rest_route=%2Fwp%2Fv2%2Fmedia&parent=1617"}],"wp:term":[{"taxonomy":"category","embeddable":true,"href":"https:\/\/forseth.se\/index.php?rest_route=%2Fwp%2Fv2%2Fcategories&post=1617"},{"taxonomy":"post_tag","embeddable":true,"href":"https:\/\/forseth.se\/index.php?rest_route=%2Fwp%2Fv2%2Ftags&post=1617"}],"curies":[{"name":"wp","href":"https:\/\/api.w.org\/{rel}","templated":true}]}}