{"id":1634,"date":"2020-04-05T22:04:00","date_gmt":"2020-04-05T20:04:00","guid":{"rendered":"https:\/\/forseth.se\/idet\/?p=1634"},"modified":"2020-04-05T22:12:31","modified_gmt":"2020-04-05T20:12:31","slug":"den-som-jesus-alskade-mest","status":"publish","type":"post","link":"https:\/\/forseth.se\/?p=1634","title":{"rendered":"Den som Jesus \u00e4lskade mest"},"content":{"rendered":"<p style=\"text-align: center;\"><span style=\"color: #800000;\">MARIA MAGDALENA<\/span><\/p>\n<p style=\"text-align: center;\"><span style=\"color: #800000;\"><img loading=\"lazy\" decoding=\"async\" class=\"aligncenter size-full wp-image-1635\" src=\"https:\/\/forseth.se\/idet\/wp-content\/uploads\/2020\/04\/Maria-Magdalena.jpeg\" alt=\"\" width=\"1000\" height=\"581\" srcset=\"https:\/\/forseth.se\/wp-content\/uploads\/2020\/04\/Maria-Magdalena.jpeg 1000w, https:\/\/forseth.se\/wp-content\/uploads\/2020\/04\/Maria-Magdalena-300x174.jpeg 300w, https:\/\/forseth.se\/wp-content\/uploads\/2020\/04\/Maria-Magdalena-768x446.jpeg 768w\" sizes=\"auto, (max-width: 767px) 89vw, (max-width: 1000px) 54vw, (max-width: 1071px) 543px, 580px\" \/><\/span><\/p>\n<h3 class=\"western\" align=\"center\"><strong><span style=\"font-family: Verdana Bold, sans-serif; color: #800000;\"><span style=\"font-size: 300%;\">Den som Jesus \u00e4lskade mest<\/span><\/span><\/strong><\/h3>\n<h2 class=\"western\" align=\"center\"><strong><span style=\"font-family: Verdana Bold Italic, sans-serif; color: #800000;\"><span style=\"font-size: x-large;\">F\u00f6r somliga \u00e4r Lagen det som st\u00e5r i Skriften, f\u00f6r andra \u00e4r det gamla landskapslagar \u2013 men \u00e4r det f\u00f6r en coronatida regering helt enkelt ett hinder?<\/span><\/span><\/strong><\/h2>\n<p>&nbsp;<\/p>\n<p class=\"western\" align=\"left\"><span style=\"font-family: Georgia, sans-serif; color: #800000;\"><span style=\"font-size: large;\">Finland ska nu st\u00e4nga gr\u00e4nsen. L\u00e4ngs Tornedalen uppst\u00e5r d\u00e5 problem: ett nittiotal sjuksk\u00f6terskor och l\u00e4kare bor p\u00e5 finska sidan av \u00e4lven men jobbar i Sverige. \u00c5 andra sidan \u00e4r ett hundratal av jobbarna p\u00e5 st\u00e5lverket i Torne\u00e5 fr\u00e5n svenska sidan. Vilket \u00e4r d\u00e5 problemet? \u2013 L\u00e5t syrrorna fr\u00e5n Finland stanna i hemlandet och jobba p\u00e5 st\u00e5lverket, medan st\u00e5lisarna fr\u00e5n Sverige stannar i Sverige och jobbar i v\u00e5rden.<\/span><\/span><\/p>\n<p class=\"western\" align=\"left\"><span style=\"font-family: Georgia, sans-serif; color: #800000;\"><span style=\"font-size: large;\">Se d\u00e4r hur l\u00e4tt v\u00e4n av ordning kan l\u00f6sa samh\u00e4llsproblem!<\/span><\/span><\/p>\n<p class=\"western\" align=\"left\"><span style=\"font-family: Georgia, sans-serif; color: #800000;\"><span style=\"font-size: large;\">Vi har alla vant oss vid \u00f6ppna gr\u00e4nser och tror att det \u00e4r ett EU-p\u00e5fund. Det \u00e4r det, men de var inte f\u00f6rst; vem minns, att de nordiska rikena \u00f6ppnade sina gr\u00e4nser sinsemellan redan 1954? N\u00e4r nu Danmark st\u00e4ngt sina gr\u00e4nser och Finland t\u00e4nker g\u00f6ra detsamma, s\u00e5 bryts d\u00e4rmed mot b\u00e5de den nordiska passunionen och Schengenavtalet. I svallv\u00e5gorna efter hotet om en finsk gr\u00e4nsst\u00e4ngning vill nu Sveriges regering inf\u00f6ra en lag, som ger regeringen r\u00e4tt att befalla utan att f\u00f6rst h\u00f6ra riksdagen. S\u00e5dant kallas i Ryssland f\u00f6r ukas, i andra l\u00e4nder idag s\u00e4ger man dekret, vilka b\u00e4gge \u00e4r omskrivningar f\u00f6r att h\u00f6gsta statsledningen p\u00e5 egen hand utf\u00e4rdar p\u00e5bud, som vi alla m\u00e5ste r\u00e4tta oss efter. Diktat \u00e4r ett annat ord f\u00f6r det; diktatur kallar man envetet anv\u00e4ndande av detta styrelseskick.<\/span><\/span><\/p>\n<p class=\"western\" align=\"left\"><span style=\"font-family: Georgia, sans-serif; color: #800000;\"><span style=\"font-size: large;\">Diktatur l\u00e5ter i nutida svenska \u00f6ron fr\u00e4mmande och skr\u00e4mmande. Men det ordet har nu, i dagens diskussion om regeringens \u00f6nskan om att f\u00e5 dessa utomordentliga befogenheter, anv\u00e4nts. \u00bbVill d\u00e5 L\u00f6fven inf\u00f6ra diktatur?\u00ab fr\u00e5gades i s\u00f6ndags uttryckligen i en radiodiskussion p\u00e5 P1. Svaret fr\u00e5n de inkallade f\u00f6rst\u00e5sigp\u00e5arna blev f\u00f6rst\u00e5s \u00bbNej\u00ab, men t\u00e4rningen var kastad. Regeringens ursprungliga f\u00f6rslag har d\u00e4rtill redan \u2013 allaredan f\u00f6rsta dagen \u2013 \u00e4ndrats n\u00e5got med anledning av farh\u00e5gan f\u00f6r detta on\u00e4mnbara: riksdagen t\u00e4nks nu f\u00e5 vetor\u00e4tt mot regeringens p\u00e5bud.<\/span><\/span><\/p>\n<p class=\"western\" align=\"left\"><span style=\"font-family: Georgia, sans-serif; color: #800000;\"><span style=\"font-size: large;\">Allt detta h\u00e4rr\u00f6r f\u00f6rst\u00e5s ur l\u00e4get med coronasmittan. I detta kr\u00e4vs en fast hand. N\u00e4r andra l\u00e4nder i ber\u00e5d har beskrivits, har man uttryckt det som att de str\u00e4vat efter \u00bben stark ledare\u00ab. Just nu, i s\u00f6ndags, uttryckte Human rights watch sin oro f\u00f6r, att en del regimer utnyttjar coronasituationen till att st\u00e4rka sin makt. Att bli en stark ledare sade man att Putin ville, n\u00e4r Ryssland h\u00f6ll p\u00e5 att uppl\u00f6sas i sm\u00e5bitar efter Jeltsins kn\u00e4fall f\u00f6r Internationella valutafondens och svenska p\u00e5tryckares tjat om att de m\u00e5ste nollst\u00e4lla hela ekonomin efter Sovjetunionen. (Oavsett vad man idag tycker om denne nye lillefar, s\u00e5 gjorde han n\u00e5got, som Sverige hade bort ta l\u00e4rdom av: han stoppade avregleringen av den ryska j\u00e4rnv\u00e4gen och sa \u00bbDet finns n\u00e5got som heter naturliga monopol\u00ab.)<\/span><\/span><\/p>\n<p class=\"western\" align=\"left\"><span style=\"font-family: Georgia, sans-serif; color: #800000;\"><span style=\"font-size: large;\">Kanske \u00e4ven vi mj\u00e4kiga svenskar nu inser problemet med att styra landet i kampen mot covid-19 och d\u00e4rf\u00f6r kan t\u00e4nka oss en stark ledare, som till\u00e5ts utf\u00e4rda p\u00e5bud utan riksdagsbeslut? I praktiken inneb\u00e4r detta om inte annat s\u00e5 i alla fall n\u00e5got slags undantagstillst\u00e5nd.<\/span><\/span><\/p>\n<p class=\"western\" style=\"padding-left: 30px;\" align=\"left\"><span style=\"font-family: Georgia, sans-serif; color: #800000;\"><span style=\"font-size: large;\">H\u00e4r kan man beh\u00f6va sk\u00e4rsk\u00e5da orden. I det gamla Rom utn\u00e4mndes stundom n\u00e5gon d\u00e5tida romersk L\u00f6fven till <i>diktator,<\/i> n\u00e4r n\u00f6den kr\u00e4vde en stark ledning. I det nyss till sj\u00e4lvst\u00e4ndig republik utropade Finland blev det v\u00e5ren 2018 uppror, varvid socialdemokraterna ersatte riksdagen med Den finska folkdelegationen och t\u00e4nkte skriva ny grundlag. Men upproret blev till inb\u00f6rdeskrig, och folkdelegationens ordf\u00f6rande Manner utropades till Finlands diktator.<\/span><\/span><\/p>\n<p class=\"western\" style=\"padding-left: 30px;\" align=\"left\"><span style=\"font-family: Georgia, sans-serif; color: #800000;\"><span style=\"font-size: large;\">Uppenbarligen klingade ordet diktator inte likadant den g\u00e5ngen som det g\u00f6r i dagens debatt.<\/span><\/span><\/p>\n<p class=\"western\" style=\"padding-left: 30px;\" align=\"left\"><span style=\"font-family: Georgia, sans-serif; color: #800000;\"><span style=\"font-size: large;\"><i>Undantagstillst\u00e5nd<\/i> har flera l\u00e4nder utropat f\u00f6r att med pondus kunna leda sina riken under p\u00e5g\u00e5ende coronakaos. I princip inneb\u00e4r detta att en regering \u00e5sidos\u00e4tter grundlagen och styr som den vill. (Diktatur kanske vore p\u00e5 sin plats, n\u00e4r vi nu konstaterat, att ordet inte beh\u00f6ver betyda blodspillan?) P\u00e5 milit\u00e4ra kurser p\u00e5 nittotalet l\u00e4rde undertecknad sig, att n\u00e5got s\u00e5dant som undantagstillst\u00e5nd inte fanns i svensk lagstiftning. Men vad annat \u00e4n undantagstillst\u00e5nd \u00e4r det, om regeringen sj\u00e4lvsv\u00e5ldigt f\u00e5r best\u00e4mma?<\/span><\/span><\/p>\n<p class=\"western\" style=\"padding-left: 30px;\" align=\"left\"><span style=\"font-family: Georgia, sans-serif; color: #800000;\"><span style=\"font-size: large;\">L\u00e5t oss d\u00e4rf\u00f6r begrunda begrepp som ukas, p\u00e5bud, diktatur och undantagstillst\u00e5nd. F\u00f6rut brukades s\u00e5dana ord bara om de andra, inte om oss i lilla Svitjod. Det \u00e4r m\u00f6jligt, att denna v\u00e4g \u00e4r den r\u00e4tta att g\u00e5 i den sv\u00e5ra situation, som vi befinner oss i \u2013 men det \u00e4r inte fr\u00e5gan h\u00e4r.<\/span><\/span><\/p>\n<p class=\"western\" align=\"left\"><span style=\"font-family: Georgia, sans-serif; color: #800000;\"><span style=\"font-size: large;\">Hur har vi utan buller och b\u00e5ng kunnat b\u00f6rja tala om att \u00e5sidos\u00e4tta grundlagen? Det skulle ju inte vara l\u00e4tt, har vi f\u00e5tt l\u00e4ra oss i skolan, det \u00e4r d\u00e4rf\u00f6r grundlag endast kan \u00e4ndras efter tv\u00e5 riksdagsbeslut med mellanliggande riksdagsval.<\/span><\/span><\/p>\n<p class=\"western\" align=\"left\"><span style=\"font-family: Georgia, sans-serif; color: #800000;\"><span style=\"font-size: large;\">Men vi har det senaste \u00e5rtiondet sk\u00e5dat ett smygande \u00e5sidos\u00e4ttande av lagar, som vi kanske inte k\u00e4nt oss ber\u00f6rda av. Regionindelningen \u00e4r en s\u00e5dan, h\u00e4vdar jag. Sverige var indelat i landskap, l\u00e4n, h\u00e4rader, socknar och kommuner, l\u00e4rde jag mig i skolan. Socknar, h\u00e4rader och landskap \u00e4r numera historiska, men de andra g\u00e4ller i lag. L\u00e4n var och \u00e4r statliga utskott under ledning av Konungens befallningshavande, det vill s\u00e4ga landsh\u00f6vdingen. Vissa funktioner inom dem var dock demokratiskt styrda av folkvalda landsting. P\u00e5 1990-talet gjordes f\u00f6rs\u00f6k att f\u00e5 riksdagen att \u00e4ndra l\u00e4nsindelningen, men det slog lokala och regionala politiker bakut emot. D\u00e5 f\u00f6rs\u00f6kte man i st\u00e4llet att sl\u00e5 ihop landsting och i b\u00e4sta fall frig\u00f6ra dem s\u00e5 mycket som m\u00f6jligt fr\u00e5n l\u00e4nens \u2013 statens \u2013 best\u00e4mmande. S\u00e5dant kallade de regioner. Vad \u00e4r det f\u00f6r ord? Region betyder bara omr\u00e5de och kan anv\u00e4ndas i snart sagt alla sammanhang. Landstingen var redan regionala ledningar, nu kunde man f\u00f6rsiktigt b\u00f6rja ta sig friheter i beslutsfattandet och s\u00e5 sm\u00e5ningom d\u00f6pa om landstingen till regioner. Fast ordet region var inte stadgat i lag, s\u00e5 detta har om\u00e4rkligt smugit sig p\u00e5 oss med f\u00f6ljden, att regionledningarna kan h\u00e4vda r\u00e4tten att best\u00e4mma om saker, som inte landstingen besl\u00f6t om. Som om region var en ny indelning av Sverige enligt lag.<\/span><\/span><\/p>\n<p class=\"western\" align=\"left\"><span style=\"font-family: Georgia, sans-serif; color: #800000;\"><span style=\"font-size: large;\">Landet fungerar ju \u00e4nd\u00e5. Kanske till och med b\u00e4ttre? Med den l\u00f6fvenska undantagslagen kanske \u00e4nnu b\u00e4ttre i orostid? Detta vill jag l\u00e5ta vara osagt, men minns var du f\u00f6rst l\u00e4ste om detta krypande underminerande av Sveriges grundlagar.<\/span><\/span><\/p>\n<p class=\"western\" align=\"left\"><span style=\"font-family: Georgia, sans-serif; color: #800000;\"><span style=\"font-size: large;\">Lagen med stort L brukar annars \u00e5syfta Den heliga skrift, allts\u00e5 Bibeln. Eller Koranen. Eller Toran. P\u00e5 <i>Jesu<\/i> tid var det den judiska lagen man skulle f\u00f6lja.<\/span><\/span><\/p>\n<p class=\"western\" style=\"padding-left: 30px;\" align=\"left\"><span style=\"font-family: Georgia, sans-serif; color: #800000;\"><span style=\"font-size: large;\">Hur v\u00e5r kyrka i historien kunde utm\u00e5la judarna s\u00e5som de, som d\u00f6dade Fr\u00e4lsaren, \u00e4r sv\u00e5rt att begripa. \u00bbVar inte Jesus sj\u00e4lv jude?\u00ab, fr\u00e5gade jag min kristendomsl\u00e4rare en g\u00e5ng, och det svarade han ja p\u00e5 och log. Han utdelade understundom nattvarden i n\u00e5got kapell, och dit gick jag och fick smaka \u00e4kta vin och oblat och fick b\u00e4ttre betyg. Men det \u00e4r en annan historia.<\/span><\/span><\/p>\n<p class=\"western\" align=\"left\"><span style=\"font-family: Georgia, sans-serif; color: #800000;\"><span style=\"font-size: large;\">Land ska med lag byggas, st\u00e5r det i ett antal gamla landskapslagar. Men att f\u00f6lja Lagen har under tryck av str\u00e4ngt religi\u00f6sa under min uppv\u00e4xttid betytt h\u00e5rda regler om avh\u00e5llsamhet i umg\u00e4nget med det t\u00e4cka k\u00f6net. F\u00f6r att inte tala om, hur h\u00e5rda reglerna var just f\u00f6r de t\u00e4cka, som alltid fick skulden, om n\u00e5got ot\u00e4ckt intr\u00e4ffade.<\/span><\/span><\/p>\n<p class=\"western\" align=\"left\"><span style=\"font-family: Georgia, sans-serif; color: #800000;\"><span style=\"font-size: large;\">Var det s\u00e5 p\u00e5 Jesu egen tid, m\u00e5nne? Medelhavsregionen (notera ordvalet) och s\u00e4rskilt V\u00e4stasien, \u00bbMellan\u00f6stern\u00ab, \u00e4r ju idag den m\u00f6rkaste delen av jorden, n\u00e4r det g\u00e4ller hur man ser p\u00e5 kvinnor. Det beh\u00f6ver inte n\u00f6dv\u00e4ndigtvis ha varit s\u00e5, n\u00e4r Skriften kom till. Gamla testamentet inneh\u00e5ller texter som kunde hetsa upp annars s\u00e5 kyska konfirmander. Och <i>Maria fr\u00e5n Magdala<\/i> som var en av Jesu l\u00e4rjungar, fast\u00e4n junge betyder pojke (i \u00e4ldre \u00f6vers\u00e4ttningar anv\u00e4ndes i Apostlag\u00e4rningarna 9:36 ordet l\u00e4rjunginna), har av kyrkom\u00e4n i generationer utan bel\u00e4gg f\u00f6rtalats s\u00e5som sk\u00f6ka. Hora, allts\u00e5. D\u00e4rmed har de bara visat var de sj\u00e4lva st\u00e5tt, ungef\u00e4r vad <i>Stieg Larsson<\/i> visade med sin roman <i>M\u00e4n som hatar kvinnor.<\/i><\/span><\/span><\/p>\n<p class=\"western\" align=\"left\"><span style=\"font-family: Georgia, sans-serif; color: #800000;\"><span style=\"font-size: large;\">Elitsimmerskan Magdalena Andersson, som blev finansminister, \u00e4r m\u00f6jligen i sin tid och land lika betydelsefull som Maria fr\u00e5n Magdala var. Annars har hon bara namnet gemensamt med henne, men det har m\u00e5nga \u2013 och det ska de vara glada f\u00f6r, tycker jag. Den f\u00f6rtalade Maria var den som Jesus \u00e4lskade mest och som han pussade p\u00e5 munnen, om man f\u00e5r tro <i>Filipp<\/i><i>u<\/i><i>s<\/i> gnostiska evangelium (gnostisk och apokryfisk \u00e4r ord som skriker, att de officiella kristna kyrkorna inte r\u00e4knar dem som \u00e4kta vara). Emellertid ska man kanske \u00e5terigen t\u00e4nka, att det p\u00e5 den tiden kanske inte gick till som idag i Mellan\u00f6stern. Och f\u00f6r \u00f6vrigt kysser ju ibland ryssarna varandra p\u00e5 mun trots samma k\u00f6n. \u00c4ven denna Maria efterl\u00e4mnade ett evangelium, som naturligtvis kyrkorna inte r\u00e4knar som kanoniskt. Evangelium enligt Maria Magdalena finns det tyv\u00e4rr bara sm\u00e5 fragment kvar av, men d\u00e4ri ber <i>Petrus<\/i> henne att ber\u00e4tta om vad Jesus sagt till henne mellan fyra \u00f6gon, vilket hon g\u00f6r, bara f\u00f6r att efter\u00e5t inte bli trodd av \u00e5tminstone <i>Andreas.<\/i> N\u00e4r d\u00e5 till och med chefsl\u00e4rjungen Petrus uttrycker tvivel, b\u00f6rjar hon att gr\u00e5ta och st\u00e4ller en motfr\u00e5ga (och h\u00e4r m\u00e5ste jag erk\u00e4nna, att koptiska inte \u00e4r undertecknads paradgren; l\u00e5t mig d\u00e4rf\u00f6r anv\u00e4nda <i>Thor-Leif Strindbergs<\/i> \u00f6vers\u00e4ttning):<\/span><\/span><\/p>\n<p class=\"western\" align=\"center\"><span style=\"font-family: Georgia, sans-serif; color: #800000;\"><span style=\"font-size: large;\"><i><b>Min broder Petrus, vad tror du? Tror du att jag har t\u00e4nkt ut detta i mitt hj\u00e4rta eller att jag ljuger om Fr\u00e4lsaren?<\/b><\/i><\/span><\/span><\/p>\n<p class=\"western\" align=\"left\"><span style=\"font-family: Georgia, sans-serif; color: #800000;\"><span style=\"font-size: large;\">H\u00e4r kommer sedan en riktigt stieglarssonsk replik fr\u00e5n <i>Levi:<\/i><\/span><\/span><\/p>\n<p class=\"western\" align=\"center\"><span style=\"font-family: Georgia, sans-serif; color: #800000;\"><span style=\"font-size: large;\"><i><b>Petrus, du \u00e4r alltid hetsig. Nu ser jag att du angriper kvinnan p\u00e5 samma s\u00e4tt som motst\u00e5ndarna. Men om Fr\u00e4lsaren gjorde henne v\u00e4rdig, vem \u00e4r d\u00e5 du att avvisa henne?<\/b><\/i><\/span><\/span><\/p>\n<p class=\"western\" align=\"left\"><span style=\"font-family: Georgia, sans-serif; color: #800000;\"><span style=\"font-size: large;\">B\u00f6r man inte bli nyfiken p\u00e5 denna Maria, som vi mest h\u00f6rt illasinnat snack om (n\u00e5ja, yngre generationer vet v\u00e4l inte ens, vem hon \u00e4r men kallar flickor g\u00e4rna f\u00f6r Magdalena \u00e4nd\u00e5)?<\/span><\/span><\/p>\n<p class=\"western\" align=\"left\"><span style=\"font-family: Georgia, sans-serif; color: #800000;\"><span style=\"font-size: large;\">Detta kan man p\u00e5 torsdag g\u00f6ra genom att g\u00e5 p\u00e5 Kiruna Folkets hus. \u2013 Folkets hus? P\u00e5 sk\u00e4rtorsdagen? \u2013 Jod\u00e5, Kiruna filmstudio har faktiskt n\u00e5gra g\u00e5nger f\u00f6rut visat film p\u00e5 sk\u00e4rtorsdagen, n\u00e4r den infallit p\u00e5 en torsdag, som sk\u00e4rtorsdagar brukar g\u00f6ra. En g\u00e5ng visades den italiensk-amerikanska <i>Barabbas<\/i> (1961), en filmatisering av <i>P\u00e4r Lagerkvists<\/i> roman fr\u00e5n 1950 (det finns en svensk inspelning fr\u00e5n 1953), en annan den US-kanadensiska <i>Kristi sista frestelse<\/i> (1988) efter <i>Nikos Kazantzakis<\/i> grekiska roman fr\u00e5n 1952. Det gemensamma f\u00f6r dessa n\u00e4mnda och \u00e4mnet f\u00f6r dagen \u00e4r, att filmerna har bibliska motiv. En vink \u00e5t sk\u00e4rtorsdagen f\u00f6r att den \u00e4r vad den \u00e4r. Denna veckas film vinkar allts\u00e5 ocks\u00e5 \u00e5t sk\u00e4rtorsdagen (vilket kanske \u00e4r mer beh\u00f6vligt \u00e4n vanligt, n\u00e4r i \u00e5r alla uppmanas att inte resa bort, inte ens under p\u00e5sken). Den heter <i>Maria Magdalena,<\/i> \u00e4r brittisk och fr\u00e5n 2018.<\/span><\/span><\/p>\n<p class=\"western\" align=\"left\"><span style=\"font-family: Georgia, sans-serif; color: #800000;\"><span style=\"font-size: large;\">Bio p\u00e5 sk\u00e4rtorsdagen, allts\u00e5.<\/span><\/span><\/p>\n<p class=\"western\" align=\"right\"><span style=\"color: #800000;\"><em><span style=\"font-family: Verdana Italic, sans-serif;\"><span style=\"font-size: medium;\">En id\u00e9 i idet av Bj\u00f6rn Forseth<\/span><\/span><\/em><\/span><\/p>\n","protected":false},"excerpt":{"rendered":"<p>MARIA MAGDALENA Den som Jesus \u00e4lskade mest F\u00f6r somliga \u00e4r Lagen det som st\u00e5r i Skriften, f\u00f6r andra \u00e4r det gamla landskapslagar \u2013 men \u00e4r det f\u00f6r en coronatida regering helt enkelt ett hinder? &nbsp; Finland ska nu st\u00e4nga gr\u00e4nsen. L\u00e4ngs Tornedalen uppst\u00e5r d\u00e5 problem: ett nittiotal sjuksk\u00f6terskor och l\u00e4kare bor p\u00e5 finska sidan av &hellip; <\/p>\n<p class=\"link-more\"><a href=\"https:\/\/forseth.se\/?p=1634\" class=\"more-link\">Forts\u00e4tt l\u00e4sa<span class=\"screen-reader-text\"> \u201dDen som Jesus \u00e4lskade mest\u201d<\/span><\/a><\/p>\n","protected":false},"author":1,"featured_media":0,"comment_status":"closed","ping_status":"closed","sticky":false,"template":"","format":"standard","meta":{"footnotes":""},"categories":[1],"tags":[],"class_list":["post-1634","post","type-post","status-publish","format-standard","hentry","category-uncategorized"],"_links":{"self":[{"href":"https:\/\/forseth.se\/index.php?rest_route=\/wp\/v2\/posts\/1634","targetHints":{"allow":["GET"]}}],"collection":[{"href":"https:\/\/forseth.se\/index.php?rest_route=\/wp\/v2\/posts"}],"about":[{"href":"https:\/\/forseth.se\/index.php?rest_route=\/wp\/v2\/types\/post"}],"author":[{"embeddable":true,"href":"https:\/\/forseth.se\/index.php?rest_route=\/wp\/v2\/users\/1"}],"replies":[{"embeddable":true,"href":"https:\/\/forseth.se\/index.php?rest_route=%2Fwp%2Fv2%2Fcomments&post=1634"}],"version-history":[{"count":4,"href":"https:\/\/forseth.se\/index.php?rest_route=\/wp\/v2\/posts\/1634\/revisions"}],"predecessor-version":[{"id":1639,"href":"https:\/\/forseth.se\/index.php?rest_route=\/wp\/v2\/posts\/1634\/revisions\/1639"}],"wp:attachment":[{"href":"https:\/\/forseth.se\/index.php?rest_route=%2Fwp%2Fv2%2Fmedia&parent=1634"}],"wp:term":[{"taxonomy":"category","embeddable":true,"href":"https:\/\/forseth.se\/index.php?rest_route=%2Fwp%2Fv2%2Fcategories&post=1634"},{"taxonomy":"post_tag","embeddable":true,"href":"https:\/\/forseth.se\/index.php?rest_route=%2Fwp%2Fv2%2Ftags&post=1634"}],"curies":[{"name":"wp","href":"https:\/\/api.w.org\/{rel}","templated":true}]}}