{"id":1640,"date":"2020-04-13T11:37:19","date_gmt":"2020-04-13T09:37:19","guid":{"rendered":"https:\/\/forseth.se\/idet\/?p=1640"},"modified":"2020-04-13T12:55:29","modified_gmt":"2020-04-13T10:55:29","slug":"vad-man-icke-kan-tala-om-darom-maste-man-tiga","status":"publish","type":"post","link":"https:\/\/forseth.se\/?p=1640","title":{"rendered":"Vad man icke kan tala om, d\u00e4rom m\u00e5ste man tiga"},"content":{"rendered":"<p style=\"text-align: center;\"><span style=\"color: #800000;\">INTE DEN DU TROR<\/span><\/p>\n<p style=\"text-align: center;\"><span style=\"color: #800000;\"><img loading=\"lazy\" decoding=\"async\" class=\"aligncenter size-full wp-image-1641\" src=\"https:\/\/forseth.se\/idet\/wp-content\/uploads\/2020\/04\/Inte-den-du-tror.jpg\" alt=\"\" width=\"1000\" height=\"553\" srcset=\"https:\/\/forseth.se\/wp-content\/uploads\/2020\/04\/Inte-den-du-tror.jpg 1000w, https:\/\/forseth.se\/wp-content\/uploads\/2020\/04\/Inte-den-du-tror-300x166.jpg 300w, https:\/\/forseth.se\/wp-content\/uploads\/2020\/04\/Inte-den-du-tror-768x425.jpg 768w\" sizes=\"auto, (max-width: 767px) 89vw, (max-width: 1000px) 54vw, (max-width: 1071px) 543px, 580px\" \/><\/span><\/p>\n<h4 class=\"western\" align=\"center\"><strong><span style=\"font-family: Verdana Bold, sans-serif; color: #800000;\"><span style=\"font-size: 300%;\">Vad man icke kan tala om, d\u00e4rom m\u00e5ste man tiga<\/span><\/span><\/strong><\/h4>\n<h2 class=\"western\" align=\"center\"><strong><span style=\"font-size: x-large; color: #800000;\"><span style=\"font-family: Verdana Bold Italic, sans-serif;\">O<\/span><span style=\"font-family: Verdana Bold Italic, sans-serif;\">rd <\/span><span style=\"font-family: Verdana Bold Italic, sans-serif;\">ges <\/span><span style=\"font-family: Verdana Bold Italic, sans-serif;\">ny betydelse och sin sj\u00e4l kan man d\u00f6lja i Facebook<\/span><\/span><\/strong><\/h2>\n<p>&nbsp;<\/p>\n<p>&nbsp;<\/p>\n<p class=\"western\" style=\"padding-left: 30px;\" align=\"left\"><span style=\"font-family: Georgia, sans-serif; color: #800000;\"><span style=\"font-size: large;\"><b>allm\u00e4nna r\u00e5d<\/b>, <i>rekommendationer<\/i>, ben\u00e4mning p\u00e5 av en statlig f\u00f6rvaltningsmyndighet fattade normbeslut som anger hur n\u00e5gon kan eller b\u00f6r handla i ett visst h\u00e4nseende.<\/span><\/span><\/p>\n<p class=\"western\" align=\"left\"><span style=\"font-family: Georgia, sans-serif; color: #800000;\"><span style=\"font-size: large;\">S\u00e5lunda talar Nationalencyklopedin. Det har varit mycket hall\u00e5 kring uttrycket \u00bbrekommendationer\u00ab, som Folkh\u00e4lsomyndigheten har utf\u00e4rdat. \u00bbDe ska \u00e5tlydas\u00ab, dundrar statsministern. D\u00e4rmed blir de ett spr\u00e5kligt missfoster. Ty rekommendera betyder att man b\u00f6r g\u00f6ra s\u00e5 som rekommenderas, precis som NE skriver. <b>B\u00f6r<\/b>, var ordet.<\/span><\/span><\/p>\n<p class=\"western\" align=\"left\"><span style=\"font-family: Georgia, sans-serif; color: #800000;\"><span style=\"font-size: large;\">N\u00e4r Kiruna filmstudio annonserar sina filmer, anges p\u00e5 beg\u00e4ran om de \u00e4r barntill\u00e5tna eller inte. F\u00f6rr var det enkelt: <i>btill. <\/i>var barntill\u00e5tet och <i>bfbj.<\/i> barnf\u00f6rbjudet (vilket betydde en femton\u00e5rsgr\u00e4ns). Ungef\u00e4r vid den tid, d\u00e5 undertecknads filmintresse p\u00e5 allvar hade v\u00e4ckts, inf\u00f6rdes en gr\u00e4ns vid elva \u00e5r, <i>till. fr. 11 \u00e5r.<\/i> L\u00e5ngt senare tillkom <i>till. fr. 7 \u00e5r.<\/i> Alla dessa gr\u00e4nser finns kvar, fast\u00e4n vi sedan 2011 inte l\u00e4ngre har n\u00e5gon filmcensur i Sverige.<\/span><\/span><\/p>\n<p class=\"western\" style=\"padding-left: 30px;\" align=\"left\"><span style=\"font-family: Georgia, sans-serif; color: #800000;\"><span style=\"font-size: large;\">Ingen censur alls, faktiskt. Filmcensuren var den sista utposten, om man s\u00e4ger s\u00e5. Inte ens en av de under censur\u00e5ren h\u00f6gsta ansvariga p\u00e5 Statens biografbyr\u00e5 tyckte att n\u00e5gon som helst censur n\u00e5gonsin var motiverad i en demokrati, enligt egen utsago i ett annandagsprogram p\u00e5 P1 om underh\u00e5llningsv\u00e5ld. \u00bbS\u00e5 h\u00e4r k\u00e4nde du d\u00e5 inte i b\u00f6rjan av 80-talet?\u00ab, fr\u00e5gade d\u00e5 programledaren och fick svaret att \u00bbJag blev klokare med \u00e5ren, kan man s\u00e4ga\u00ab.<\/span><\/span><\/p>\n<p class=\"western\" align=\"left\"><span style=\"font-family: Georgia, sans-serif; color: #800000;\"><span style=\"font-size: large;\">Men i och med att censur inte l\u00e4ngre finns, kan man s\u00e5ledes visa vad som helst var som helst \u2013 fast ska det visas offentligt p\u00e5 bio, ska det ha en \u00e5ldersgr\u00e4ns. F\u00f6r att f\u00e5 en s\u00e5dan m\u00e5ste distribut\u00f6ren l\u00e4mna in en kopia av filmen till Statens medier\u00e5d f\u00f6r granskning. G\u00f6r distribut\u00f6ren inte det, blir filmen automatiskt barnf\u00f6rbjuden, det s\u00e4ger sig sj\u00e4lv. Detta kan f\u00f6rklara, hur en ibland fullst\u00e4ndigt barnv\u00e4nlig komedi \u00e4r st\u00e4mplad som barnf\u00f6rbjuden. Eller s\u00e5 \u00e4r den det f\u00f6r att filmen \u00e4r s\u00e5 gammal, att n\u00e4r den gick p\u00e5 biograferna r\u00e5dde en helt annan moraluppfattning. Den blev d\u00e5 i sin tid barnf\u00f6rbjuden f\u00f6r att n\u00e5gon i filmen fick en yxa i ryggen.<\/span><\/span><\/p>\n<p class=\"western\" style=\"padding-left: 30px;\" align=\"left\"><span style=\"font-family: Georgia, sans-serif; color: #800000;\"><span style=\"font-size: large;\">I f\u00f6reg\u00e5ngarna i barnaskydd p\u00e5 filmens omr\u00e5de, Amerikas f\u00f6renta stater, var de hundra \u00e5r f\u00f6re oss och till\u00e4t barn att se yxor \u00e4ven i skallar, d\u00e4remot inte en kvinnlig br\u00f6stv\u00e5rta.<\/span><\/span><\/p>\n<p class=\"western\" align=\"left\"><span style=\"font-family: Georgia, sans-serif; color: #800000;\"><span style=\"font-size: large;\">Till saken: hur ska man d\u00e5 ange att en film s\u00e4kert hade blivit till\u00e5ten f\u00f6r elva\u00e5ringar eller till och med tio\u00e5ringar i vuxens s\u00e4llskap, om man inte l\u00e4mnat in filmen till Medier\u00e5det men \u00e4nd\u00e5 vill s\u00e4lja den som DVD? \u2013 Jo, d\u00e5 skriver man p\u00e5 asken \u00bbl\u00e4mplig fr\u00e5n 11 \u00e5r\u00ab eller \u00bbrekommenderas fr\u00e5n 11 \u00e5r\u00ab.<\/span><\/span><\/p>\n<p class=\"western\" align=\"left\"><span style=\"font-family: Georgia, sans-serif; color: #800000;\"><span style=\"font-size: large;\">Hur ska d\u00e5 ordet \u00bbrekommenderas\u00ab nu tydas? Enligt vanligt folkspr\u00e5k, f\u00f6rst\u00e5s. Allts\u00e5 b\u00f6r man f\u00f6lja rekommendationen. Men m\u00e5ste inte. Filmen \u00e4r bara ol\u00e4mplig f\u00f6r den som \u00e4r under elva \u00e5r gammal.<\/span><\/span><\/p>\n<p class=\"western\" align=\"left\"><span style=\"font-family: Georgia, sans-serif; color: #800000;\"><span style=\"font-size: large;\">NE \u00e4r faktiskt ocks\u00e5 inne p\u00e5 den linjen i artikeln om allm\u00e4nna r\u00e5d eller rekommendationer: de \u00e4r inte r\u00e4ttsligt bindande. Men d\u00e5 ekar statsministerns ord i \u00f6rat. L\u00e4ngre ned har NE alldeles nyligen lagt till n\u00e5gra rader, synbart efter Folkh\u00e4lsomyndighetens uttalanden, att rekommendationer i det sammanhanget <b>ska<\/b> f\u00f6ljas och inte l\u00e4sas \u00bballm\u00e4nspr\u00e5kligt\u00ab.<\/span><\/span><\/p>\n<p style=\"text-align: center;\" align=\"left\"><img loading=\"lazy\" decoding=\"async\" class=\"aligncenter size-full wp-image-1661\" src=\"https:\/\/forseth.se\/idet\/wp-content\/uploads\/2020\/04\/Markisen-av-Canteclaer.gif\" alt=\"\" width=\"489\" height=\"476\" \/><\/p>\n<p class=\"western\" align=\"left\"><span style=\"font-family: Georgia, sans-serif; color: #800000;\"><span style=\"font-size: large;\">S\u00e5ledes glider man i spr\u00e5ket. \u00bbParbleu!\u00ab, skulle markisen av Canteclaer ha sagt till sin l\u00e5g\u00e4ttade granne<i> Oliver B Bumble, <\/i>\u00bbStaten tar sig friheter, n\u00e4r man inte l\u00e4ngre kan lita p\u00e5 ett tidigare s\u00e5 entydigt begrepp, fi donc!\u00ab. P\u00e5 det skulle nog den gode Bumble genm\u00e4la, att \u00bbFolkh\u00e4lsomyndigheten och regeringen t\u00e4nker v\u00e4l \u00e4nd\u00e5 p\u00e5 folkets b\u00e4sta\u00ab. Jod\u00e5, men d\u00e5 kunde de ha anv\u00e4nt ett ord med r\u00e4ttsligt bindande inneb\u00f6rd. Lag stiftar de inte, och f\u00f6reskrifter \u00e4r det kommuner som utf\u00e4rdar. Men de kunde ha anv\u00e4nt ett ord som anvisning, exempelvis.<\/span><\/span><\/p>\n<p class=\"western\" align=\"left\"><span style=\"font-family: Georgia, sans-serif; color: #800000;\"><span style=\"font-size: large;\">\u00c4r d\u00e5 allm\u00e4nspr\u00e5kligheter n\u00e5got att dra upp i dessa allvarliga tider? Tja, g\u00e5 bara tillbaka till f\u00f6rra veckans kr\u00f6nika, vari undertecknad varnade f\u00f6r id\u00e9er om att l\u00e5ta regeringen utf\u00e4rda ukaser, allts\u00e5 stifta lag utan riksdagens h\u00f6rande. Nu besl\u00f6t man s\u00e5, fast med brasklappen att<b> <\/b>riksdagen i efterhand ska kunna l\u00e4gga in sitt veto mot regeringen, alltid n\u00e5got. Men sedan tog det bara n\u00e5gon dag f\u00f6r riksdagsoppositionens ledare att framf\u00f6ra ett \u00f6nskem\u00e5l om att \u00e4ndra grundlagen i den h\u00e4r riktningen.<\/span><\/span><\/p>\n<p class=\"western\" align=\"left\"><span style=\"font-family: Georgia, sans-serif; color: #800000;\"><span style=\"font-size: large;\">\u00c4ndra grundlagen. Allts\u00e5 \u00f6ppna f\u00f6r undantagstillst\u00e5nd och ukaser.<\/span><\/span><\/p>\n<p class=\"western\" align=\"left\"><span style=\"font-family: Georgia, sans-serif; color: #800000;\"><span style=\"font-size: large;\">Men \u00f6ver till n\u00e5got roligare. Vem \u00e4r f\u00f6rresten den h\u00e4r ovan citerade spr\u00e4tten med sin franska brytning? \u2013 Jo, en av figurerna i holl\u00e4ndaren <i>Marten Toonders<\/i> tecknade serie <i>Tom Poes (Tom Puss<\/i> p\u00e5 svenska, antagligen \u00e4r serien \u00f6versatt fr\u00e5n engelska). Puss \u00e4r en kissemiss, helt naken i sin s\u00f6ta, vita p\u00e4ls. Kissen bor i en liten skogsstuga och \u00e4r klok som en katt men i likhet med en del andra seriehj\u00e4ltar en riktig torrboll. Den f\u00e4rgsprakande huvudpersonen \u00e4r i st\u00e4llet hans v\u00e4n, den \u00bbl\u00e5g\u00e4ttade\u00ab innehavaren av slottet Bumblestone, en godhj\u00e4rtad, gener\u00f6s men aningen aningsl\u00f6s brunbj\u00f6rn kl\u00e4dd i rutig kavaj och st\u00e4ndigt r\u00f6kande pipa.<\/span><\/span><\/p>\n<p style=\"text-align: center;\" align=\"left\"><img loading=\"lazy\" decoding=\"async\" class=\"aligncenter wp-image-1644 size-medium\" src=\"https:\/\/forseth.se\/idet\/wp-content\/uploads\/2020\/04\/Tom-Puss-seriealbum-1-218x300.jpg\" alt=\"\" width=\"218\" height=\"300\" srcset=\"https:\/\/forseth.se\/wp-content\/uploads\/2020\/04\/Tom-Puss-seriealbum-1-218x300.jpg 218w, https:\/\/forseth.se\/wp-content\/uploads\/2020\/04\/Tom-Puss-seriealbum-1.jpg 400w\" sizes=\"auto, (max-width: 218px) 100vw, 218px\" \/><\/p>\n<p class=\"western\" align=\"left\"><span style=\"font-family: Georgia, sans-serif; color: #800000;\"><span style=\"font-size: large;\">En egenhet med serien \u00e4r ut\u00f6ver avancerat detaljerade teckningar att texten i de mycket l\u00e5nga \u00e4ventyren \u00e4r i romanform, tryckt under bilderna \u2013 inte i pratbubblor. Detta gav mig en g\u00e5ng under en period som l\u00e4rare (jo, en s\u00e5dan har jag haft) infallet att l\u00e5ta ungarna sj\u00e4lva skriva text under bilderna, sedan jag hade kopierat en serie och undanr\u00f6jt originaltexterna. Det experimentet skulle \u00f6ka l\u00e4slusten, var min enfaldiga tanke. Efter den kom eftertanken med sin kranka blekhet: br\u00f6t jag s\u00e5lunda mot copyright-reglerna?<\/span><\/span><\/p>\n<figure id=\"attachment_1645\" aria-describedby=\"caption-attachment-1645\" style=\"width: 193px\" class=\"wp-caption aligncenter\"><a href=\"https:\/\/forseth.se\/idet\/wp-content\/uploads\/2020\/04\/Tom-Puss-enligt-5B.jpg\" target=\"_blank\" rel=\"noopener\"><img loading=\"lazy\" decoding=\"async\" class=\"wp-image-1645 size-medium\" src=\"https:\/\/forseth.se\/idet\/wp-content\/uploads\/2020\/04\/Tom-Puss-enligt-5B-193x300.jpg\" alt=\"\" width=\"193\" height=\"300\" srcset=\"https:\/\/forseth.se\/wp-content\/uploads\/2020\/04\/Tom-Puss-enligt-5B-193x300.jpg 193w, https:\/\/forseth.se\/wp-content\/uploads\/2020\/04\/Tom-Puss-enligt-5B-768x1192.jpg 768w, https:\/\/forseth.se\/wp-content\/uploads\/2020\/04\/Tom-Puss-enligt-5B-660x1024.jpg 660w\" sizes=\"auto, (max-width: 193px) 100vw, 193px\" \/><\/a><figcaption id=\"caption-attachment-1645\" class=\"wp-caption-text\">F\u00f6rsta sidan av Tom Puss enligt 5B. F\u00f6rsta radens text \u00e4r original, resten barnens. Hela serien var p\u00e5 32 sidor. \u2013 F\u00f6r en n\u00e4rmare titt: klicka p\u00e5 bilden.<\/figcaption><\/figure>\n<p class=\"western\" align=\"left\"><span style=\"font-family: Georgia, sans-serif; color: #800000;\"><span style=\"font-size: large;\">Gjort var ju gjort, men jag kunde alltid fr\u00e5ga f\u00f6rfattaren sj\u00e4lv. P\u00e5 den tiden googlade man inte, man skrev till dagstidningen, d\u00e4r han publicerades och fick sitt brev vidares\u00e4nt. Toonder bodde sedan l\u00e4nge p\u00e5 Irland, och d\u00e4rifr\u00e5n kom en dag ett brev fr\u00e5n sm\u00e5staden Greystones p\u00e5 den gr\u00f6na \u00f6n. \u00bbI st\u00e4llet f\u00f6r att ha trampat p\u00e5 copyright-lagarna har ni bevisat mig en s\u00e4llsynt ynnest\u00ab, skrev den stora f\u00f6rfattaren. Han trodde att experimentet kunde \u00f6ka b\u00e5de l\u00e4slust och skapande hos barnen. Vilket det kanske gjorde i l\u00e5nga loppet, vad vet jag? En blev poet, i alla fall. En av tjugo. Men b\u00e4st av allt: en \u2013 s\u00e4ger 1 \u2013 som v\u00e4grade l\u00e4sa b\u00f6cker, f\u00f6ll till slut f\u00f6r Tom Puss-albumen och gick sedan till biblioteket f\u00f6r att sluka dem alla.<\/span><\/span><\/p>\n<p class=\"western\" align=\"left\"><span style=\"font-family: Georgia, sans-serif; color: #800000;\"><span style=\"font-size: large;\">Ska det bli min runa?<\/span><\/span><\/p>\n<p class=\"western\" align=\"left\"><span style=\"font-family: Georgia, sans-serif; color: #800000;\"><span style=\"font-size: large;\">Den fisf\u00f6rn\u00e4me markisen av Canteclaer i Tom Puss perklar visserligen p\u00e5 franska, men d\u00e4rmed inte sagt att det ligger i det spr\u00e5kets natur. Nu p\u00e5 torsdag kommer b\u00e5de goda och onda att tala franska \u2013 vilket f\u00f6rresten varenda buse i det landet g\u00f6r, som mina gamla l\u00e4rare sa. N\u00e5, allts\u00e5, i filmstudions film denna vecka p\u00e5 torsdag \u00e4r <i>Juliette Binoche Inte den du tror,<\/i> en film fr\u00e5n 2019. Hon l\u00e4gger upp vad som ska f\u00f6rest\u00e4lla henne sj\u00e4lv p\u00e5 Facebook och f\u00f6rs\u00f6ker den v\u00e4gen spionera p\u00e5 mannen, som hon anser ha svikit henne.<\/span><\/span><\/p>\n<p class=\"western\" align=\"left\"><span style=\"font-family: Georgia, sans-serif; color: #800000;\"><span style=\"font-size: large;\">Kanske v\u00e5r hj\u00e4ltinna f\u00f6rl\u00e4st sig p\u00e5 <i>Ludwig Wittgenstein<\/i> och anser, att allt \u00e4r sken. D\u00e4rf\u00f6r kan hon p\u00e5 Facebook ge en utvald bild av sig sj\u00e4lv i st\u00e4llet f\u00f6r den som andra ser av henne f\u00f6r att andra inte ska se vad hon sj\u00e4lv ser, ty vad man icke kan tala om, d\u00e4rom m\u00e5ste man tiga, som hennes l\u00e4rom\u00e4stare ju sagt. Men det \u00e4r farliga saker, ty p\u00e5 sociala medier finns ocks\u00e5 andra som ser henne. Och de talar franska allihop!<\/span><\/span><\/p>\n<p class=\"western\" style=\"padding-left: 30px;\" align=\"left\"><span style=\"font-family: Georgia, sans-serif; color: #800000;\"><span style=\"font-size: large;\">Wittgenstein h\u00f6r nog inte hit alls men \u00e4r grundbulten i en svensk film, <i>Skenbart: en film om t\u00e5g<\/i> (av <i>Peter Dalle<\/i> 2003), vilket \u00e4r vitsigt, om n\u00e5gon f\u00f6rst\u00e5r vad jag menar (fast inte p\u00e5 andra spr\u00e5k, s\u00e5 distributionen blev inte s\u00e5 stor).<\/span><\/span><\/p>\n<p class=\"western\" align=\"left\"><span style=\"font-family: Georgia, sans-serif; color: #800000;\"><span style=\"font-size: large;\">P\u00e5 filmstudion nu p\u00e5 torsdag. Enda s\u00e4ttet att g\u00e5 p\u00e5 bio i Kiruna nuf\u00f6rtiden \u00e4r att g\u00e5 p\u00e5 filmstudion i det annars s\u00e5 tomma Folkets hus.<\/span><\/span><\/p>\n<p class=\"western\" align=\"right\"><span style=\"color: #800000;\"><em><span style=\"font-family: Verdana Italic, sans-serif;\"><span style=\"font-size: medium;\">En id\u00e9 i idet av Bj\u00f6rn Forseth<\/span><\/span><\/em><\/span><\/p>\n","protected":false},"excerpt":{"rendered":"<p>INTE DEN DU TROR Vad man icke kan tala om, d\u00e4rom m\u00e5ste man tiga Ord ges ny betydelse och sin sj\u00e4l kan man d\u00f6lja i Facebook &nbsp; &nbsp; allm\u00e4nna r\u00e5d, rekommendationer, ben\u00e4mning p\u00e5 av en statlig f\u00f6rvaltningsmyndighet fattade normbeslut som anger hur n\u00e5gon kan eller b\u00f6r handla i ett visst h\u00e4nseende. S\u00e5lunda talar Nationalencyklopedin. Det &hellip; <\/p>\n<p class=\"link-more\"><a href=\"https:\/\/forseth.se\/?p=1640\" class=\"more-link\">Forts\u00e4tt l\u00e4sa<span class=\"screen-reader-text\"> \u201dVad man icke kan tala om, d\u00e4rom m\u00e5ste man tiga\u201d<\/span><\/a><\/p>\n","protected":false},"author":1,"featured_media":0,"comment_status":"closed","ping_status":"closed","sticky":false,"template":"","format":"audio","meta":{"footnotes":""},"categories":[1],"tags":[],"class_list":["post-1640","post","type-post","status-publish","format-audio","hentry","category-uncategorized","post_format-post-format-audio"],"_links":{"self":[{"href":"https:\/\/forseth.se\/index.php?rest_route=\/wp\/v2\/posts\/1640","targetHints":{"allow":["GET"]}}],"collection":[{"href":"https:\/\/forseth.se\/index.php?rest_route=\/wp\/v2\/posts"}],"about":[{"href":"https:\/\/forseth.se\/index.php?rest_route=\/wp\/v2\/types\/post"}],"author":[{"embeddable":true,"href":"https:\/\/forseth.se\/index.php?rest_route=\/wp\/v2\/users\/1"}],"replies":[{"embeddable":true,"href":"https:\/\/forseth.se\/index.php?rest_route=%2Fwp%2Fv2%2Fcomments&post=1640"}],"version-history":[{"count":14,"href":"https:\/\/forseth.se\/index.php?rest_route=\/wp\/v2\/posts\/1640\/revisions"}],"predecessor-version":[{"id":1664,"href":"https:\/\/forseth.se\/index.php?rest_route=\/wp\/v2\/posts\/1640\/revisions\/1664"}],"wp:attachment":[{"href":"https:\/\/forseth.se\/index.php?rest_route=%2Fwp%2Fv2%2Fmedia&parent=1640"}],"wp:term":[{"taxonomy":"category","embeddable":true,"href":"https:\/\/forseth.se\/index.php?rest_route=%2Fwp%2Fv2%2Fcategories&post=1640"},{"taxonomy":"post_tag","embeddable":true,"href":"https:\/\/forseth.se\/index.php?rest_route=%2Fwp%2Fv2%2Ftags&post=1640"}],"curies":[{"name":"wp","href":"https:\/\/api.w.org\/{rel}","templated":true}]}}