{"id":1819,"date":"2020-11-26T21:26:09","date_gmt":"2020-11-26T20:26:09","guid":{"rendered":"https:\/\/forseth.se\/idet\/?p=1819"},"modified":"2020-11-26T21:44:10","modified_gmt":"2020-11-26T20:44:10","slug":"missforstadd-malare-lyssnade-inte-pa-det-orat","status":"publish","type":"post","link":"https:\/\/forseth.se\/?p=1819","title":{"rendered":"Missf\u00f6rst\u00e5dd m\u00e5lare lyssnade inte p\u00e5 det \u00f6rat"},"content":{"rendered":"<p style=\"text-align: center;\"><span style=\"color: #800000;\">VINCENT VAN GOGH \u2013 VID EVIGHETENS PORT<\/span><\/p>\n<p style=\"text-align: center;\"><span style=\"color: #800000;\"><img loading=\"lazy\" decoding=\"async\" class=\"aligncenter size-full wp-image-1820\" src=\"https:\/\/forseth.se\/idet\/wp-content\/uploads\/2020\/11\/Vincent-van-Gogh.jpeg\" alt=\"\" width=\"1000\" height=\"563\" srcset=\"https:\/\/forseth.se\/wp-content\/uploads\/2020\/11\/Vincent-van-Gogh.jpeg 1000w, https:\/\/forseth.se\/wp-content\/uploads\/2020\/11\/Vincent-van-Gogh-300x169.jpeg 300w, https:\/\/forseth.se\/wp-content\/uploads\/2020\/11\/Vincent-van-Gogh-768x432.jpeg 768w\" sizes=\"auto, (max-width: 767px) 89vw, (max-width: 1000px) 54vw, (max-width: 1071px) 543px, 580px\" \/><\/span><\/p>\n<p>&nbsp;<\/p>\n<h3 class=\"western\" align=\"center\"><strong><span style=\"font-family: Verdana Bold, sans-serif; color: #800000;\"><span style=\"font-size: 300%;\">Missf\u00f6rst\u00e5dd m\u00e5lare lyssnade inte p\u00e5 det \u00f6rat<\/span><\/span><\/strong><\/h3>\n<h2 class=\"western\" align=\"center\"><strong><span style=\"font-family: Verdana Bold Italic, sans-serif; color: #800000;\"><span style=\"font-size: x-large;\">Veckans hj\u00e4lte \u00e4r vida k\u00e4nd f\u00f6r att p\u00e5 egen hand ha skurit av sig ena \u00f6rsnibben.<\/span><\/span><\/strong><\/h2>\n<p>&nbsp;<\/p>\n<p class=\"western\" align=\"left\"><span style=\"font-family: Georgia, sans-serif; color: #800000;\"><span style=\"font-size: large;\">Ordet episk har blivit mycket popul\u00e4rt p\u00e5 senare \u00e5r, men det anv\u00e4nds lika felaktigt som ordet atlet. I b\u00e4gge fallen naturligtvis en f\u00f6ljd av bristande kunskaper i svenska och \u00f6verdriven lyh\u00f6rdhet f\u00f6r engelska fraser. Men i <i>Bernardo Bertoluccis<\/i> i verklig mening episka dubbelfilm <i>1900<\/i> (det var titeln, produktions\u00e5ret var 1976) sk\u00e4r en man \u00f6rat av sig. Mannen \u00e4r lantarbetare och g\u00f6r det i protest mot n\u00e4ra nog feodala arbetsf\u00f6rh\u00e5llanden \u00e4nda in p\u00e5 1900-talet.<\/span><\/span><\/p>\n<p class=\"western\" style=\"padding-left: 30px;\" align=\"left\"><span style=\"font-family: Georgia, sans-serif; color: #800000;\"><span style=\"font-size: large;\">I Kiruna filmstudios styrelse satt i flera \u00e5r, s\u00e5 l\u00e4nge han var kvar p\u00e5 Institutet f\u00f6r rymdfysik, en flaml\u00e4ndsk man, som alltid cyklade till och fr\u00e5n jobbet (som vi vet ligger en bit bort) och kom till filmstudions visningar p\u00e5 samma hoj och alltid f\u00f6r sent. S\u00e5vitt jag vet f\u00f6ljer han \u00e4n idag verksamheten p\u00e5 distans. Inte s\u00e5 sv\u00e5rt f\u00f6r honom, f\u00f6r han l\u00e4rde sig svenska som en inf\u00f6dd. Alltnog, denne man skulle nog ha synpunkter p\u00e5 v\u00e5rt uttal av den store m\u00e5larens namn, som stavas van Gogh. Man goggar emellertid inte konstn\u00e4rens namn utan s\u00e4ger n\u00e5got i stil med choch eller xox. Ljudet, om det nu b\u00f6r anges med ch eller x, ska l\u00e5ta ungef\u00e4r som f\u00f6rsta ordet i tyska \u00bb<i>Ach,<\/i> du lieber Augustin\u00ab, om n\u00e5gon minns den s\u00e5ngslingan. Adelstiteln h\u00f6r till efternamnet och stavas med v, som i likhet med tyskan uttalas som f, s\u00e5 van Gogh s\u00e4ger man allts\u00e5 som fann choch.<\/span><\/span><\/p>\n<p class=\"western\" style=\"padding-left: 30px;\" align=\"left\"><span style=\"font-family: Georgia, sans-serif; color: #800000;\"><span style=\"font-size: large;\">Eller vad fasen: vi Sverige s\u00e4ger v\u00e4l fann gogg, d\u00e5 vet vi vem vi talar om.<\/span><\/span><\/p>\n<p class=\"western\" align=\"left\"><span style=\"font-family: Georgia, sans-serif; color: #800000;\"><span style=\"font-size: large;\">Det fanns s\u00e5ledes p\u00e5 andra halvan av 1800-talet en stor nederl\u00e4ndsk konstn\u00e4r, som hette <i>Vincent van Gogh.<\/i> Om denne gigant har mycket skrivits och flera filmer gjorts. En del film\u00e4lskare \u00e4r ointresserade av s\u00e5dan bildkonst men kan \u00e4nd\u00e5 tycka det \u00e4r sp\u00e4nnande att f\u00f6lja de h\u00e4r sk\u00f6nandarnas liv. Bara det d\u00e4r med \u00f6rat lockar ju.<\/span><\/span><\/p>\n<p class=\"western\" align=\"left\"><span style=\"font-family: Georgia, sans-serif; color: #800000;\"><span style=\"font-size: large;\">Redan 1952 gjorde den svenske konstintresserade sk\u00e5despelaren <i>Hans Eklund<\/i> en femton minuters kortfilm om van Gogh med hela dennes namn som titel. Fyra \u00e5r senare spelade <i>Kirk Douglas<\/i> m\u00e5laren i fr\u00e5ga i filmen <i>Han som \u00e4lskade livet,<\/i> i vilken en annan k\u00e4nd sk\u00e5despelare, <i>Anthony Quinn,<\/i> spelade en annan k\u00e4nd konstn\u00e4r, <i>Paul Gauguin.<\/i><\/span><\/span><\/p>\n<p class=\"western\" style=\"padding-left: 30px;\" align=\"left\"><span style=\"font-family: Georgia, sans-serif; color: #800000;\"><span style=\"font-size: large;\">Alff, Arctic light filmfestival, visade h\u00e4rom \u00e5ret en underbar variant; en tecknad \u2013 rentav oljem\u00e5lad \u2013 film om van Goghs senare \u00f6den och \u00e4ventyr, <i>Loving Vincent<\/i> fr\u00e5n 2017. I denna polsk-brittisk-amerikansk-schweizisk-nederl\u00e4ndska film av <i>Dorota Kobiela<\/i> och <i>Hugh Welchman<\/i> \u00e4r hela ber\u00e4ttelsen m\u00e5lad i just den stil, som var van Goghs k\u00e4nnem\u00e4rke. I r\u00f6rliga bilder! D\u00e5 kan man v\u00e4l till och med bli intresserad av sj\u00e4lva konsten?<\/span><\/span><\/p>\n<p class=\"western\" style=\"padding-left: 60px;\" align=\"left\"><span style=\"font-family: Georgia, sans-serif; color: #800000;\"><span style=\"font-size: large;\">Tekniken p\u00e5minner om den som anv\u00e4nds i en av de tjeckoslovakiska klassiker filmade efter science fiction-b\u00f6cker, <i>Det fantastiska \u00e4ventyret<\/i> (1958), d\u00e4r <i>Karel Zeman<\/i> s\u00f6kt efterlikna de f\u00f6r tiden typiska randade illustrationerna fr\u00e5n <i>Jules Vernes<\/i> bok. Visad av filmstudion, senast p\u00e5 1970-talet\u2026<\/span><\/span><\/p>\n<p class=\"western\" align=\"left\"><span style=\"font-family: Georgia, sans-serif; color: #800000;\"><span style=\"font-size: large;\">Denna vecka skulle Kiruna filmstudios decemberserie ha tagit sin b\u00f6rjan med \u00e4nnu en film om denne man, kanske en ny version av \u00bbHan som \u00e4lskade livet\u00ab? Filmen fr\u00e5n 2018 heter <i>Vincent van Gogh &#8211; Vid evighetens port,<\/i> och konstn\u00e4ren spelas av <i>Willem Dafo<\/i><i>e,<\/i> den andre konstn\u00e4ren \u2013 Paul Gauguin \u2013 av <i>Oscar Isaac.<\/i><\/span><\/span><\/p>\n<p class=\"western\" style=\"padding-left: 30px;\" align=\"left\"><span style=\"font-family: Georgia, sans-serif; color: #800000;\"><span style=\"font-size: large;\">van Goghs stil lockar till efterapning. Man kan fr\u00e5ga sig, vem som \u00e4r vem p\u00e5 portr\u00e4tten och i den tecknade filmen om honom\u2026<\/span><\/span><\/p>\n<figure id=\"attachment_1821\" aria-describedby=\"caption-attachment-1821\" style=\"width: 1000px\" class=\"wp-caption aligncenter\"><img loading=\"lazy\" decoding=\"async\" class=\"wp-image-1821 size-full\" src=\"https:\/\/forseth.se\/idet\/wp-content\/uploads\/2020\/11\/Vincent-van-Gogh-collage.jpg\" alt=\"\" width=\"1000\" height=\"2166\" srcset=\"https:\/\/forseth.se\/wp-content\/uploads\/2020\/11\/Vincent-van-Gogh-collage.jpg 1000w, https:\/\/forseth.se\/wp-content\/uploads\/2020\/11\/Vincent-van-Gogh-collage-139x300.jpg 139w, https:\/\/forseth.se\/wp-content\/uploads\/2020\/11\/Vincent-van-Gogh-collage-768x1663.jpg 768w, https:\/\/forseth.se\/wp-content\/uploads\/2020\/11\/Vincent-van-Gogh-collage-473x1024.jpg 473w\" sizes=\"auto, (max-width: 767px) 89vw, (max-width: 1000px) 54vw, (max-width: 1071px) 543px, 580px\" \/><figcaption id=\"caption-attachment-1821\" class=\"wp-caption-text\">Vem av dem \u00e4r egentligen Douglas, Dafoe eller den riktige van Gogh?<\/figcaption><\/figure>\n<p class=\"western\" align=\"left\"><span style=\"font-family: Georgia, sans-serif; color: #800000;\"><span style=\"font-size: large;\">Personligen undrar jag, vad det \u00e4r i denne Dafoe som lockar till s\u00e5 speciella rolltolkningar, som n\u00e4r han 1988 fick f\u00f6rest\u00e4lla Jesus i <i>Kristi sista frestelse.<\/i> \u00c4r det hans r\u00e5dbr\u00e5kade yttre? \u2013 S\u00e5dant kan \u00e4ga dragningskraft. <i>Lars von Trier<\/i> tog honom till den manliga huvudrollen i den i m\u00e5ngas \u00f6gon f\u00f6rf\u00e4rliga <i>Antichhrist<\/i> 2009. Hur som haver \u00e4r han en sk\u00e5despelare med o\u00e4ndligt m\u00e5nga filmroller bakom sig.<\/span><\/span><\/p>\n<p class=\"western\" align=\"left\"><span style=\"font-family: Georgia, sans-serif; color: #800000;\"><span style=\"font-size: large;\">Nu g\u00e4ller det allts\u00e5 f\u00f6r honom att f\u00f6rest\u00e4lla van Gogh, innan \u00f6ronen trillar av. Regiss\u00f6ren <i>Julian Schnabel<\/i> har tidigare framst\u00e4llt anm\u00e4rkningsv\u00e4rda konstn\u00e4rer som <i>Basquiat &#8211; den svarte rebellen<\/i> (1996), visad av filmstudion. Dagens film \u00f6verl\u00e5ter jag stillsamt \u00e5t \u00e4rade l\u00e4sare att leta fram bland str\u00f6mmande tj\u00e4nster, s\u00e5 l\u00e4nge som vi begr\u00e4nsas av den r\u00e5dande pandemin. D\u00e5 kan envar sj\u00e4lv g\u00f6ra sig en f\u00f6rest\u00e4llning om, varf\u00f6r ett \u00f6ra r\u00f6k.<\/span><\/span><\/p>\n<p class=\"western\" align=\"right\"><em><span style=\"font-family: Verdana Italic, sans-serif; color: #800000;\"><span style=\"font-size: medium;\">En id\u00e9 i idet av Bj\u00f6rn Forseth<\/span><\/span><\/em><\/p>\n","protected":false},"excerpt":{"rendered":"<p>VINCENT VAN GOGH \u2013 VID EVIGHETENS PORT &nbsp; Missf\u00f6rst\u00e5dd m\u00e5lare lyssnade inte p\u00e5 det \u00f6rat Veckans hj\u00e4lte \u00e4r vida k\u00e4nd f\u00f6r att p\u00e5 egen hand ha skurit av sig ena \u00f6rsnibben. &nbsp; Ordet episk har blivit mycket popul\u00e4rt p\u00e5 senare \u00e5r, men det anv\u00e4nds lika felaktigt som ordet atlet. I b\u00e4gge fallen naturligtvis en f\u00f6ljd &hellip; <\/p>\n<p class=\"link-more\"><a href=\"https:\/\/forseth.se\/?p=1819\" class=\"more-link\">Forts\u00e4tt l\u00e4sa<span class=\"screen-reader-text\"> \u201dMissf\u00f6rst\u00e5dd m\u00e5lare lyssnade inte p\u00e5 det \u00f6rat\u201d<\/span><\/a><\/p>\n","protected":false},"author":1,"featured_media":0,"comment_status":"closed","ping_status":"closed","sticky":false,"template":"","format":"standard","meta":{"footnotes":""},"categories":[1],"tags":[],"class_list":["post-1819","post","type-post","status-publish","format-standard","hentry","category-uncategorized"],"_links":{"self":[{"href":"https:\/\/forseth.se\/index.php?rest_route=\/wp\/v2\/posts\/1819","targetHints":{"allow":["GET"]}}],"collection":[{"href":"https:\/\/forseth.se\/index.php?rest_route=\/wp\/v2\/posts"}],"about":[{"href":"https:\/\/forseth.se\/index.php?rest_route=\/wp\/v2\/types\/post"}],"author":[{"embeddable":true,"href":"https:\/\/forseth.se\/index.php?rest_route=\/wp\/v2\/users\/1"}],"replies":[{"embeddable":true,"href":"https:\/\/forseth.se\/index.php?rest_route=%2Fwp%2Fv2%2Fcomments&post=1819"}],"version-history":[{"count":7,"href":"https:\/\/forseth.se\/index.php?rest_route=\/wp\/v2\/posts\/1819\/revisions"}],"predecessor-version":[{"id":1828,"href":"https:\/\/forseth.se\/index.php?rest_route=\/wp\/v2\/posts\/1819\/revisions\/1828"}],"wp:attachment":[{"href":"https:\/\/forseth.se\/index.php?rest_route=%2Fwp%2Fv2%2Fmedia&parent=1819"}],"wp:term":[{"taxonomy":"category","embeddable":true,"href":"https:\/\/forseth.se\/index.php?rest_route=%2Fwp%2Fv2%2Fcategories&post=1819"},{"taxonomy":"post_tag","embeddable":true,"href":"https:\/\/forseth.se\/index.php?rest_route=%2Fwp%2Fv2%2Ftags&post=1819"}],"curies":[{"name":"wp","href":"https:\/\/api.w.org\/{rel}","templated":true}]}}