{"id":293,"date":"2017-03-14T11:43:55","date_gmt":"2017-03-14T10:43:55","guid":{"rendered":"http:\/\/forseth.se\/idet\/?p=293"},"modified":"2017-03-14T11:48:57","modified_gmt":"2017-03-14T10:48:57","slug":"berlin-36","status":"publish","type":"post","link":"https:\/\/forseth.se\/?p=293","title":{"rendered":"Judinna i OS med hakkors p\u00e5 br\u00f6stet"},"content":{"rendered":"<p style=\"text-align: center;\">BERLIN 36<\/p>\n<p style=\"text-align: center;\"><span style=\"color: #800000;\"><a href=\"https:\/\/forseth.se\/idet\/wp-content\/uploads\/2017\/03\/Berlin-36-1.jpg\"><img loading=\"lazy\" decoding=\"async\" class=\"aligncenter wp-image-295\" src=\"https:\/\/forseth.se\/idet\/wp-content\/uploads\/2017\/03\/Berlin-36-1.jpg\" alt=\"\" width=\"1000\" height=\"667\" srcset=\"https:\/\/forseth.se\/wp-content\/uploads\/2017\/03\/Berlin-36-1.jpg 900w, https:\/\/forseth.se\/wp-content\/uploads\/2017\/03\/Berlin-36-1-300x200.jpg 300w, https:\/\/forseth.se\/wp-content\/uploads\/2017\/03\/Berlin-36-1-768x512.jpg 768w\" sizes=\"auto, (max-width: 767px) 89vw, (max-width: 1000px) 54vw, (max-width: 1071px) 543px, 580px\" \/> <\/a><\/span><\/p>\n<style type=\"text\/css\">\n\t<!-- @page { margin: 2cm } H1 { margin-bottom: 0.11cm } H1.western { font-family: \"Arial\", sans-serif; font-size: 16pt } H1.cjk { font-family: \"Arial\"; font-size: 16pt } H1.ctl { font-family: \"Arial\", sans-serif; font-size: 16pt } H2 { margin-bottom: 0.11cm } H2.western { font-family: \"Arial\", sans-serif; font-size: 14pt; font-style: italic } H2.cjk { font-family: \"Arial\"; font-size: 14pt; font-style: italic } H2.ctl { font-family: \"Arial\", sans-serif; font-size: 14pt; font-style: italic } P { margin-bottom: 0.21cm } --><br \/>\t<\/style>\n<p>&nbsp;<\/p>\n<h1 class=\"western\" align=\"CENTER\"><strong><span style=\"font-family: Verdana Bold,sans-serif; color: #800000;\"><span style=\"font-size: 300%;\">Judinna i OS med hakkors p\u00e5 br\u00f6stet<\/span><\/span><\/strong><\/h1>\n<p>&nbsp;<\/p>\n<h2 class=\"western\" align=\"CENTER\"><span style=\"font-family: Verdana Bold Italic,sans-serif; color: #800000;\"><span style=\"font-size: x-large;\">Vilka svenska nyheter slog upp stort, att v\u00e4rldens f\u00f6rsta rymdkvinna fyllde 80 tv\u00e5 dagar f\u00f6re Internationella kvinnodagen?<\/span><\/span><\/h2>\n<p align=\"LEFT\"><span style=\"font-family: Georgia,sans-serif; color: #800000;\"><span style=\"font-size: large;\">Nej \u2013 det f\u00f6rst\u00e5s \u2013 hon var ju ryska. D\u00e5 var det inget att n\u00e4mna.<\/span><\/span><\/p>\n<p style=\"padding-left: 30px;\" align=\"LEFT\"><span style=\"font-family: Georgia,sans-serif; color: #800000;\"><span style=\"font-size: large;\"><i>Valentina Teresjkova<\/i> snurrade 1963 under tv\u00e5 dygn 48 g\u00e5nger runt jorden ensam i en liten bubbla. Det \u00e4r fortfarande den enda rymdf\u00e4rd som genomf\u00f6rts med endast kvinnlig bes\u00e4ttning. I Sverige \u00e4r hon dock antagligen mest k\u00e4nd f\u00f6r avslutningsvinjetten i SVTs <i>Vetenskapens v\u00e4rld,<\/i> d\u00e4r hon syns i en gammal TV-ruta visslande i sin rymdkapsel.<\/span><\/span><\/p>\n<p align=\"LEFT\"><span style=\"font-family: Georgia,sans-serif; color: #800000;\"><span style=\"font-size: large;\">I sin egenskap av kosmonaut var Teresjkova statstj\u00e4nsteman, s\u00e5 kvinna hon var. \u00c4ven vi har kvinnliga statstj\u00e4nstem\u00e4n, ja, kommunala och privata tj\u00e4nstem\u00e4n ocks\u00e5. Det tycker en del j\u00e4mst\u00e4lldhetsivrare \u00e4r rena mulliga mansgriseriet, f\u00f6r kvinnor kan ju inte vara m\u00e4n. H\u00e4n kan de vara, men inte m\u00e4n. I Uppsala kommun har man d\u00e4rf\u00f6r beslutat d\u00f6pa om begreppet tj\u00e4nsteman till \u00bbtj\u00e4nsteperson\u00ab. Tj\u00e4nstekvinnor kunde man ju inte kalla de kvinnliga, ty tj\u00e4nstekvinna \u00e4r n\u00e5got helt annat (sl\u00e5 upp det, vetja).<\/span><\/span><\/p>\n<p style=\"padding-left: 30px;\" align=\"LEFT\"><span style=\"font-family: Georgia,sans-serif; color: #800000;\"><span style=\"font-size: large;\">Notera, att jag skrev \u00bbI Uppsala kommun har man\u00ab\u2026 \u2013 \u00c4r jag d\u00e5 inte, n\u00e4r jag anv\u00e4nder ordet \u00bbman\u00ab, en ren manschauvinist? En del skribenter i pressen anv\u00e4nder f\u00f6rsiktigtvis ordet <i>en<\/i> i st\u00e4llet f\u00f6r <i>man.<\/i> Det kan man (eller en) ju g\u00f6ra, men faktum \u00e4r, att detta pronomen \u2013 man, allts\u00e5 \u2013 inte har med k\u00f6n att g\u00f6ra. Det har germanskt ursprung f\u00f6r n\u00e5got allm\u00e4nt \u00bbblott\u00ab och \u00bbbart\u00ab. N\u00e4r germanerna syftar p\u00e5 en karl, stavar de Mann med tv\u00e5 n.<\/span><\/span><\/p>\n<p align=\"LEFT\"><span style=\"font-family: Georgia,sans-serif; color: #800000;\"><span style=\"font-size: large;\">Men d\u00e5 jamar Uppsala som sina lokala missar:<\/span><\/span><\/p>\n<p style=\"padding-left: 30px;\" align=\"LEFT\"><span style=\"font-family: Georgia,sans-serif; color: #800000;\"><span style=\"font-size: large;\">\u2013 En tj\u00e4nsteman \u00e4r en karl, s\u00e4ger Bill.<\/span><\/span><\/p>\n<p style=\"padding-left: 30px;\" align=\"LEFT\"><span style=\"font-family: Georgia,sans-serif; color: #800000;\"><span style=\"font-size: large;\">\u2013 En man \u00e4r en karl, s\u00e4ger Bull.<\/span><\/span><\/p>\n<p align=\"LEFT\"><span style=\"font-family: Georgia,sans-serif; color: #800000;\"><span style=\"font-size: large;\">S\u00e5 \u00e4r det dock inte. Enligt gamla Bibel\u00f6vers\u00e4ttningar skapade Gud en man och en maninna till sin avbild. En maskulin och en feminin m\u00e4nniska. Man betyder allts\u00e5 egentligen m\u00e4nniska. Hur ska d\u00e5 v\u00e5ra kommuner i framtiden klara av att tala om m\u00e4nniskor, om de tror att m\u00e4n bara betyder karlar? De kan ju inte s\u00e4ga \u00bbkvinniskor\u00ab, d\u00e5 blir kanske karlarna sura. \u00c4n \u00bbh\u00e4nniskor\u00ab, d\u00e5?<\/span><\/span><\/p>\n<p align=\"LEFT\"><span style=\"font-family: Georgia,sans-serif; color: #800000;\"><span style=\"font-size: large;\">Nej, spr\u00e5ket \u00e4r nog korrekt som det \u00e4r. <b>M\u00e4nniska<\/b> syftar p\u00e5 oss alla, och inneh\u00e5ller <i>\u00e5 ena sidan<\/i> ordet <b>man<\/b> och <i>\u00e5 andra sidan<\/i> s\u00e4ger vi <b>hon<\/b> om m\u00e4nniskan.<\/span><\/span><\/p>\n<p align=\"LEFT\"><span style=\"font-family: Georgia,sans-serif; color: #800000;\"><span style=\"font-size: large;\">N\u00e5, Valentina Teresjkova f\u00f6ddes 19 \u00e5r och 352 dagar efter att tsaren st\u00f6rtats. Att det skett framg\u00e5r i huvudstadsdrakarna 1917-03-16. D\u00e5 rapporterar <i>Dagens Nyheter:<\/i><\/span><\/span><\/p>\n<p style=\"padding-left: 30px;\" align=\"LEFT\"><span style=\"font-family: Georgia,sans-serif; color: #800000;\"><span style=\"font-size: large;\"><i>Den stora ryska revolution som sedan \u00e5rtionden f\u00f6reb\u00e5dats, som vid vissa tillf\u00e4llen synts omedelbart f\u00f6rest\u00e5ende, men som dock l\u00e5tit v\u00e4nta p\u00e5 sig s\u00e5 l\u00e4nge att man till sist b\u00f6rjat tvivla p\u00e5 att den n\u00e5gonsin skulle bli verklighet, har allts\u00e5 till sist utbrutit.<\/i><\/span><\/span><\/p>\n<p align=\"LEFT\"><span style=\"font-family: Georgia,sans-serif; color: #800000;\"><span style=\"font-size: large;\"><i>Hufvudstadsbladet<\/i> har samma dag en delvis blank sida, vilket tyder p\u00e5 censur. Men d\u00e4r finns ocks\u00e5 b\u00e5de st\u00f6rre och mindre notiser som denna:<\/span><\/span><\/p>\n<p style=\"padding-left: 30px;\" align=\"LEFT\"><span style=\"font-family: Georgia,sans-serif; color: #800000;\"><span style=\"font-size: large;\"><b>Sm\u00e5nytt fr\u00e5n kriget.<\/b><\/span><\/span><\/p>\n<p style=\"padding-left: 30px;\" align=\"LEFT\"><span style=\"font-family: Georgia,sans-serif; color: #800000;\"><span style=\"font-size: large;\"><b>K\u00f6ttet r\u00e4cker, men potatisen tryter i England.<\/b><\/span><\/span><\/p>\n<p align=\"LEFT\"><span style=\"font-family: Georgia,sans-serif; color: #800000;\"><span style=\"font-size: large;\">Men inte f\u00f6rr\u00e4n man kommer till sista sidan blir det blodigt allvar:<\/span><\/span><\/p>\n<p align=\"CENTER\"><span style=\"color: #800000;\">\u2116 <span style=\"font-family: Georgia,sans-serif;\"><span style=\"font-size: large;\"><b>1 \u2013 Pris 10 p.<\/b><\/span><\/span><\/span><\/p>\n<p align=\"CENTER\"><span style=\"font-family: Georgia,sans-serif; color: #800000;\"><span style=\"font-size: large;\"><b>Extra bilaga till<\/b><\/span><\/span><\/p>\n<p align=\"CENTER\"><span style=\"font-family: Georgia,sans-serif; color: #800000;\"><span style=\"font-size: x-large;\"><b>HUFVUDSTADSBLADET<\/b><\/span><\/span><\/p>\n<p align=\"CENTER\"><span style=\"font-family: Georgia,sans-serif; color: #800000;\"><span style=\"font-size: medium;\"><b>Fredagen den 16 Mars<\/b><\/span><\/span><\/p>\n<p align=\"CENTER\"><span style=\"font-family: Georgia,sans-serif; color: #800000;\"><span style=\"font-size: x-large;\"><b>De senaste dagarnas h\u00e4ndelser.<\/b><\/span><\/span><\/p>\n<p align=\"CENTER\"><span style=\"font-family: Georgia,sans-serif; color: #800000;\"><span style=\"font-size: large;\"><b>Telegram fr\u00e5n Bef\u00e4lhafvaren f\u00f6r \u00d6stersj\u00f6flottan.<\/b><\/span><\/span><\/p>\n<p align=\"CENTER\"><span style=\"font-family: Georgia,sans-serif; color: #800000;\"><span style=\"font-size: medium;\"><b>Till cheferna f\u00f6r de enskilda afdelningarna,<\/b><\/span><\/span><\/p>\n<p align=\"CENTER\"><span style=\"font-family: Georgia,sans-serif; color: #800000;\"><span style=\"font-size: medium;\"><b>af den 3 (16) mars 1917.<\/b><\/span><\/span><\/p>\n<p align=\"CENTER\"><span style=\"color: #800000;\">\u2116 <span style=\"font-family: Georgia,sans-serif;\"><span style=\"font-size: medium;\"><b>283.<\/b><\/span><\/span><\/span><\/p>\n<p style=\"padding-left: 30px; text-align: left;\" align=\"LEFT\"><span style=\"font-family: Georgia,sans-serif; color: #800000;\"><span style=\"font-size: large;\"><i>Jag p\u00e5bjuder att f\u00f6ljande fr\u00e5n den Tempor\u00e4ra Regeringen anl\u00e4nda radiotelegram af denna dags datum skall tillk\u00e4nnagifvas f\u00f6r bes\u00e4ttningarna, befolkningen och arbetarna.<\/i><\/span><\/span><\/p>\n<p align=\"LEFT\"><span style=\"font-family: Georgia,sans-serif; color: #800000;\"><span style=\"font-size: large;\">P\u00e5 n\u00e4stan en helsida redog\u00f6r den tillf\u00e4lliga regering (som just st\u00f6rtat kejsaren) f\u00f6r vad som h\u00e4nt; om milit\u00e4ra f\u00f6rbands demonstrationer till st\u00f6d f\u00f6r det upproriska parlamentet <i>(duman),<\/i> om \u00bbj\u00e4sning bland trupperna och befolkningen\u00ab vilken antagit \u00bben ytterst orov\u00e4ckande karakt\u00e4r\u00ab, om anarki men ocks\u00e5 om en \u00f6verenskommelse med \u00bbarbetardeputerade\u00ab som<\/span><\/span><\/p>\n<p style=\"padding-left: 30px;\" align=\"LEFT\"><span style=\"font-family: Georgia,sans-serif; color: #800000;\"><span style=\"font-size: large;\"><i>st\u00e4ller i utsikt ett definitivt upph\u00f6rande af de sorgliga f\u00f6reteelserna p\u00e5 hufvudstadens gator, hvilka skarpt f\u00f6rd\u00f6mts i ett af arbetarnas R\u00e5d utf\u00e4rdadt upprop.<\/i><\/span><\/span><\/p>\n<p align=\"LEFT\"><span style=\"font-family: Georgia,sans-serif; color: #800000;\"><span style=\"font-size: large;\">R\u00e5d heter <i>sovjet<\/i> p\u00e5 ryska.<\/span><\/span><\/p>\n<p align=\"LEFT\"><span style=\"font-family: Georgia,sans-serif; color: #800000;\"><span style=\"font-size: large;\">Egendomligt nog \u00e4r denna revolutionsdag, 16 mars 1917, ocks\u00e5 tio\u00e5rsdagen av de f\u00f6rsta valen till Finlands enkammarlantdag, vilket Hufvudstadsbladet p\u00e5minner om n\u00e5gra sidor innan. Inom den env\u00e4ldiga diktaturen Ryssland hade d\u00e5 <i>s\u00e5v\u00e4l kvinnor som m\u00e4n<\/i> f\u00e5tt allm\u00e4n r\u00f6str\u00e4tt till ett parlament f\u00f6r sig sj\u00e4lva, furstend\u00f6met Finland (det hade varken m\u00e4n eller kvinnor i \u00f6vriga Moder Ryssland eller i gamla Moder Sverige). Men tio\u00e5rsminnet finns det nu anledning att bekymrat begrunda:<\/span><\/span><\/p>\n<p style=\"padding-left: 30px;\" align=\"LEFT\"><span style=\"color: #800000;\">\u2026 <span style=\"font-family: Georgia,sans-serif;\"><span style=\"font-size: large;\"><i>man tvingas att se den tidens lofvande betingelser och stolta f\u00f6resatser mot bakgrunden af det som sedermera timat, mot den verklighet det g\u00e5ngna decenniet haft att bjuda p\u00e5.<\/i><\/span><\/span><\/span><\/p>\n<p align=\"LEFT\"><span style=\"font-family: Georgia,sans-serif; color: #800000;\"><span style=\"font-size: large;\">Forts\u00e4ttning p\u00e5 detta historiska drama kommer i n\u00e4sta kr\u00f6nika. Filmstudion visar hundra \u00e5r efter detta, p\u00e5 torsdag 16 mars 2017, ett annan historiskt drama, som utspelade sig \u00e4nnu nitton \u00e5r senare. I Tyskland hade nazisterna i val f\u00e5tt makten, och det var Berlins tur att 1936 h\u00e5lla de olympiska sommarspelen. En av deras fr\u00e4msta kvinnliga friidrottare, <i>Gretel Bergmann, <\/i>var emellertid judinna och togs inte ut till OS-truppen. Det fick USA att ut\u00f6va p\u00e5tryckningar p\u00e5 Tredje riket\u2026 Om detta handlar den tyska filmen <i>Berlin 36<\/i> (gjord 2009).<\/span><\/span><\/p>\n<p align=\"LEFT\"><span style=\"font-family: Georgia,sans-serif; color: #800000;\"><span style=\"font-size: large;\">Hur gick det sedan f\u00f6r Gretel Bergmann? \u2013 Se det p\u00e5 torsdag p\u00e5 Folkets hus.<\/span><\/span><\/p>\n<p align=\"RIGHT\"><em><span style=\"font-family: Verdana Italic,sans-serif; color: #800000;\"><span style=\"font-size: medium;\">En id\u00e9 i idet av Bj\u00f6rn Forseth<\/span><\/span><\/em><\/p>\n","protected":false},"excerpt":{"rendered":"<p>BERLIN 36 &nbsp; Judinna i OS med hakkors p\u00e5 br\u00f6stet &nbsp; Vilka svenska nyheter slog upp stort, att v\u00e4rldens f\u00f6rsta rymdkvinna fyllde 80 tv\u00e5 dagar f\u00f6re Internationella kvinnodagen? Nej \u2013 det f\u00f6rst\u00e5s \u2013 hon var ju ryska. D\u00e5 var det inget att n\u00e4mna. Valentina Teresjkova snurrade 1963 under tv\u00e5 dygn 48 g\u00e5nger runt jorden ensam &hellip; <\/p>\n<p class=\"link-more\"><a href=\"https:\/\/forseth.se\/?p=293\" class=\"more-link\">Forts\u00e4tt l\u00e4sa<span class=\"screen-reader-text\"> \u201dJudinna i OS med hakkors p\u00e5 br\u00f6stet\u201d<\/span><\/a><\/p>\n","protected":false},"author":1,"featured_media":0,"comment_status":"closed","ping_status":"closed","sticky":false,"template":"","format":"standard","meta":{"footnotes":""},"categories":[1],"tags":[],"class_list":["post-293","post","type-post","status-publish","format-standard","hentry","category-uncategorized"],"_links":{"self":[{"href":"https:\/\/forseth.se\/index.php?rest_route=\/wp\/v2\/posts\/293","targetHints":{"allow":["GET"]}}],"collection":[{"href":"https:\/\/forseth.se\/index.php?rest_route=\/wp\/v2\/posts"}],"about":[{"href":"https:\/\/forseth.se\/index.php?rest_route=\/wp\/v2\/types\/post"}],"author":[{"embeddable":true,"href":"https:\/\/forseth.se\/index.php?rest_route=\/wp\/v2\/users\/1"}],"replies":[{"embeddable":true,"href":"https:\/\/forseth.se\/index.php?rest_route=%2Fwp%2Fv2%2Fcomments&post=293"}],"version-history":[{"count":7,"href":"https:\/\/forseth.se\/index.php?rest_route=\/wp\/v2\/posts\/293\/revisions"}],"predecessor-version":[{"id":301,"href":"https:\/\/forseth.se\/index.php?rest_route=\/wp\/v2\/posts\/293\/revisions\/301"}],"wp:attachment":[{"href":"https:\/\/forseth.se\/index.php?rest_route=%2Fwp%2Fv2%2Fmedia&parent=293"}],"wp:term":[{"taxonomy":"category","embeddable":true,"href":"https:\/\/forseth.se\/index.php?rest_route=%2Fwp%2Fv2%2Fcategories&post=293"},{"taxonomy":"post_tag","embeddable":true,"href":"https:\/\/forseth.se\/index.php?rest_route=%2Fwp%2Fv2%2Ftags&post=293"}],"curies":[{"name":"wp","href":"https:\/\/api.w.org\/{rel}","templated":true}]}}