{"id":656,"date":"2017-04-25T16:24:19","date_gmt":"2017-04-25T14:24:19","guid":{"rendered":"https:\/\/forseth.se\/idet\/?p=656"},"modified":"2017-04-25T16:26:14","modified_gmt":"2017-04-25T14:26:14","slug":"klaner-och-tronstrider","status":"publish","type":"post","link":"https:\/\/forseth.se\/?p=656","title":{"rendered":"Klaner och tronstrider"},"content":{"rendered":"<p style=\"text-align: center;\"><span style=\"color: #800000;\">KLANEN<\/span><\/p>\n<p style=\"text-align: center;\"><span style=\"color: #800000;\"><a style=\"color: #800000;\" href=\"https:\/\/forseth.se\/idet\/wp-content\/uploads\/2017\/04\/Klanen.jpg\"><img loading=\"lazy\" decoding=\"async\" class=\"aligncenter size-full wp-image-657\" src=\"https:\/\/forseth.se\/idet\/wp-content\/uploads\/2017\/04\/Klanen.jpg\" alt=\"\" width=\"1044\" height=\"587\" srcset=\"https:\/\/forseth.se\/wp-content\/uploads\/2017\/04\/Klanen.jpg 1044w, https:\/\/forseth.se\/wp-content\/uploads\/2017\/04\/Klanen-300x169.jpg 300w, https:\/\/forseth.se\/wp-content\/uploads\/2017\/04\/Klanen-768x432.jpg 768w, https:\/\/forseth.se\/wp-content\/uploads\/2017\/04\/Klanen-1024x576.jpg 1024w\" sizes=\"auto, (max-width: 767px) 89vw, (max-width: 1000px) 54vw, (max-width: 1071px) 543px, 580px\" \/><\/a><\/span><\/p>\n<p style=\"text-align: center;\">\n<style type=\"text\/css\">\n\t<!-- @page { margin: 2cm } H1 { margin-bottom: 0.11cm } H1.western { font-family: \"Arial\", sans-serif; font-size: 16pt } H1.cjk { font-family: \"Arial\"; font-size: 16pt } H1.ctl { font-family: \"Arial\", sans-serif; font-size: 16pt } H2 { margin-bottom: 0.11cm } H2.western { font-family: \"Arial\", sans-serif; font-size: 14pt; font-style: italic } H2.cjk { font-family: \"Arial\"; font-size: 14pt; font-style: italic } H2.ctl { font-family: \"Arial\", sans-serif; font-size: 14pt; font-style: italic } P { margin-bottom: 0.21cm } --><br \/>\t<\/style>\n<\/p>\n<p>&nbsp;<\/p>\n<h1 class=\"western\" align=\"CENTER\"><span style=\"font-size: 300%;\"><strong><span style=\"font-family: Verdana Bold,sans-serif; color: #800000;\">Klaner och tronstrider<br \/>\n<\/span><\/strong><\/span><\/h1>\n<p>&nbsp;<\/p>\n<p class=\"western\" align=\"CENTER\"><span style=\"font-size: x-large;\"><strong><span style=\"font-family: Verdana Bold Italic,sans-serif; color: #800000;\">\u00bbAtta unsar, \u00feu in himinam\u00ab<\/span><\/strong><\/span><\/p>\n<p align=\"CENTER\"><strong><span style=\"color: #800000;\"><span style=\"font-family: Verdana Bold Italic,sans-serif;\"><span style=\"font-size: x-large;\">\u2013 s\u00e5 b\u00f6rjar Fader v\u00e5r p\u00e5 \u00f6stgotiska.<\/span><\/span><\/span><\/strong><\/p>\n<p align=\"LEFT\"><span style=\"font-family: Georgia,sans-serif; color: #800000; font-size: large;\">Men vad farao \u2013 ska vi h\u00e5lla p\u00e5 med utd\u00f6da spr\u00e5k i filmkr\u00f6nikorna nu?<\/span><\/p>\n<p align=\"LEFT\"><span style=\"font-family: Georgia,sans-serif; color: #800000; font-size: large;\">Det vore v\u00e4l f\u00f6r all del inte det mest ointressanta, men l\u00e5t oss bara l\u00e4gga m\u00e4rke till det f\u00f6rsta ordet: <i>atta. <\/i>Filmanknytningen kommer, v\u00e4nta bara.<\/span><\/p>\n<p align=\"LEFT\"><span style=\"font-family: Georgia,sans-serif; color: #800000; font-size: large;\">Atta \u00e4r allts\u00e5 \u00bbfader\u00ab, n\u00e5gon man kommer ifr\u00e5n. Ordet <i>\u00e4tt<\/i> ligger d\u00e5 n\u00e4ra till hands, f\u00f6r alla kommer vi fr\u00e5n n\u00e5gon \u00e4tt, ett gammalt ord f\u00f6r sl\u00e4ktskap i manligt nedstigande led. Den som l\u00e4st n\u00e5gon isl\u00e4ndsk saga har st\u00f6tt p\u00e5 ordet. Den som l\u00e4st <i>Sagan om ringen<\/i> eller sett <i>Game of thrones<\/i> l\u00e4r ocks\u00e5 ha det. Eller den som l\u00e4st sin svenska historia i skolan. Sturar, Erikar, Bielkar, Natt och Dag \u2013 se d\u00e4r \u00e4tter inblandade i exempelvis <i>h\u00e5tunalekar<\/i> och <i>nyk\u00f6pingska g\u00e4stabud:<\/i> verklighetens Game of thrones.<\/span><\/p>\n<p align=\"LEFT\"><span style=\"font-family: Georgia,sans-serif; color: #800000; font-size: large;\">Ett annat ord f\u00f6r \u00e4tt \u00e4r klan. Det h\u00f6rs mest om skotska \u00e4tter. Eller i onda sammanhang som <i>Ku klux klan.<\/i> Och h\u00e4r kommer filmanknytningen: en film som heter <i>Klanen<\/i> visas p\u00e5 Folkets hus p\u00e5 torsdag den 27 april.<\/span><\/p>\n<p align=\"LEFT\"><span style=\"font-family: Georgia,sans-serif; color: #800000; font-size: large;\">Den klanen har mer likhet med maffia. Argentina har i m\u00e5nga \u00e5r varit en milit\u00e4rdiktatur, och filmen inleds med att den tiden officiellt \u00e4r f\u00f6rbi \u00bboch f\u00e5r inte upprepas\u00ab. I s\u00e5dana monumentala skiften i historien andas befolkningen \u00e4ntligen ut, men d\u00e5 v\u00e4drar ocks\u00e5 fifflarna morgonluft. Fifflarna, som i sl\u00e4ktgrupper konkurrerar med varandra och utvecklar organiserad brottslighet. Maffia. D\u00e4r den egna klanen \u00e4r allt. Vad d\u00e4rut\u00f6ver \u00e4r, \u00e4r fiender.<\/span><\/p>\n<p align=\"LEFT\"><span style=\"font-family: Georgia,sans-serif; color: #800000; font-size: large;\">Den 27 april f\u00f6r hundra \u00e5r sedan r\u00e5dde en liknande situation i Ryssland (och furstend\u00f6met Finland). Vi har i tidigare kr\u00f6nikor sett, att n\u00e4r f\u00e4ngelserna d\u00e5 t\u00f6mdes, slapp inte bara politiska f\u00e5ngar utan \u00e4ven vanliga kriminella l\u00f6sa (och uppmanades sedan allvarligt att g\u00e5 hem till sina finkor och l\u00e5ta sig inl\u00e5sas igen).<\/span><\/p>\n<p align=\"LEFT\"><span style=\"color: #800000;\"><span style=\"font-family: Georgia,sans-serif;\"><span style=\"font-size: large;\">Denna dag skriver <\/span><\/span><span style=\"font-family: Georgia,sans-serif;\"><span style=\"font-size: large;\"><i>Hufvudstadsbladet <\/i><\/span><\/span><span style=\"font-family: Georgia,sans-serif;\"><span style=\"font-size: large;\">om \u00bbj\u00e4sning\u00ab p\u00e5 \u00f6rlogsbasen Kronstadt utanf\u00f6r Petrograd, d\u00e4r bland andra en finsk officer, kapten Almqvist, n\u00e4ra nog lynchats av en folkhop, sedan en prokurator (\u00e5klagare) velat frige officerare som inte belagts med brott. <\/span><\/span><span style=\"font-family: Georgia,sans-serif;\"><span style=\"font-size: large;\"><i>Hopen godk\u00e4nde dock ej prokuratorn Pereversevs f\u00f6rklaringar och <\/i><\/span><\/span><span style=\"font-family: Georgia,sans-serif;\"><span style=\"font-size: large;\"><i>\u201ed\u00f6mde prokuratorn att afr\u00e4ttas\u201d,<\/i><\/span><\/span><span style=\"font-family: Georgia,sans-serif;\"><span style=\"font-size: large;\"> vilket stoppades, men d\u00e5 tog hopen ett par frigivna officerare och <\/span><\/span><span style=\"font-family: Georgia,sans-serif;\"><span style=\"font-size: large;\"><i>sl\u00e4pade dem till Ankartorget \u00a0 f \u00f6 r\u00a0\u00a0 a t t \u00a0 a f r \u00e4 t t a s, <\/i><\/span><\/span><span style=\"font-family: Georgia,sans-serif;\"><span style=\"font-size: large;\">d\u00e4r de redan de f\u00f6rsta revolutionsdagarna nackat 39 officerare.<\/span><\/span><\/span><\/p>\n<p align=\"LEFT\"><span style=\"color: #800000;\"><span style=\"font-family: Georgia,sans-serif;\"><span style=\"font-size: large;\">Jojo, <\/span><\/span><span style=\"font-family: Georgia,sans-serif;\"><span style=\"font-size: large;\">d\u00e4r i Kronstadt gjorde de som under franska revolutionen:<\/span><\/span><span style=\"font-family: Georgia,sans-serif;\"><span style=\"font-size: large;\"> \u00bbh\u00f6gg huvudet av adelsm\u00e4nnen som limpskivor\u00ab, f\u00f6r att tala med <\/span><\/span><span style=\"font-family: Georgia,sans-serif;\"><span style=\"font-size: large;\"><i>Hans Alfredsson.<\/i><\/span><\/span><\/span><\/p>\n<p align=\"LEFT\"><span style=\"color: #800000;\"><span style=\"font-family: Georgia,sans-serif;\"><span style=\"font-size: large;\">Inne i staden, ber\u00e4ttas <\/span><\/span><span style=\"font-family: Georgia,sans-serif;\"><span style=\"font-size: large;\"><i>enskildt till Svenska Dagbladet,<\/i><\/span><\/span><span style=\"font-family: Georgia,sans-serif;\"><span style=\"font-size: large;\"> att<\/span><\/span><\/span><\/p>\n<p style=\"padding-left: 30px;\" align=\"LEFT\"><span style=\"color: #800000; font-size: large;\"><i><b><span style=\"font-family: Georgia,sans-serif;\">milisen i s\u00f6ndags m\u00e4rkte en p\u00e5 gatorna i Petrograd f\u00f6rsigg\u00e5ende agitation i syfte att anordna en fientlig demonstration mot F\u00f6renta Staterna.<\/span><\/b><\/i><\/span><\/p>\n<p style=\"padding-left: 30px;\" align=\"LEFT\"><span style=\"color: #800000;\"><i><b><span style=\"font-family: Georgia,sans-serif;\"><span style=\"font-size: large;\">Lenins anh\u00e4ngare s\u00f6ka st\u00e4lla till oroligheter<\/span><\/span><\/b><span style=\"font-family: Georgia,sans-serif;\"><span style=\"font-size: large;\">,<\/span><\/span><\/i><span style=\"font-family: Georgia,sans-serif;\"><span style=\"font-size: large;\"> lyder ingressen denna den 27 april 1917.<\/span><\/span><\/span><\/p>\n<p align=\"LEFT\"><span style=\"font-family: Georgia,sans-serif; color: #800000; font-size: large;\">Varf\u00f6r denna avoghet mot USA, som nyss g\u00e5tt in i kriget p\u00e5 Rysslands sida? Jo:<\/span><\/p>\n<p style=\"padding-left: 30px;\" align=\"LEFT\"><span style=\"font-family: Georgia,sans-serif; color: #800000; font-size: large;\"><i><b>Af talarnas andraganden framgick att de omfatta Lenins l\u00f6sen \u201dfred till hvarje pris\u201d.<\/b><\/i><\/span><\/p>\n<p align=\"LEFT\"><span style=\"font-family: Georgia,sans-serif; color: #800000; font-size: large;\">\u00c5terigen framtr\u00e4der den stora skiljelinjen i revolutionen mellan dem, som vill forts\u00e4tta Det Stora Kriget och dem, som vill sluta separatfred med Tyskland, f\u00f6r att kriget inte \u00e4r folkets krig. Under tiden sitter hela \u00bbstackars\u00ab familjen <i>Romanov<\/i> (den st\u00f6rtade tsaren med fru och barn) f\u00e5ngna i Tsarskoje Selo, vilket SvD \u00e4gnar ansenlig spaltl\u00e4ngd.<\/span><\/p>\n<p align=\"LEFT\"><span style=\"font-family: Georgia,sans-serif; color: #800000; font-size: large;\">Den, som vill f\u00f6rdjupa sig i dagens rysk-ukrainska konflikt, kan fundera p\u00e5 betydelsen av ett upprop av ukrainare till \u00bbstorryssarna\u00ab 1917-04-27 (f\u00f6r sin l\u00e4ngds skull \u00e5terges uppropet efter den h\u00e4r kr\u00f6nikan \u2013 ett d\u00e4ri f\u00f6rekommande stavfel finns redan i originalet).<\/span><\/p>\n<p style=\"padding-left: 30px;\" align=\"LEFT\"><span style=\"font-family: Georgia,sans-serif; color: #800000; font-size: large;\">Det kan d\u00e5 kanske vara bra att veta, att i \u00e4ldre svenska kallades ukrainare <i>lillryssar,<\/i> vilket kanske p\u00e5verkat formuleringarna i det h\u00e4r uppropet.<\/span><\/p>\n<p align=\"LEFT\"><span style=\"font-family: Georgia,sans-serif; color: #800000; font-size: large;\">N\u00e4r man d\u00e5 insett, att inget \u00e4r nytt under solen, kan man ta sig till Folkets hus f\u00f6r att se Klanen den 27 april klockan 19.<\/span><\/p>\n<p align=\"RIGHT\"><span style=\"font-size: medium;\"><em><span style=\"font-family: Verdana Italic,sans-serif; color: #800000;\">En id\u00e9 i idet av Bj\u00f6rn Forseth<\/span><\/em><\/span><\/p>\n<p align=\"CENTER\"><span style=\"font-family: Georgia,sans-serif; color: #800000; font-size: xx-large;\"><b>Ett upprop af ukrainare<\/b><\/span><\/p>\n<p align=\"CENTER\"><span style=\"font-family: Georgia,sans-serif; color: #800000; font-size: xx-large;\"><b>i Helsingfors.<\/b><\/span><\/p>\n<p align=\"CENTER\"><strong><span style=\"color: #800000;\">\u2013\u2013\u2013<\/span><\/strong><\/p>\n<p style=\"padding-left: 30px;\" align=\"LEFT\"><span style=\"font-family: Georgia,sans-serif; color: #800000; font-size: large;\"><i><b> I \u201eIsvestija\u201d, det h\u00e4r utkomande ryska organet, ing\u00e5r ett s\u00e5 lydande upprop.<\/b><\/i><\/span><\/p>\n<p style=\"padding-left: 30px;\" align=\"LEFT\"><span style=\"font-family: Georgia,sans-serif; color: #800000; font-size: large;\"><i><b> S\u00f6ner af det stora Ryssland, kamrater, s t o r r y s s a r!<\/b><\/i><\/span><\/p>\n<p style=\"padding-left: 30px;\" align=\"LEFT\"><span style=\"font-family: Georgia,sans-serif; color: #800000; font-size: large;\"><i><b> Sedan de h\u00e4r boende ukrainarna organiserat sig f\u00f6r att dryfta v\u00e5ra nationella sp\u00f6rsm\u00e5l, begynte allehanda mot oss or\u00e4ttvisa rykten komma i omlopp, hvilka sakna all grund ooh voro egnade att v\u00e4cka misstro mot oss. Ukraina, som \u00e5stundar autonomi, men icke vill l\u00f6sg\u00f6ra sig fr\u00e5n den stora ryska republiken, str\u00e4fvar med alla krafter d\u00e4rh\u00e4n, att v\u00e5ra nationaliteter under sin utveckling och frihet i kulturellt afseende blefve s\u00e5 fast f\u00f6renade genom \u00f6msesidig v\u00e4nskap, att ingen makt och fara kunde n\u00e5gonsin \u00e5tskilja dem, hvaraf ett f\u00f6rsvarande af det stora fria Ryssland blefve en f\u00f6ljd. D\u00e4rf\u00f6r bedja vi samtliga ukrainare Eder, v\u00e5ra kamrater-storryssar, vara fullt solidariska med oss. Alla uppdiktade rykten \u00e4ro falska och utspridas af provokat\u00f6rer, hvilka begagna sig af tillf\u00e4llet och vilja emellan oss, de tv\u00e5 stora folken, storryssar och ukrainare, uts\u00e5 split i syfte att undergr\u00e4fva v\u00e5r makt i den gemensamma kampen f\u00f6r den dyrbara friheten. Vi skola med Eder betr\u00e4da den v\u00e4g, som v\u00e5rt stora fria Ryssland bjuder.<\/b><\/i><\/span><\/p>\n<p style=\"padding-left: 30px;\" align=\"LEFT\"><span style=\"font-family: Georgia,sans-serif; color: #800000; font-size: large;\"><i><b> Lefve broderskapet, j\u00e4mlikheten, enigheten och v\u00e4nskapen mellan samtliga folk i den stora ryska demokratiska federativa republiken!<\/b><\/i><\/span><\/p>\n<p style=\"padding-left: 30px;\" align=\"LEFT\"><span style=\"font-family: Georgia,sans-serif; color: #800000; font-size: large;\"><i><b> Ordf\u00f6randen f\u00f6r den ukrainska \u201eradan&#8221; (centralorganisationen) i Helsingfors.<\/b><\/i><\/span><\/p>\n<p align=\"RIGHT\"><span style=\"font-family: Georgia,sans-serif; color: #800000; font-size: large;\"><i><b>K o s t j u k.<\/b><\/i><\/span><\/p>\n<p align=\"RIGHT\"><span style=\"font-family: Georgia,sans-serif; color: #800000; font-size: large;\"><i><b>Sekreteraren Saljvicky.<\/b><\/i><\/span><\/p>\n<p align=\"CENTER\"><span style=\"font-family: Georgia,sans-serif; color: #800000; font-size: large;\">(Hufvudstadsbladet, 1917-04-27)<\/span><\/p>\n","protected":false},"excerpt":{"rendered":"<p>KLANEN &nbsp; Klaner och tronstrider &nbsp; \u00bbAtta unsar, \u00feu in himinam\u00ab \u2013 s\u00e5 b\u00f6rjar Fader v\u00e5r p\u00e5 \u00f6stgotiska. Men vad farao \u2013 ska vi h\u00e5lla p\u00e5 med utd\u00f6da spr\u00e5k i filmkr\u00f6nikorna nu? Det vore v\u00e4l f\u00f6r all del inte det mest ointressanta, men l\u00e5t oss bara l\u00e4gga m\u00e4rke till det f\u00f6rsta ordet: atta. Filmanknytningen kommer, &hellip; <\/p>\n<p class=\"link-more\"><a href=\"https:\/\/forseth.se\/?p=656\" class=\"more-link\">Forts\u00e4tt l\u00e4sa<span class=\"screen-reader-text\"> \u201dKlaner och tronstrider\u201d<\/span><\/a><\/p>\n","protected":false},"author":1,"featured_media":0,"comment_status":"closed","ping_status":"closed","sticky":false,"template":"","format":"standard","meta":{"footnotes":""},"categories":[1],"tags":[],"class_list":["post-656","post","type-post","status-publish","format-standard","hentry","category-uncategorized"],"_links":{"self":[{"href":"https:\/\/forseth.se\/index.php?rest_route=\/wp\/v2\/posts\/656","targetHints":{"allow":["GET"]}}],"collection":[{"href":"https:\/\/forseth.se\/index.php?rest_route=\/wp\/v2\/posts"}],"about":[{"href":"https:\/\/forseth.se\/index.php?rest_route=\/wp\/v2\/types\/post"}],"author":[{"embeddable":true,"href":"https:\/\/forseth.se\/index.php?rest_route=\/wp\/v2\/users\/1"}],"replies":[{"embeddable":true,"href":"https:\/\/forseth.se\/index.php?rest_route=%2Fwp%2Fv2%2Fcomments&post=656"}],"version-history":[{"count":3,"href":"https:\/\/forseth.se\/index.php?rest_route=\/wp\/v2\/posts\/656\/revisions"}],"predecessor-version":[{"id":660,"href":"https:\/\/forseth.se\/index.php?rest_route=\/wp\/v2\/posts\/656\/revisions\/660"}],"wp:attachment":[{"href":"https:\/\/forseth.se\/index.php?rest_route=%2Fwp%2Fv2%2Fmedia&parent=656"}],"wp:term":[{"taxonomy":"category","embeddable":true,"href":"https:\/\/forseth.se\/index.php?rest_route=%2Fwp%2Fv2%2Fcategories&post=656"},{"taxonomy":"post_tag","embeddable":true,"href":"https:\/\/forseth.se\/index.php?rest_route=%2Fwp%2Fv2%2Ftags&post=656"}],"curies":[{"name":"wp","href":"https:\/\/api.w.org\/{rel}","templated":true}]}}