{"id":697,"date":"2017-05-09T17:11:54","date_gmt":"2017-05-09T15:11:54","guid":{"rendered":"https:\/\/forseth.se\/idet\/?p=697"},"modified":"2017-05-09T17:20:25","modified_gmt":"2017-05-09T15:20:25","slug":"697","status":"publish","type":"post","link":"https:\/\/forseth.se\/?p=697","title":{"rendered":"Brev i en flaska  \u2013 fr\u00e5n P\u2026"},"content":{"rendered":"<p style=\"text-align: center;\"><span style=\"color: #800000;\">FLASKPOST FR\u00c5N P<\/span><\/p>\n<p style=\"text-align: center;\"><span style=\"color: #800000;\"><a style=\"color: #800000;\" href=\"https:\/\/forseth.se\/idet\/wp-content\/uploads\/2017\/05\/Flaskpost-fraan-P.jpeg\"><img loading=\"lazy\" decoding=\"async\" class=\"aligncenter size-full wp-image-698\" src=\"https:\/\/forseth.se\/idet\/wp-content\/uploads\/2017\/05\/Flaskpost-fraan-P.jpeg\" alt=\"\" width=\"1447\" height=\"1080\" srcset=\"https:\/\/forseth.se\/wp-content\/uploads\/2017\/05\/Flaskpost-fraan-P.jpeg 1447w, https:\/\/forseth.se\/wp-content\/uploads\/2017\/05\/Flaskpost-fraan-P-300x224.jpeg 300w, https:\/\/forseth.se\/wp-content\/uploads\/2017\/05\/Flaskpost-fraan-P-768x573.jpeg 768w, https:\/\/forseth.se\/wp-content\/uploads\/2017\/05\/Flaskpost-fraan-P-1024x764.jpeg 1024w\" sizes=\"auto, (max-width: 767px) 89vw, (max-width: 1000px) 54vw, (max-width: 1071px) 543px, 580px\" \/> <\/a><\/span><\/p>\n<p style=\"text-align: center;\">\n<style type=\"text\/css\">\n\t<!-- @page { margin: 2cm } P { margin-bottom: 0.21cm } --><br \/>\t<\/style>\n<\/p>\n<p>&nbsp;<\/p>\n<p lang=\"sv-SE\" align=\"CENTER\"><span style=\"color: #800000; font-size: 300%;\"><span style=\"font-family: HelveticaNeue-Bold;\"><b>Brev i en flaska<\/b><\/span><\/span><\/p>\n<p lang=\"sv-SE\" align=\"CENTER\"><span style=\"color: #800000; font-size: 300%;\"><span style=\"font-family: HelveticaNeue-Bold;\"><b>\u2013 fr\u00e5n P\u2026<\/b><\/span><\/span><\/p>\n<p align=\"CENTER\"><span style=\"color: #800000; font-size: large;\"><span style=\"font-family: Georgia-BoldItalic,cursive;\"><i><b><span lang=\"sv-SE\">N\u00e4r Trump valdes till president, gav en kille i mitt bastug\u00e4ng honom ett \u00e5r att leva.<\/span><\/b><\/i><\/span><\/span><\/p>\n<p lang=\"sv-SE\" align=\"LEFT\"><span style=\"color: #800000; font-size: large;\"><span style=\"font-family: Georgia,serif;\">I mitt husorgan ber\u00e4ttades h\u00e4rom dagen, att denne herr <i>Donald <\/i><i>Trump<\/i> kan t\u00e4nka sig att tr\u00e4ffa herr <i>Kim Jong Un.<\/i><\/span><\/span><\/p>\n<p lang=\"sv-SE\" align=\"LEFT\"><span style=\"color: #800000; font-size: large;\"><span style=\"font-family: Georgia,serif;\"><span lang=\"sv-SE\">Vi \u00e4r m\u00e5nga som \u00e4r bekymrade \u00f6ver till synes ober\u00e4kneliga ledare p\u00e5 b\u00e4gge h\u00e5llen, men jag t\u00e4nker, att man aldrig vet, vem som blir den riktiga fredsm\u00e4klaren. Vem hade trott, att kommunistj\u00e4garen <\/span><span lang=\"sv-SE\"><i>Nixon<\/i><\/span><span lang=\"sv-SE\"> skulle \u00f6ppna diplomatiska f\u00f6rbindelser med Kina?<\/span><\/span><\/span><\/p>\n<p lang=\"sv-SE\" align=\"LEFT\"><span style=\"color: #800000; font-size: large;\"><span style=\"font-family: Georgia,serif;\"><span lang=\"sv-SE\">Trumps attityd \u00e4r en sak, men just hans motvilja till att \u00bbvara PK\u00ab skulle kunna vara till f\u00f6rdel och ta honom till Nordkorea. Vem vet, vad det skulle kunna leda till?<\/span><\/span><\/span><\/p>\n<p lang=\"sv-SE\" align=\"LEFT\"><span style=\"color: #800000; font-size: large;\"><span style=\"font-family: Georgia,serif;\"><span lang=\"sv-SE\">Skulle det \u2013 fantasi- och f\u00f6rhoppningsfullt \u2013 leda till att F\u00f6renta staterna sl\u00f6t fred med Nordkorea i st\u00e4llet f\u00f6r att forts\u00e4tta femtio \u00e5r till med detta eviga vapenstillest\u00e5nd fr\u00e5n 1953 \u2013 d\u00e5 kanske det bleve Trumps d\u00f6d i ett attentat. Han gillar ju inte utrikespolitik utan vill g\u00f6ra aff\u00e4rer och g\u00e5 sin egen v\u00e4g \u2013 men kan man det i hans st\u00e4llning? <\/span><span lang=\"sv-SE\"><i>Eisenhower<\/i><\/span><span lang=\"sv-SE\"> varnade vid sin avg\u00e5ng som president f\u00f6r \u00bbdet milit\u00e4rindustriella komplexet\u00ab (som kanske var det, som fick Trump att krama avtryckaren i Syrien nyligen, fast han hade sagt att han inte skulle h\u00e5lla p\u00e5 med s\u00e5dant).<\/span><\/span><\/span><\/p>\n<p lang=\"sv-SE\" align=\"LEFT\"><span style=\"color: #800000; font-size: large;\"><span style=\"font-family: Georgia,serif;\"><span lang=\"sv-SE\">N\u00e5, vi f\u00e5r se. P\u00e5 torsdag \u00e4r det den 11 maj och det blir visst bra skidv\u00e4der. Men p\u00e5 kv\u00e4llen visar filmstudion en dansk deckare p\u00e5 Folkets hus. D\u00e5 l\u00e4r det kramas avtryckare. Det blir tredje filmen efter tredje boken av <\/span><span lang=\"sv-SE\"><i>Jussi Adler-Olsen<\/i><\/span><span lang=\"sv-SE\"> om den buttre kommissarien som inte ville ha n\u00e5gon \u00bbsvartskalle\u00ab som st\u00e4dhj\u00e4lp men fick just en s\u00e5dan. Som hade huvudet p\u00e5 skaft och naturligtvis kom att bli ena delen i ett radarpar med kommissarien (fast just dennes i b\u00f6rjan nedl\u00e5tande syn p\u00e5 invandrare har strukits i filmatiseringen \u2013 kanske f\u00f6r att hans tankar skulle vara sv\u00e5ra att uttrycka i bild?). I denna tredje bok och film kommer en ny och ytterst egen person att bli best\u00e5ende p\u00e5 avdelningen. De som l\u00e4st b\u00f6ckerna vet, att filmen m\u00e5ste heta <\/span><span lang=\"sv-SE\"><i>Flaskpost fr\u00e5n P.<\/i><\/span><\/span><\/span><\/p>\n<p lang=\"sv-SE\" align=\"LEFT\"><span style=\"color: #800000; font-size: large;\"><span style=\"font-family: Georgia,serif;\"><span lang=\"sv-SE\">Gick det deckare p\u00e5 stumfilmsbio f\u00f6r hundra \u00e5r sedan? Jo, minsann. Enligt <\/span><span lang=\"sv-SE\"><i>Svenska Dagbladet<\/i><\/span><span lang=\"sv-SE\"> samma datum som \u00bbFlaskpost fr\u00e5n P\u00ab visas men \u00e5r 1917 g\u00e5r p\u00e5 Royal i Stockholm ett \u00bbKriminellt sensationsdrama i 4 akter\u00ab som heter <\/span><span lang=\"sv-SE\"><i>Gr\u00f6na rummet<\/i><\/span><span lang=\"sv-SE\"> och f\u00e5r sitt dramatiska ljud fr\u00e5n \u00bbRoyals charmanta solistkapell\u00ab. Alla f\u00f6rest\u00e4llningar \u00e4r uts\u00e5lda.<\/span><\/span><\/span><\/p>\n<p lang=\"sv-SE\" align=\"LEFT\"><span style=\"color: #800000; font-size: large;\"><span style=\"font-family: Georgia,serif;\"><span lang=\"sv-SE\">P\u00e5 Kaleva Biografteater p\u00e5 Karelskagatan 7 i Viborg visas samma dag <\/span><span lang=\"sv-SE\"><i>\u00d6dets son,<\/i><\/span><span lang=\"sv-SE\"> drama i 5 delar:<\/span><\/span><\/span><\/p>\n<p lang=\"sv-SE\" style=\"padding-left: 30px;\" align=\"LEFT\"><span style=\"color: #800000; font-size: large;\"><span style=\"font-family: Georgia,serif;\"><span lang=\"sv-SE\"><i><b>Den vackra zigenarflickan Ayla har f\u00f6dt ett barn, hvars far ej \u00e4r zigenare. Detta \u00e4r ett s\u00e5dant brott, som ej kan f\u00f6rl\u00e5tas och Aylas fader f\u00f6rbannar sin dotter och drifver henne bort fr\u00e5n stammen<\/b><\/i><\/span><span lang=\"sv-SE\"> [\u2026] <\/span><span lang=\"sv-SE\"><i><b>Samtidigt f\u00f6rlorar grefvinnan Julie sin ende son, men tillf\u00e4llet leder henne till parken, d\u00e4r Ayla l\u00e4mnar sitt barn.<\/b><\/i><\/span><span lang=\"sv-SE\"> [\u2026]<\/span><\/span><\/span><\/p>\n<p lang=\"sv-SE\" align=\"LEFT\"><span style=\"color: #800000; font-size: large;\"><span style=\"font-family: Georgia,serif;\"><span lang=\"sv-SE\">D\u00e4refter visas humoresken <\/span><span lang=\"sv-SE\"><i>Den ih\u00e4rdige banar sig v\u00e4g<\/i><\/span><span lang=\"sv-SE\"> eller <\/span><span lang=\"sv-SE\"><i>Kalle som sk\u00e5despelare.<\/i><\/span><span lang=\"sv-SE\"> \u00bbObs! Orkestermusik.\u00ab<\/span><\/span><\/span><\/p>\n<p lang=\"sv-SE\" align=\"LEFT\"><span style=\"color: #800000; font-size: large;\"><span style=\"font-family: Georgia,serif;\"><span lang=\"sv-SE\">S\u00e5dana h\u00e4r \u00bbofta tarfliga och smakl\u00f6sa sk\u00e4mtfilmer\u00ab ogillar \u00bbSvenska folkskolans v\u00e4nner\u00ab, som i en skrivelse till folkskole\u00f6fverstyrelsen f\u00f6r att v\u00e4rna barnen vill ha censur \u00e4ven p\u00e5 biografreklamen (notera, att film kallas \u00bbbild\u00ab som i finska <\/span><span lang=\"sv-SE\"><i>elokuva<\/i><\/span><span lang=\"sv-SE\"> \u2013 levande bild):<\/span><\/span><\/span><\/p>\n<p lang=\"sv-SE\" style=\"padding-left: 30px;\" align=\"LEFT\"><span style=\"color: #800000; font-size: large;\"><span style=\"font-family: Georgia,serif;\"><i><b>De v\u00e4xlande reklambilder, som biograferna begagna sig af s\u00e5som lockbete till sina f\u00f6rest\u00e4llningar, \u00e4ro ofta synnerligen rafflande och osmakliga. Hvad censuren klippt bort af filmen anv\u00e4ndes ej s\u00e4llan s\u00e5som skylt f\u00f6r densamma. P\u00e5 vissa unga sinnen ut\u00f6fva s\u00e5dana bilder en alltf\u00f6r stark lockelse eller nervretning. Dessutom verka de i h\u00f6g grad st\u00f6tande f\u00f6r allt hvad god smak heter.<\/b><\/i><\/span><\/span><\/p>\n<p lang=\"sv-SE\" align=\"LEFT\"><span style=\"color: #800000; font-size: large;\"><span style=\"font-family: Georgia,serif;\"><span lang=\"sv-SE\">Livet g\u00e5r allts\u00e5 sin gilla g\u00e5ng i revolutionens f\u00f6re detta kejsard\u00f6me. Men i samma tidning som bioannonsen och censur\u00f6nskan ovan <\/span><span lang=\"sv-SE\"><i>(Wiborgs Nyheter <\/i><\/span><span lang=\"sv-SE\">1917-05-11) kan vi f\u00f6rutse dagens Sannfinl\u00e4ndare (ett par feltryck har jag r\u00e4ttat):<\/span><\/span><\/span><\/p>\n<p lang=\"sv-SE\" style=\"padding-left: 30px;\" align=\"LEFT\"><span style=\"color: #800000; font-size: large;\"><span style=\"font-family: Georgia,serif;\"><span lang=\"sv-SE\"><i><b>Gammalfinnarnes spr\u00e5kliga f\u00f6rtrycksprogram mot de svensktalande har naturligtvis v\u00e4ckt synnerlig f\u00f6rtjusning i Viipuri. En herre, som signerar sig Y-\u00f6 K-a, jubilerar under rubriken <\/b><\/i><\/span><span style=\"font-family: Georgia,sans-serif;\"><span lang=\"sv-SE\"><i><b>\u009f\u201e<\/b><\/i><\/span><\/span><span lang=\"sv-SE\"><i><b>Taistelu on jatkettava<\/b><\/i><\/span><span style=\"font-family: Georgia,sans-serif;\"><span lang=\"sv-SE\"><i><b>\u201c<\/b><\/i><\/span><\/span><i><b> <\/b><\/i><span lang=\"sv-SE\"><i><b>i g\u00e5rdagens nummer \u00f6fver de beslut, som fattats i spr\u00e5kfr\u00e5gan vid partidagen och prisar suometarianerna som det enda parti, hvilket drifvit nationalismens sak. <\/b><\/i><\/span><span lang=\"sv-SE\">[\u2026] <\/span><span lang=\"sv-SE\"><i><b>Hr Y-\u00f6 K-a gl\u00e4der sig \u00e4n vidare \u00f6fver, att saken nu f\u00e5tt den v\u00e4ndningen att den aggressiva svenskheten nu eftertr\u00e4dts af en \u201eaggressiv finskhet<\/b><\/i><\/span><span style=\"font-family: Georgia,sans-serif;\"><span lang=\"sv-SE\"><i><b>\u201c<\/b><\/i><\/span><\/span><span lang=\"sv-SE\"><i><b> (hy\u00f6kk\u00e4\u00e4v\u00e4 suomalaisuus).<\/b><\/i><\/span><\/span><\/span><\/p>\n<p lang=\"sv-SE\" align=\"LEFT\"><span style=\"color: #800000; font-size: large;\"><span style=\"font-family: Georgia,serif;\">\u00c4r allts\u00e5 allt frid och fr\u00f6jd med revolutionen? I den finska pressen ser det ut s\u00e5, men denna dag 1917-05-11 ses i Svenska Dagbladet rubriker som<\/span><\/span><\/p>\n<p lang=\"sv-SE\" align=\"CENTER\"><span style=\"color: #800000; font-size: large;\"><span style=\"font-family: Georgia,serif;\"><i><b>General Kartzoff m\u00f6rdad p\u00e5 \u00f6ppen gata.<\/b><\/i><\/span><\/span><\/p>\n<p lang=\"sv-SE\" align=\"CENTER\"><span style=\"color: #800000; font-size: large;\"><span style=\"font-family: Georgia,serif;\"><i><b>G\u00e4rningsmannen ej att s\u00f6ka inom arm\u00e9n, f\u00f6rklara soldaterna.<\/b><\/i><\/span><\/span><\/p>\n<p lang=\"sv-SE\" align=\"CENTER\">\u2013 \u2013 \u2013<\/p>\n<p lang=\"sv-SE\" align=\"CENTER\"><span style=\"color: #800000; font-size: large;\"><span style=\"font-family: Georgia,serif;\"><i><b>Oroligheter p\u00e5 gatorna i Moskva.<\/b><\/i><\/span><\/span><\/p>\n<p lang=\"sv-SE\" align=\"CENTER\"><span style=\"color: #800000; font-size: large;\"><span style=\"font-family: Georgia,serif;\"><i><b>En folkhop kr\u00e4fver tsard\u00f6mets \u00e5terst\u00e4llande.<\/b><\/i><\/span><\/span><\/p>\n<p lang=\"sv-SE\" align=\"LEFT\"><span style=\"color: #800000; font-size: large;\"><span style=\"font-family: Georgia,serif;\">Engelska <i>Morning Post<\/i> sammanfattar (\u00e5tergivet i Wiborgs Nyheter) l\u00e4get i Ryssland med, att<\/span><\/span><\/p>\n<p lang=\"sv-SE\" style=\"padding-left: 30px;\" align=\"LEFT\"><span style=\"color: #800000; font-size: large;\"><span style=\"font-family: Georgia,serif;\"><i><b>Utanf\u00f6r Petrograd utg\u00f6r kriget fortfarande det dagliga lifvets hufvudsakliga inneh\u00e5ll. <\/b><\/i>[\u2026]<i><b> Under tiden \u00e4ro hufvudstadens folkmassor f\u00f6rn\u00e4mligast sysselsatta med att demonstrera sin gl\u00e4dje \u00f6fver den vunna friheten. Men r\u00f6ster b\u00f6rja f\u00f6rnimmas, att f\u00f6rh\u00e5llandena ingalunda f\u00f6rb\u00e4ttrats under de g\u00e5ngna veckorna; och hvad den personliga s\u00e4kerheten betr\u00e4ffar \u00e4r denna nu mindre \u00e4n n\u00e5gonsin. De f\u00e4ngelser som icke \u00f6delagts, l\u00e4ra vara \u00f6fverbefolkade af den gamla regimens \u00e4mbetsm\u00e4n och folkets fiender. Tjufvar, gripna p\u00e5 bar g\u00e4rning, slippa undan med att det stulna tas ifr\u00e5n dem och en varning af de nya myndighetspersonerna. Korruptionen tillv\u00e4xer. \u00c4fven ifriga beundrare af friheten, s\u00e5dan den gestaltar sig i Ryssland, inse att man f\u00e5tt f\u00f6r mycket \u00e4fven af detta goda.<\/b><\/i><\/span><\/span><\/p>\n<p lang=\"sv-SE\" align=\"LEFT\"><span style=\"color: #800000; font-size: large;\"><span style=\"font-family: Georgia,serif;\">Detta med utl\u00e4ndska \u00f6gon sett. Interimsregeringens chef <i>Kerenskij<\/i> rapporteras \u00e5terkommen fr\u00e5n Reval (gammelsvenska f\u00f6r Tallinn) s\u00e4ga:<\/span><\/span><\/p>\n<p lang=\"sv-SE\" style=\"padding-left: 30px;\" align=\"LEFT\"><span style=\"color: #800000; font-size: large;\"><span style=\"font-family: Georgia,serif;\"><i><b>M\u00e5let med min resa var att unders\u00f6ka tillst\u00e5ndet vid den ryska \u00f6stersj\u00f6flottan samt s\u00f6ka utr\u00f6na hvilken st\u00e4mning som var r\u00e5dande bland befolkningen i Estland. De slutsatser till hvilka jag kommit \u00e4ro de mest optimistiska. Hela flottan befinner sig i ett utm\u00e4rkt skick och \u00e4r fullt stridsf\u00e4rdig. Dess m\u00e4n inse fullkomligt det allvarliga i situationen och det ansvar som hvilar p\u00e5 dem samt \u00e4ro beslutna att f\u00f6rsvara sitt fosterland till det yttersta. De rykten som varit i omlopp r\u00f6rande bristande disciplin vid \u00d6stersj\u00f6flottan \u00e4ro fullst\u00e4ndigt utan grund.<\/b><\/i><\/span><\/span><\/p>\n<p lang=\"sv-SE\" align=\"RIGHT\"><span style=\"color: #800000; font-size: large;\"><span style=\"font-family: Georgia,serif;\">(Wiborgs Nyheter 1917-05-11)<\/span><\/span><\/p>\n<p lang=\"sv-SE\" align=\"LEFT\"><span style=\"color: #800000; font-size: large;\"><span style=\"font-family: Georgia,serif;\">Detta mots\u00e4gs dock av de h\u00e4ndelser som l\u00e5g till grund f\u00f6r <i>Sergej Eisensteins<\/i> film <i>Pansarkrysssaren Potemkin<\/i> (1925), som filmstudion visade h\u00e4rom \u00e5ret p\u00e5 f\u00f6rsta maj. \u00c5 andra sidan h\u00e4nde de i Svarta havsflottan.<\/span><\/span><\/p>\n<p lang=\"sv-SE\" align=\"LEFT\"><span style=\"color: #800000; font-size: large;\"><span style=\"font-family: Georgia,serif;\">Men p\u00e5 torsdag ska vi se, om filmatiseringarna av Adler-Olsens bokserie h\u00e5ller fortsatt kvalitet. Kommissarie M\u00f8rck <i>(Nikolaj Lie Kaas)<\/i> och assistent Assad (v\u00e5r egen <i>Fares Fares)<\/i> ser i ett av de gamla fall, som de just ska avskriva, uppgifter om en repad flaska, som i \u00e5tta \u00e5r st\u00e5tt p\u00e5 en f\u00f6nsterkarm i en skotsk polisstation utan att n\u00e5gon lagt m\u00e4rke till, att den inneh\u00f6ll ett brev d\u00e4r det stod \u00bbhj\u00e4lp!\u00ab\u2026<\/span><\/span><\/p>\n<p align=\"RIGHT\"><span style=\"font-family: ACaslonPro-Italic,cursive; color: #800000; font-size: x-large;\"><i>En id\u00e9 i idet fr\u00e5n Bj\u00f6rn Forseth<\/i><\/span><\/p>\n","protected":false},"excerpt":{"rendered":"<p>FLASKPOST FR\u00c5N P &nbsp; Brev i en flaska \u2013 fr\u00e5n P\u2026 N\u00e4r Trump valdes till president, gav en kille i mitt bastug\u00e4ng honom ett \u00e5r att leva. I mitt husorgan ber\u00e4ttades h\u00e4rom dagen, att denne herr Donald Trump kan t\u00e4nka sig att tr\u00e4ffa herr Kim Jong Un. Vi \u00e4r m\u00e5nga som \u00e4r bekymrade \u00f6ver till &hellip; <\/p>\n<p class=\"link-more\"><a href=\"https:\/\/forseth.se\/?p=697\" class=\"more-link\">Forts\u00e4tt l\u00e4sa<span class=\"screen-reader-text\"> \u201dBrev i en flaska  \u2013 fr\u00e5n P\u2026\u201d<\/span><\/a><\/p>\n","protected":false},"author":1,"featured_media":0,"comment_status":"closed","ping_status":"closed","sticky":false,"template":"","format":"standard","meta":{"footnotes":""},"categories":[1],"tags":[],"class_list":["post-697","post","type-post","status-publish","format-standard","hentry","category-uncategorized"],"_links":{"self":[{"href":"https:\/\/forseth.se\/index.php?rest_route=\/wp\/v2\/posts\/697","targetHints":{"allow":["GET"]}}],"collection":[{"href":"https:\/\/forseth.se\/index.php?rest_route=\/wp\/v2\/posts"}],"about":[{"href":"https:\/\/forseth.se\/index.php?rest_route=\/wp\/v2\/types\/post"}],"author":[{"embeddable":true,"href":"https:\/\/forseth.se\/index.php?rest_route=\/wp\/v2\/users\/1"}],"replies":[{"embeddable":true,"href":"https:\/\/forseth.se\/index.php?rest_route=%2Fwp%2Fv2%2Fcomments&post=697"}],"version-history":[{"count":4,"href":"https:\/\/forseth.se\/index.php?rest_route=\/wp\/v2\/posts\/697\/revisions"}],"predecessor-version":[{"id":702,"href":"https:\/\/forseth.se\/index.php?rest_route=\/wp\/v2\/posts\/697\/revisions\/702"}],"wp:attachment":[{"href":"https:\/\/forseth.se\/index.php?rest_route=%2Fwp%2Fv2%2Fmedia&parent=697"}],"wp:term":[{"taxonomy":"category","embeddable":true,"href":"https:\/\/forseth.se\/index.php?rest_route=%2Fwp%2Fv2%2Fcategories&post=697"},{"taxonomy":"post_tag","embeddable":true,"href":"https:\/\/forseth.se\/index.php?rest_route=%2Fwp%2Fv2%2Ftags&post=697"}],"curies":[{"name":"wp","href":"https:\/\/api.w.org\/{rel}","templated":true}]}}