{"id":738,"date":"2017-05-23T01:31:45","date_gmt":"2017-05-22T23:31:45","guid":{"rendered":"https:\/\/forseth.se\/idet\/?p=738"},"modified":"2017-05-23T01:33:40","modified_gmt":"2017-05-22T23:33:40","slug":"galarslavar-forr-och-nu","status":"publish","type":"post","link":"https:\/\/forseth.se\/?p=738","title":{"rendered":"Gal\u00e4rslavar f\u00f6rr och nu"},"content":{"rendered":"<p style=\"text-align: center;\">BEN-HUR<\/p>\n<p style=\"text-align: center;\"><a href=\"https:\/\/forseth.se\/idet\/wp-content\/uploads\/2017\/05\/Ben-Hur-Charlton-Heston.jpg\"><img loading=\"lazy\" decoding=\"async\" class=\"aligncenter size-full wp-image-739\" src=\"https:\/\/forseth.se\/idet\/wp-content\/uploads\/2017\/05\/Ben-Hur-Charlton-Heston.jpg\" alt=\"\" width=\"1024\" height=\"536\" srcset=\"https:\/\/forseth.se\/wp-content\/uploads\/2017\/05\/Ben-Hur-Charlton-Heston.jpg 1024w, https:\/\/forseth.se\/wp-content\/uploads\/2017\/05\/Ben-Hur-Charlton-Heston-300x157.jpg 300w, https:\/\/forseth.se\/wp-content\/uploads\/2017\/05\/Ben-Hur-Charlton-Heston-768x402.jpg 768w\" sizes=\"auto, (max-width: 767px) 89vw, (max-width: 1000px) 54vw, (max-width: 1071px) 543px, 580px\" \/><\/a><\/p>\n<p style=\"text-align: center;\">\n<style type=\"text\/css\">\n\t<!-- @page { margin: 2cm } P { margin-bottom: 0.21cm } --><br \/>\t<\/style>\n<\/p>\n<p align=\"CENTER\"><span style=\"color: #800000; font-size: 300%;\"><span style=\"font-family: Baskerville,serif;\">Gal\u00e4rslavar f\u00f6rr och nu<\/span><\/span><\/p>\n<p>&nbsp;<\/p>\n<p align=\"CENTER\"><span style=\"color: #800000; font-size: x-large;\"><span style=\"font-family: Arial-Black,sans-serif;\"><b>En film som inte visas.<\/b><\/span><\/span><\/p>\n<p><span style=\"color: #800000;\"><span style=\"font-family: Georgia,serif;\"><span style=\"font-size: medium;\">S\u00e5 har d\u00e5 utredningen mot <\/span><\/span><span style=\"font-family: Georgia-Italic,cursive;\"><span style=\"font-size: medium;\"><i>Julian Assange<\/i><\/span><\/span><span style=\"font-family: Georgia,serif;\"><span style=\"font-size: medium;\"> lagts ned. Efter sju \u00e5r. Nog luktar det svensk r\u00e4ttsskandal. Visserligen har han sig sj\u00e4lv att skylla i och med att han inte inst\u00e4llde sig i r\u00e4tten f\u00f6r att bedyra sin oskuld i v\u00e5ldt\u00e4ktsm\u00e5let. Men han fruktade att det svenska r\u00e4ttsv\u00e4sendet skulle utl\u00e4mna honom till F\u00f6renta staterna, d\u00e4r han v\u00e4l skulle kunna r\u00e5ka mycket v\u00e4rre ut \u00e4n <\/span><\/span><span style=\"font-family: Georgia-Italic,cursive;\"><span style=\"font-size: medium;\"><i>Bradley Manning,<\/i><\/span><\/span><span style=\"font-family: Georgia,serif;\"><span style=\"font-size: medium;\"> som under nytt namn nu ben\u00e5dats.<\/span><\/span><\/span><\/p>\n<p><span style=\"color: #800000;\"><span style=\"font-family: Georgia,serif;\"><span style=\"font-size: medium;\">Assange litade allts\u00e5 inte p\u00e5 det svenska r\u00e4ttsv\u00e4sendet. Har vi d\u00e5 ett korrumperat r\u00e4ttsv\u00e4sen? Sj\u00e4lv har jag, efter att n\u00e5gra g\u00e5nger ha sett hur den svenske\/a \u00e4mbetsmannen ser till lagen, stor respekt f\u00f6r \u00e4mbetsmannaseden. Land ska med lag byggas, och \u00e4mbetsmannen ska bara f\u00f6lja den. Svenska ministrar f\u00e5r inte l\u00e4gga sig i \u00e4mbetsm\u00e4nnens v\u00e4rv, f\u00f6r det vore <\/span><\/span><span style=\"font-family: Georgia-Italic,cursive;\"><span style=\"font-size: medium;\"><i>ministerstyre<\/i><\/span><\/span><span style=\"font-family: Georgia,serif;\"><span style=\"font-size: medium;\"> och olagligt. S\u00e5 vad hade Assange att frukta? F\u00e4llande dom f\u00f6r n\u00e5got han inte gjort och iv\u00e4gs\u00e4ndning till landet utan \u00e5terv\u00e4ndo?<\/span><\/span><\/span><\/p>\n<p><span style=\"color: #800000; font-size: medium;\"><span style=\"font-family: Georgia,serif;\">Det skulle vara osvenskt. V\u00e4l?<\/span><\/span><\/p>\n<p><span style=\"color: #800000; font-size: medium;\"><span style=\"font-family: Georgia,serif;\">Men d\u00e5 t\u00e4nker den minnesgode p\u00e5 den g\u00e5ngen, d\u00e5 tv\u00e5 svenska egyptier av svensk polis p\u00e5 USAs anmodan greps och genom en bakgrind i st\u00e4ngslet f\u00f6rdes till Bromma flygplats, d\u00e4r ett litet flygplan till\u00e4ts landa och utan tullkontroller ta ombord de b\u00e4gge m\u00e4nnen, som bakbundna fick huvor dragna \u00f6ver skallarna, kl\u00e4derna s\u00f6nderklippta och stolpiller instuckna i sina bakar. Och sedan fl\u00f6gs till Egypten f\u00f6r att torteras.<\/span><\/span><\/p>\n<p><span style=\"color: #800000;\"><span style=\"font-family: Georgia,serif;\"><span style=\"font-size: medium;\">Gjorde \u00c4mbetsmannasverige detta? Nja, Sverige gjorde det \u2013 men en \u00e4mbetsman (polis) l\u00e4ckte om \u00f6vergreppet, s\u00e5 att vi andra fick reda p\u00e5 det. Det var <\/span><\/span><span style=\"font-family: Georgia-Italic,cursive;\"><span style=\"font-size: medium;\"><i>Anna Lind<\/i><\/span><\/span><span style=\"font-family: Georgia,serif;\"><span style=\"font-size: medium;\"> och den regering hon var utrikesminister i, som beordrade detta i Sverige s\u00e5 ot\u00e4nkbara och s\u00e5 r\u00e4ttsvidriga. Fick n\u00e5gon sota f\u00f6r det? L\u00e4saren vet svaret.<\/span><\/span><\/span><\/p>\n<p><span style=\"color: #800000; font-size: medium;\"><span style=\"font-family: Georgia,serif;\">Men i och med detta kunde en samh\u00e4llsorienterad person som Julian Assange inte lita p\u00e5, att inte ocks\u00e5 hans kl\u00e4der skulle komma att klippas s\u00f6nder och en huva tr\u00e4s \u00f6ver hans skalle medan n\u00e5gon amerikansk hand stack in ett stolpiller i hans r\u00f6v.<\/span><\/span><\/p>\n<p><span style=\"color: #800000; font-size: medium;\"><span style=\"font-family: Georgia,serif;\">Kommer Sveriges rykte som r\u00e4ttsstat n\u00e5gonsin att \u00e5terh\u00e4mta sig efter detta?<\/span><\/span><\/p>\n<p><span style=\"color: #800000;\"><span style=\"font-family: Georgia,serif;\"><span style=\"font-size: medium;\">Assange var m\u00f6jligen en f\u00e4hund mot kvinnor i Stockholm, men han ville inte bli gal\u00e4rslav som <\/span><\/span><span style=\"font-family: Georgia-Italic,cursive;\"><span style=\"font-size: medium;\"><i>Ben-Hur.<\/i><\/span><\/span><span style=\"font-family: Georgia,serif;\"><span style=\"font-size: medium;\"> Historien om \u00e4dlingen Ben-Hur p\u00e5 Jesu tid skulle filmstudion visa p\u00e5 Kristi himmelsf\u00e4rds dag den 25 maj \u2013 om intresse funnes. Det gjorde det visst inte. Kanske v\u00e5rk\u00e4nslorna \u00e4r starkare nu \u00e4n \u00f6nskan att g\u00e5 p\u00e5 bio p\u00e5 en ledig dag. D\u00e4rf\u00f6r st\u00e4lls denna episka och \u00e4nnu sev\u00e4rda version (fr\u00e5n 1959) efter generalmajor <\/span><\/span><span style=\"font-family: Georgia-Italic,cursive;\"><span style=\"font-size: medium;\"><i>Lew Wallaces<\/i><\/span><\/span><span style=\"font-family: Georgia,serif;\"><span style=\"font-size: medium;\"> roman in.<\/span><\/span><\/span><\/p>\n<p style=\"padding-left: 30px;\"><span style=\"color: #800000;\"><span style=\"font-family: Georgia,serif;\"><span style=\"font-size: medium;\">F\u00f6r \u00f6vrigt noterar jag, att <\/span><\/span><span style=\"font-family: Georgia-Italic,cursive;\"><span style=\"font-size: medium;\"><i>Donald Trumps<\/i><\/span><\/span><span style=\"font-family: Georgia,serif;\"><span style=\"font-size: medium;\"> hustru inte beh\u00f6vde ta seden dit hon kom (till Saudi-Arabien, n\u00e4rmare best\u00e4mt) och ha h\u00e5ret skylt. Det l\u00f6nar sig att ha ihop det med chefen f\u00f6r stormakt A.<\/span><\/span><\/span><\/p>\n<p style=\"padding-left: 30px;\"><span style=\"color: #800000;\"><span style=\"font-family: Georgia,serif;\"><span style=\"font-size: medium;\">Och i stormakt B hundra \u00e5r f\u00f6re den dag d\u00e5 Ben-Hur skulle ha visats \u00e4r det inte mycket mer sp\u00e4nnande \u00e4n att en ny flagga efter revolutionen diskuteras. Interimsregeringen ser dock ej <\/span><\/span><span style=\"font-family: Georgia-Italic,cursive;\"><span style=\"font-size: medium;\"><i>n\u00e5gra hinder mot att tillsvidare den hittillsvarande tref\u00e4rgade riksflaggan hissas n\u00e4r anledning till flaggning f\u00f6religger. (Hufvudstadsbladet<\/i><\/span><\/span><span style=\"font-family: Georgia,serif;\"><span style=\"font-size: medium;\"> 1917-05-25.)<\/span><\/span><\/span><\/p>\n<p align=\"RIGHT\"><span style=\"font-family: Arial-ItalicMT,sans-serif; color: #800000; font-size: medium;\"><i>En id\u00e9 i idet av Bj\u00f6rn Forseth<\/i><\/span><\/p>\n","protected":false},"excerpt":{"rendered":"<p>BEN-HUR Gal\u00e4rslavar f\u00f6rr och nu &nbsp; En film som inte visas. S\u00e5 har d\u00e5 utredningen mot Julian Assange lagts ned. Efter sju \u00e5r. Nog luktar det svensk r\u00e4ttsskandal. Visserligen har han sig sj\u00e4lv att skylla i och med att han inte inst\u00e4llde sig i r\u00e4tten f\u00f6r att bedyra sin oskuld i v\u00e5ldt\u00e4ktsm\u00e5let. Men han fruktade &hellip; <\/p>\n<p class=\"link-more\"><a href=\"https:\/\/forseth.se\/?p=738\" class=\"more-link\">Forts\u00e4tt l\u00e4sa<span class=\"screen-reader-text\"> \u201dGal\u00e4rslavar f\u00f6rr och nu\u201d<\/span><\/a><\/p>\n","protected":false},"author":1,"featured_media":0,"comment_status":"closed","ping_status":"closed","sticky":false,"template":"","format":"standard","meta":{"footnotes":""},"categories":[1],"tags":[],"class_list":["post-738","post","type-post","status-publish","format-standard","hentry","category-uncategorized"],"_links":{"self":[{"href":"https:\/\/forseth.se\/index.php?rest_route=\/wp\/v2\/posts\/738","targetHints":{"allow":["GET"]}}],"collection":[{"href":"https:\/\/forseth.se\/index.php?rest_route=\/wp\/v2\/posts"}],"about":[{"href":"https:\/\/forseth.se\/index.php?rest_route=\/wp\/v2\/types\/post"}],"author":[{"embeddable":true,"href":"https:\/\/forseth.se\/index.php?rest_route=\/wp\/v2\/users\/1"}],"replies":[{"embeddable":true,"href":"https:\/\/forseth.se\/index.php?rest_route=%2Fwp%2Fv2%2Fcomments&post=738"}],"version-history":[{"count":4,"href":"https:\/\/forseth.se\/index.php?rest_route=\/wp\/v2\/posts\/738\/revisions"}],"predecessor-version":[{"id":743,"href":"https:\/\/forseth.se\/index.php?rest_route=\/wp\/v2\/posts\/738\/revisions\/743"}],"wp:attachment":[{"href":"https:\/\/forseth.se\/index.php?rest_route=%2Fwp%2Fv2%2Fmedia&parent=738"}],"wp:term":[{"taxonomy":"category","embeddable":true,"href":"https:\/\/forseth.se\/index.php?rest_route=%2Fwp%2Fv2%2Fcategories&post=738"},{"taxonomy":"post_tag","embeddable":true,"href":"https:\/\/forseth.se\/index.php?rest_route=%2Fwp%2Fv2%2Ftags&post=738"}],"curies":[{"name":"wp","href":"https:\/\/api.w.org\/{rel}","templated":true}]}}