{"id":753,"date":"2017-08-28T23:41:03","date_gmt":"2017-08-28T21:41:03","guid":{"rendered":"https:\/\/forseth.se\/idet\/?p=753"},"modified":"2017-08-28T23:52:39","modified_gmt":"2017-08-28T21:52:39","slug":"dunkirk-copenhagen","status":"publish","type":"post","link":"https:\/\/forseth.se\/?p=753","title":{"rendered":"Dunkirk, Copenhagen"},"content":{"rendered":"<p style=\"text-align: center;\"><span style=\"color: #993300;\">DUNKIRK<\/span><\/p>\n<style type=\"text\/css\">\n\t<!-- @page { margin: 2cm } H1 { margin-bottom: 0.11cm } H1.western { font-family: \"Arial\", sans-serif; font-size: 16pt } H1.cjk { font-family: \"Arial\"; font-size: 16pt } H1.ctl { font-family: \"Arial\", sans-serif; font-size: 16pt } H2 { margin-bottom: 0.11cm } H2.western { font-family: \"Arial\", sans-serif; font-size: 14pt; font-style: italic } H2.cjk { font-family: \"Arial\"; font-size: 14pt; font-style: italic } H2.ctl { font-family: \"Arial\", sans-serif; font-size: 14pt; font-style: italic } P { margin-bottom: 0.21cm } --><br \/>\t<\/style>\n<p><a href=\"https:\/\/forseth.se\/idet\/wp-content\/uploads\/2017\/08\/Dunkirk-affisch-fransk-1.jpg\"><img loading=\"lazy\" decoding=\"async\" class=\"aligncenter size-full wp-image-758\" src=\"https:\/\/forseth.se\/idet\/wp-content\/uploads\/2017\/08\/Dunkirk-affisch-fransk-1.jpg\" alt=\"\" width=\"1199\" height=\"1600\" srcset=\"https:\/\/forseth.se\/wp-content\/uploads\/2017\/08\/Dunkirk-affisch-fransk-1.jpg 1199w, https:\/\/forseth.se\/wp-content\/uploads\/2017\/08\/Dunkirk-affisch-fransk-1-225x300.jpg 225w, https:\/\/forseth.se\/wp-content\/uploads\/2017\/08\/Dunkirk-affisch-fransk-1-768x1025.jpg 768w, https:\/\/forseth.se\/wp-content\/uploads\/2017\/08\/Dunkirk-affisch-fransk-1-767x1024.jpg 767w\" sizes=\"auto, (max-width: 767px) 89vw, (max-width: 1000px) 54vw, (max-width: 1071px) 543px, 580px\" \/><\/a><\/p>\n<p>&nbsp;<\/p>\n<h1 class=\"western\" align=\"CENTER\"><span style=\"font-size: 300%;\"><strong><span style=\"font-family: Verdana Bold,sans-serif; color: #993300;\">Dunkirk, Copenhagen<\/span><\/strong><\/span><\/h1>\n<p>&nbsp;<\/p>\n<h2 class=\"western\" align=\"CENTER\"><span style=\"font-size: x-large;\"><strong><span style=\"font-family: Verdana Bold Italic,sans-serif; color: #993300;\">Sommarens \u00bbstorfilm\u00ab var en krigsfilm. Inte om Syrien eller Afghanistan utan om det outslitliga andra v\u00e4rldskriget.<\/span><\/strong><\/span><\/h2>\n<p align=\"LEFT\"><span style=\"font-family: Georgia,sans-serif; color: #993300; font-size: large;\">Jag ska inte sl\u00f6sa ord p\u00e5 <i>Christopher Nolans<\/i> film <i>Dunkirk,<\/i> gjord i \u00e5r och visad i somras. Den har redan rosats, och jag rosar den ocks\u00e5. Den \u00e4r en bra, realistisk och trov\u00e4rdig skildring av den fantastiska evakueringen av brittiska arm\u00e9n fr\u00e5n Frankrike 1940.<\/span><\/p>\n<p align=\"LEFT\"><span style=\"font-family: Georgia,sans-serif; color: #993300; font-size: large;\">Men f\u00f6r mig k\u00e4ndes den som \u00bbinte n\u00f6dv\u00e4ndig\u00ab. Historien hade redan f\u00f6rtj\u00e4nstfullt skildrats av <i>Leslie Norman<\/i> i brittiska <i>Dunkerque &#8211; helvetesstranden<\/i> (1958) och s\u00e4rskilt (som jag minns det) i <i>Henri Verneuils<\/i> franska <i>Flykten fr\u00e5n Dunkerque<\/i> (1964). Varf\u00f6r en ny version 2017, varf\u00f6r just nu? \u2013 Onekligen l\u00e4gligt, n\u00e4r nu Nato g\u00f6r vad de kan f\u00f6r att bli popul\u00e4ra.<\/span><\/p>\n<p align=\"LEFT\"><span style=\"font-family: Georgia,sans-serif; color: #993300; font-size: large;\">Det m\u00e5 vara konspiratoriskt t\u00e4nkt i \u00f6verkant. Jag tar upp det n\u00e4rmast p\u00e5 grund av filmens titel. Biografbolagen bryr sig inte om spr\u00e5kv\u00e5rd, det vore l\u00f6nl\u00f6st att f\u00e5 dem att t\u00e4nka p\u00e5 s\u00e5dant. De n\u00f6jer sig med befintliga affischer och p\u00e5verkar d\u00e4rmed svensk ungdom till okunnighet (precis som biobes\u00f6karna 1998 itutades att Bibelns plats f\u00f6r den sista striden inte hette <b>Harmagedon<\/b> utan <i>Armageddon<\/i> efter en hollywoodrulle). Den franska stad, d\u00e4r den historiska h\u00e4ndelsen \u00e4gde rum, heter ju inte Dunkirk utan <b>Dunkerque<\/b>. Det \u00e4r inget att diskutera, man kan inte v\u00e4lja att stava namnet p\u00e5 en stad som man vill. N\u00e4r jag var barn skrev man H\u00e4lsingborg, idag vore det en felstavning. Men varje spr\u00e5k kan ha sitt s\u00e4tt att skriva andra l\u00e4nders ortnamn p\u00e5, och det \u00e4r helt normalt. Vi skriver Nya Zeeland och Moskva, britterna New Zealand och Moscow. Och de skriver Dunkirk. Helt okej! Men p\u00e5 svenska har det aldrig funnits n\u00e5gon annan stavning p\u00e5 den orten \u00e4n fransm\u00e4nnens egen: Dunkerque.<\/span><\/p>\n<p align=\"LEFT\"><span style=\"font-family: Georgia,sans-serif; color: #993300; font-size: large;\">Det var titeln, allts\u00e5. D\u00e4r kan inte \u00f6vers\u00e4ttaren r\u00e5 p\u00e5 filmdistribut\u00f6ren. Jag hade dock v\u00e4ntat mig, att den som svensktextat filmen hade stavat r\u00e4tt i undertexterna. Men det hade hon inte. Det stod Dunkirk hela filmen igenom. Detta \u00e4r exempel p\u00e5 okunnighet, ty en \u00f6vers\u00e4ttare ska inte \u00f6vers\u00e4tta ord f\u00f6r ord utan att ta reda p\u00e5 fakta. Nu kommer en hel generation svenska ungdomar att tro, att den franska staden stavas s\u00e5 som i denna film. T\u00e4nk om en engelsk film hade handlat om den danska motst\u00e5ndsr\u00f6relsen mot nazisterna. Skulle svensk publik acceptera att K\u00f6penhamn hela tiden kallades Copenhagen i undertexterna?<\/span><\/p>\n<p align=\"LEFT\"><span style=\"font-family: Georgia,sans-serif; color: #993300; font-size: large;\">Detta, go\u2019v\u00e4nner, var s\u00e4songens f\u00f6rsta klagol\u00e5t! En liten uppv\u00e4rmning inf\u00f6r kr\u00f6nikorna till h\u00f6stens filmer hos Kiruna filmstudio. Den f\u00f6rsta kommer ju n\u00e4sta torsdag, den sjunde september.<\/span><\/p>\n<p align=\"RIGHT\"><span style=\"font-size: medium; color: #993300;\"><em><span style=\"font-family: Verdana Italic,sans-serif;\">En id\u00e9 i idet av Bj\u00f6rn Forseth<\/span><\/em><\/span><\/p>\n","protected":false},"excerpt":{"rendered":"<p>DUNKIRK &nbsp; Dunkirk, Copenhagen &nbsp; Sommarens \u00bbstorfilm\u00ab var en krigsfilm. Inte om Syrien eller Afghanistan utan om det outslitliga andra v\u00e4rldskriget. Jag ska inte sl\u00f6sa ord p\u00e5 Christopher Nolans film Dunkirk, gjord i \u00e5r och visad i somras. Den har redan rosats, och jag rosar den ocks\u00e5. Den \u00e4r en bra, realistisk och trov\u00e4rdig skildring &hellip; <\/p>\n<p class=\"link-more\"><a href=\"https:\/\/forseth.se\/?p=753\" class=\"more-link\">Forts\u00e4tt l\u00e4sa<span class=\"screen-reader-text\"> \u201dDunkirk, Copenhagen\u201d<\/span><\/a><\/p>\n","protected":false},"author":1,"featured_media":0,"comment_status":"closed","ping_status":"closed","sticky":false,"template":"","format":"standard","meta":{"footnotes":""},"categories":[1],"tags":[],"class_list":["post-753","post","type-post","status-publish","format-standard","hentry","category-uncategorized"],"_links":{"self":[{"href":"https:\/\/forseth.se\/index.php?rest_route=\/wp\/v2\/posts\/753","targetHints":{"allow":["GET"]}}],"collection":[{"href":"https:\/\/forseth.se\/index.php?rest_route=\/wp\/v2\/posts"}],"about":[{"href":"https:\/\/forseth.se\/index.php?rest_route=\/wp\/v2\/types\/post"}],"author":[{"embeddable":true,"href":"https:\/\/forseth.se\/index.php?rest_route=\/wp\/v2\/users\/1"}],"replies":[{"embeddable":true,"href":"https:\/\/forseth.se\/index.php?rest_route=%2Fwp%2Fv2%2Fcomments&post=753"}],"version-history":[{"count":5,"href":"https:\/\/forseth.se\/index.php?rest_route=\/wp\/v2\/posts\/753\/revisions"}],"predecessor-version":[{"id":759,"href":"https:\/\/forseth.se\/index.php?rest_route=\/wp\/v2\/posts\/753\/revisions\/759"}],"wp:attachment":[{"href":"https:\/\/forseth.se\/index.php?rest_route=%2Fwp%2Fv2%2Fmedia&parent=753"}],"wp:term":[{"taxonomy":"category","embeddable":true,"href":"https:\/\/forseth.se\/index.php?rest_route=%2Fwp%2Fv2%2Fcategories&post=753"},{"taxonomy":"post_tag","embeddable":true,"href":"https:\/\/forseth.se\/index.php?rest_route=%2Fwp%2Fv2%2Ftags&post=753"}],"curies":[{"name":"wp","href":"https:\/\/api.w.org\/{rel}","templated":true}]}}