{"id":775,"date":"2017-09-19T12:25:12","date_gmt":"2017-09-19T10:25:12","guid":{"rendered":"https:\/\/forseth.se\/idet\/?p=775"},"modified":"2017-09-19T12:26:50","modified_gmt":"2017-09-19T10:26:50","slug":"en-sensation","status":"publish","type":"post","link":"https:\/\/forseth.se\/?p=775","title":{"rendered":"En sensation"},"content":{"rendered":"<p style=\"text-align: center;\"><span style=\"color: #800000;\">CITIZEN SCHEIN<\/span><\/p>\n<p style=\"text-align: center;\"><span style=\"color: #800000;\"><a href=\"https:\/\/forseth.se\/idet\/wp-content\/uploads\/2017\/09\/Citizen-Schein.jpeg\"><img loading=\"lazy\" decoding=\"async\" class=\"aligncenter size-full wp-image-776\" src=\"https:\/\/forseth.se\/idet\/wp-content\/uploads\/2017\/09\/Citizen-Schein.jpeg\" alt=\"\" width=\"1000\" height=\"680\" srcset=\"https:\/\/forseth.se\/wp-content\/uploads\/2017\/09\/Citizen-Schein.jpeg 1000w, https:\/\/forseth.se\/wp-content\/uploads\/2017\/09\/Citizen-Schein-300x204.jpeg 300w, https:\/\/forseth.se\/wp-content\/uploads\/2017\/09\/Citizen-Schein-768x522.jpeg 768w\" sizes=\"auto, (max-width: 767px) 89vw, (max-width: 1000px) 54vw, (max-width: 1071px) 543px, 580px\" \/><\/a><\/span><\/p>\n<style type=\"text\/css\">\n\t<!-- @page { margin: 2cm } H1 { margin-bottom: 0.11cm } H1.western { font-family: \"Arial\", sans-serif; font-size: 16pt } H1.cjk { font-family: \"Arial\"; font-size: 16pt } H1.ctl { font-family: \"Arial\", sans-serif; font-size: 16pt } H2 { margin-bottom: 0.11cm } H2.western { font-family: \"Arial\", sans-serif; font-size: 14pt; font-style: italic } H2.cjk { font-family: \"Arial\"; font-size: 14pt; font-style: italic } H2.ctl { font-family: \"Arial\", sans-serif; font-size: 14pt; font-style: italic } P { margin-bottom: 0.21cm } --><br \/>\t<\/style>\n<p>&nbsp;<\/p>\n<h1 class=\"western\" align=\"CENTER\"><span style=\"font-size: 300%;\"><strong><span style=\"font-family: Verdana Bold,sans-serif; color: #800000;\">En sensation<\/span><\/strong><\/span><\/h1>\n<p>&nbsp;<\/p>\n<h2 class=\"western\" align=\"CENTER\"><span style=\"font-size: x-large;\"><em><strong><span style=\"font-family: Verdana Bold Italic,sans-serif; color: #800000;\"><span style=\"font-family: Verdana Bold,sans-serif;\">S\u00e5 hette en f\u00f6r sin tid sensationell film, men man h\u00f6r aldrig titeln n\u00e4mnas. Varf\u00f6r?<\/span><\/span><\/strong><\/em><\/span><\/h2>\n<p align=\"LEFT\"><span style=\"font-family: Georgia,sans-serif; color: #800000; font-size: large;\">Det var underbarnet <i>Orson Welles,<\/i> som 1941 tog v\u00e4rlden med storm med denna film, och i original hette den <i>Citizen Kane<\/i> (medborgare Kane).<\/span><\/p>\n<p align=\"LEFT\"><span style=\"font-family: Georgia,sans-serif; color: #800000; font-size: large;\">Regiss\u00f6ren Welles spelar sj\u00e4lv filmens huvudperson Kane, en streber som blir mogul inom tidningsbranschen och \u2013 som s\u00e5 framg\u00e5ngsrika m\u00e4n ofta blir \u2013 demon (som Welles sj\u00e4lv sedan blev i filmbranschen).<\/span><\/p>\n<p align=\"LEFT\"><span style=\"font-family: Georgia,sans-serif; color: #800000; font-size: large;\">I lilla Sverige hade vi p\u00e5 sjuttiotalet en egen mogul i v\u00e5r filmbransch. Hans namn var Schein, <i>Harry Schein.<\/i> Han b\u00f6rjade som kemiingenj\u00f6r precis som <i>Margaret Thatcher. <\/i>Och precis som hon blev han en ledare med h\u00e5rda nypor (en yrkesskada, tro?). F\u00f6r dem av oss som levde i Scheins tid, l\u00e4t han tala om sig ganska ofta. Det g\u00f6r demoner. Och de har en ben\u00e4genhet att g\u00f6ra b\u00e5de ov\u00e4ntade och osannolika saker, som ibland imponerar, ibland uppr\u00f6r. Demoner g\u00e5r inte obem\u00e4rkta f\u00f6rbi utan l\u00e4mnar avtryck i historien.<\/span><\/p>\n<p align=\"LEFT\"><span style=\"font-family: Georgia,sans-serif; color: #800000; font-size: large;\">D\u00e4rf\u00f6r finns det mycket att ber\u00e4tta om dem, n\u00e4r de avlidit. D\u00e5 skrivs det b\u00f6cker om dem. Eller g\u00f6rs filmer. Just det har nu 2017 ett g\u00e4ng regiss\u00f6rer gjort: <i>Kersti Grunditz Brennan, Maud Nycander <\/i>och<i> Jannike \u00c5hlund.<\/i> De har samtidigt skrivit manus och d\u00e4rmed haft full koll. Och d\u00e4rtill kunnat hitta p\u00e5 ett slagf\u00e4rdigt namn p\u00e5 filmen: <i>Citizen Schein. <\/i>Titeln \u00e4r n\u00e4mligen dubbelt fiffig; dels leder den tankarna till Orson Welles \u00bbCitizen Kane\u00ab, dels till en annan klassisk filmfigur, vars namn l\u00e5ter som Harry Schein: <i>Harry Lime.<\/i><\/span><\/p>\n<p align=\"LEFT\"><span style=\"font-family: Georgia,sans-serif; color: #800000; font-size: large;\">Harry Lime var huvudpersonen i <i>Carol Reeds<\/i> film <i>Den tredje mannen<\/i> (1949), som blev extra ber\u00f6md f\u00f6r <i>Anton Karas<\/i> musikaliska ledmotiv, som alla l\u00e4r ha g\u00e5tt och nynnat p\u00e5 vid den tiden: <i>Harry Lime\u2019s theme.<\/i> Och vem spelade v\u00e4l Harry Lime i filmen? \u2013 Ni gissar r\u00e4tt: Orson Welles\u2026<\/span><\/p>\n<p align=\"LEFT\"><span style=\"font-family: Georgia,sans-serif; color: #800000; font-size: large;\">Trion har gjort en dokument\u00e4rfilm. Dokument\u00e4rfilmer har p\u00e5 senare \u00e5r gjort comeback p\u00e5 bioduken, dels utifr\u00e5n som av amerikanske <i>Michael Moore,<\/i> dels inhemska filmer om <i>Olof Palme<\/i> och <i>Ingrid Bergman.<\/i> Och nu allts\u00e5 om v\u00e5r egen filmmogul <i>in memoriam.<\/i><\/span><\/p>\n<p align=\"LEFT\"><span style=\"font-family: Georgia,sans-serif; color: #800000; font-size: large;\">Till och med i Kiruna finns det m\u00e4nniskor, som kan ber\u00e4tta personligt om Harry Schein. I alla fall en: <i>Magnus Leijer.<\/i> En nestor inom filmklubbarnas v\u00e4rld, en som var med n\u00e4r Kiruna filmstudio bildades 1954. N\u00e4r nu p\u00e5 torsdag denna filmstudio visar den nya filmen \u00bbCitizen Schein\u00ab, kommer Leijer att inleda f\u00f6rest\u00e4llningen med att ber\u00e4tta om egna erfarenheter av mogulen. <\/span><\/p>\n<p align=\"LEFT\"><span style=\"font-family: Georgia,sans-serif; color: #800000; font-size: large;\">Och s\u00e5 en nekrolog \u00e4ven denna vecka, det kan inte undvikas. \u00c4nnu en storhet inom filmen har g\u00e5tt bort: <i>Hans Alfredsson.<\/i> I hans fall r\u00f6r det sig om mycket, mycket mer \u00e4n film, och jag vill bara n\u00e4mna en sak han gjort f\u00f6r att den \u00e4r v\u00e4ldigt nedtystad.<\/span><\/p>\n<p align=\"LEFT\"><span style=\"font-family: Georgia,sans-serif; color: #800000; font-size: large;\">\u00c5r 1996 kom en \u00bbmemoarbok\u00ab av en <i>Holger Axel Andersson<\/i> ut, <i>Attentatet i P\u00e5lsj\u00f6 skog.<\/i> I den ber\u00e4ttar denne man om hur han som ung i b\u00f6rjan av andra v\u00e4rldskriget tillsammans med n\u00e5gra andra utf\u00f6rde ett spr\u00e4ngattentat mot ett tyskt t\u00e5g p\u00e5 v\u00e4g fr\u00e5n Helsingborgs hamn till Narvik, och om hur det attentatet ledde till att <i>Adolf Hitlers<\/i> Tyskland b\u00f6rjade st\u00e4lla h\u00e5rda krav p\u00e5 Sverige, krav som <i>Per Albin Hanssons<\/i> regering p\u00e5 b\u00e4sta s\u00e4tt f\u00f6rs\u00f6kte balansera mot neutraliteten. Det gick inte i l\u00e4ngden, och Tyskland ockuperade d\u00e4rf\u00f6r Sverige.<\/span><\/p>\n<p align=\"LEFT\"><span style=\"font-family: Georgia,sans-serif; color: #800000; font-size: large;\">Att hela det andra v\u00e4rldskriget d\u00e4rmed fick ett annat f\u00f6rlopp \u00e4n i verkligheten, det g\u00f6r att man f\u00f6rst\u00e5r, att boken \u00e4r en roman och f\u00f6rfattaren n\u00e5gon annan \u00e4n Andersson. Den verklige f\u00f6rfattaren \u00e4r Hans Alfredsson.<\/span><\/p>\n<p align=\"LEFT\"><span style=\"font-family: Georgia,sans-serif; color: #800000; font-size: large;\">Boken uppfattade jag som nedtystad s\u00e5 fort den sl\u00e4ppts, f\u00f6r f\u00e5 verkar ha h\u00f6rt talas om den. Men h\u00e4r visar v\u00e5r store komiker Hasse, att han djupt engagerade sig i v\u00e4rldspolitiken och kunde ge oss en riktig tankest\u00e4llare om en annan utg\u00e5ng av kriget.<\/span><\/p>\n<p align=\"LEFT\"><span style=\"font-family: Georgia,sans-serif; color: #800000; font-size: large;\">Men varf\u00f6r tystades d\u00e5 boken ned? Min personliga bed\u00f6mning har st\u00e5tt sig, \u00e4nda sedan jag l\u00e4ste boken: f\u00f6rfattaren n\u00e4mnde \u00e4nnu levande d\u00e5tida svenska fascister vid namn. I samh\u00e4llet upph\u00f6jda personer.<\/span><\/p>\n<p align=\"RIGHT\"><span style=\"font-size: medium;\"><em><span style=\"font-family: Verdana Italic,sans-serif; color: #800000;\">En id\u00e9 i idet av Bj\u00f6rn Forseth<\/span><\/em><\/span><\/p>\n<p>&nbsp;<\/p>\n<p>&nbsp;<\/p>\n<p>&nbsp;<\/p>\n<p><span style=\"font-size: large;\"><strong><span style=\"font-family: Verdana Bold,sans-serif; color: #800000;\">Nyheter fr\u00e5n samma dag som \u00bbCitizen Schein\u00ab visas<\/span><\/strong><\/span><br \/>\n<strong><span style=\"color: #800000;\">\u2013 <span style=\"font-family: Verdana Bold,sans-serif;\"><span style=\"font-size: large;\">men hundra \u00e5r tidigare: 21 september revolutions\u00e5ret 1917<\/span><\/span><\/span><\/strong><\/p>\n<p align=\"LEFT\"><span style=\"font-family: Georgia,sans-serif; color: #800000; font-size: large;\"><i>Bj\u00f6rneborgs Tidning<\/i> meddelar, att furstend\u00f6met Finland f\u00e5tt en ny generalguvern\u00f6r, <i>N. V. Nekrasov.<\/i> Samtidigt annonseras det inf\u00f6r lantdagsvalet. I Finland har man ju till skillnad fr\u00e5n i \u00f6vriga ryska riket allm\u00e4n r\u00f6str\u00e4tt.<\/span><\/p>\n<p align=\"LEFT\"><span style=\"font-family: Georgia,sans-serif; color: #800000; font-size: large;\"><i>Wiborgs Nyheter<\/i> skriver om <i><b>\u00bbExtsarens afresa till Sibirien\u00ab<\/b>.<\/i> Som bekant har alltsedan revolutionen tsarfamiljen h\u00e5llits f\u00e5ngen i sommarslottet Tsarskoje Selo, men nu <\/span><\/p>\n<p style=\"padding-left: 30px;\" align=\"LEFT\"><span style=\"font-family: Georgia,sans-serif; color: #800000; font-size: large;\"><i><b>omgafs slottet med en afdelning infanteri och kavalleri, och framemot klockan tre p\u00e5 morgonen f\u00f6rdes bagaget p\u00e5 lastautomobiler ned till stationen. Kejsaren och kejsarinnan brydde sig ej om att g\u00e5 till hvila utan vakade hela natten.<\/b><\/i><\/span><\/p>\n<p align=\"LEFT\"><span style=\"font-family: Georgia,sans-serif; color: #800000; font-size: large;\">Nu \u00e4r det allts\u00e5 omv\u00e4nt: tsaren f\u00f6rvisas till Sibirien, sedan hans politiska f\u00e5ngar \u00e5terv\u00e4nt d\u00e4rifr\u00e5n. Regeringschefen <i>Kerenskij <\/i>n\u00e4rvarar. Artikeln slutar:<\/span><\/p>\n<p style=\"padding-left: 30px;\" align=\"LEFT\"><span style=\"font-family: Georgia,sans-serif; color: #800000; font-size: large;\"><i><b>P\u00e5 slaget 6 satte sig t\u00e5get i r\u00f6relse. Extsaren fr\u00e5gade d\u00e5 Kerenski, som medf\u00f6ljde till andra stationen p\u00e5 v\u00e4gen:<\/b><\/i><\/span><\/p>\n<p style=\"padding-left: 30px;\" align=\"LEFT\"><span style=\"color: #800000;\">\u2013 <span style=\"font-family: Georgia,sans-serif;\"><span style=\"font-size: large;\"><i><b>V\u00e5gar jag hoppas att snart f\u00e5 \u00e5terv\u00e4nda till mitt k\u00e4ra Tsarskoje Selo?<\/b><\/i><\/span><\/span><\/span><\/p>\n<p style=\"padding-left: 30px;\" align=\"LEFT\"><span style=\"font-family: Georgia,sans-serif; color: #800000; font-size: large;\"><i><b>Diktatorn gaf intet svar.<\/b><\/i><\/span><\/p>\n<p align=\"LEFT\"><span style=\"font-family: Georgia,sans-serif; color: #800000; font-size: large;\">Observera, att tidningen anv\u00e4nder ordet \u00bbdiktator\u00ab. Det \u00e4r p\u00e5 den tiden inte neds\u00e4ttande. S\u00e5 kallades redan ministern f\u00f6r livsmedelsf\u00f6rs\u00f6rjningen, sedan denne f\u00e5tt \u00bbutomordentliga befogenheter\u00ab. Efter general <i>Kornilovs<\/i> kuppf\u00f6rs\u00f6k (som omtalades i f\u00f6rra kr\u00f6nikan) har regeringen Kerenskij getts s\u00e5dana befogenheter, och han kallas d\u00e5 f\u00f6ljdriktigt f\u00f6r diktator. F\u00f6r \u00f6vrigt har man den 17 september utropat Ryssland till republik.<i><br \/>\n<\/i><\/span><\/p>\n<p align=\"LEFT\"><span style=\"font-family: Georgia,sans-serif; color: #800000; font-size: large;\">Annars \u00e4r den finska pressen full av reportage om den v\u00e5g av mord p\u00e5 officerare som utf\u00f6rts i Viborg, H\u00e4lsingfors (jo, de stavar s\u00e5 ibland) och \u00e4ven andra bestialiska \u00f6verfall, ofta utf\u00f6rda av soldater. F\u00f6rfattaren <i>Maksim Gorkij<\/i> (som f\u00e5tt sin tidning <i>Novaja Zjizn <\/i>(Det nya livet) indragen, f\u00f6rd\u00f6mer i sin nya tidning <i>Svobodnaja Zjizn <\/i>(Det fria livet) morden:<\/span><\/p>\n<p style=\"padding-left: 30px;\" align=\"LEFT\"><span style=\"font-family: Georgia,sans-serif; color: #800000; font-size: large;\"><i><b>Det finns icke ord nog att beskriva hur uppr\u00f6rd och f\u00f6rbittrad varje medveten socialist k\u00e4nner sig d\u00e5 han l\u00e4ser om fall som dessa. Vari bestod i sj\u00e4lva verket de m\u00f6rdades skuld?<\/b><\/i> [\u2026] <i><b>blott d\u00e4ri, att de visade sig vara anst\u00e4ndigare \u00e4n de hundratal politiska \u00f6verl\u00f6pare som d\u00f6lja sig under den r\u00f6da skyddsf\u00e4rgen.<\/b><\/i><\/span><\/p>\n<p align=\"RIGHT\"><span style=\"font-family: Georgia,sans-serif; color: #800000; font-size: large;\"><i>Dagens Nyheter 1917-09-21<\/i><\/span><\/p>\n<p align=\"LEFT\"><span style=\"font-family: Georgia,sans-serif; color: #800000; font-size: large;\">Massakrerna \u00e4ger rum \u00e4ven p\u00e5 matrosernas arbetsplatser. P\u00e5 \u00f6rlogsfartyget <i>Petropavlovsk<\/i> har samtliga officerare beg\u00e4rt f\u00f6rflyttning av fruktan f\u00f6r fartygets v\u00e5ldsamma manskap. <i>Hufvudstadsbladet<\/i> ber\u00e4ttar n\u00e4rmare om ett annat manskap:<\/span><\/p>\n<p align=\"CENTER\"><span style=\"font-family: Verdana Bold,sans-serif; color: #800000; font-size: x-large;\"><i><b>De ryska amazonerna.<\/b><\/i><\/span><\/p>\n<p align=\"CENTER\"><span style=\"font-family: Georgia,sans-serif; color: #800000; font-size: large;\"><i><b>Den kvinnliga d\u00f6dsbataljonen pryglar upp sin grundl\u00e4ggarinna.<\/b><\/i><\/span><\/p>\n<p style=\"padding-left: 30px;\" align=\"LEFT\"><span style=\"font-family: Georgia,sans-serif; color: #800000; font-size: large;\"><i>Russk. Volja meddelar: Vid den kvinnliga d\u00f6dsbataljonen intr\u00e4ffade nyligen en otreflig h\u00e4ndelse. Bataljonens medlemmar pryglade n\u00e4mligen bataljonens grundl\u00e4ggarinna, l\u00f6jtnant Boskareva halfd\u00f6d, emedan hon klandrat dem. Ett grannregemente m\u00e5ste tillkallas f\u00f6r att undertrycka oordningarna. D\u00f6dsbataljonen kommer att dessa dagar uppl\u00f6sas. Af dess medlemmar skola 250 s\u00e4ndas till den kvinnliga bataljonen vid fronten. De \u00f6friga frikallas fr\u00e5n milit\u00e4rtj\u00e4nst och hems\u00e4ndas.<\/i><\/span><\/p>\n<p align=\"LEFT\"><span style=\"font-family: Georgia,sans-serif; color: #800000; font-size: large;\">Och Republiken Ryssland \u00e4r fortfarande med i Det stora kriget (f\u00f6rsta v\u00e4rldskriget)\u2026<\/span><\/p>\n<p align=\"LEFT\"><span style=\"font-family: Georgia,sans-serif; color: #800000; font-size: large;\">Som motvikt mot allt el\u00e4nde tar jag en platsannons ur <i>\u00d6sterbottningen. <\/i>Allra vanligaste platsannnonserna i finsk press \u00e4r efter \u00bbspringflickor\u00ab och \u00bbspringpojkar\u00ab, men h\u00e4r:<\/span><\/p>\n<p align=\"CENTER\"><span style=\"font-family: Verdana Bold,sans-serif; color: #800000; font-size: x-large;\"><i><b>En barnk\u00e4r bonne<\/b><\/i><\/span><\/p>\n<p align=\"CENTER\"><span style=\"font-family: Georgia,sans-serif; color: #800000; font-size: large;\"><i>med goda rekommendationer erh\u00e5ller plats genast. N\u00e4rmare med<\/i><\/span><\/p>\n<p align=\"RIGHT\"><span style=\"font-family: Georgia,sans-serif; color: #800000; font-size: large;\"><i><b>Fru Anna Hongell,<\/b><\/i><\/span><\/p>\n<p align=\"RIGHT\"><span style=\"font-family: Georgia,sans-serif; color: #800000; font-size: large;\"><i>Gamlakarleby.<\/i><\/span><\/p>\n","protected":false},"excerpt":{"rendered":"<p>CITIZEN SCHEIN &nbsp; En sensation &nbsp; S\u00e5 hette en f\u00f6r sin tid sensationell film, men man h\u00f6r aldrig titeln n\u00e4mnas. Varf\u00f6r? Det var underbarnet Orson Welles, som 1941 tog v\u00e4rlden med storm med denna film, och i original hette den Citizen Kane (medborgare Kane). Regiss\u00f6ren Welles spelar sj\u00e4lv filmens huvudperson Kane, en streber som blir &hellip; <\/p>\n<p class=\"link-more\"><a href=\"https:\/\/forseth.se\/?p=775\" class=\"more-link\">Forts\u00e4tt l\u00e4sa<span class=\"screen-reader-text\"> \u201dEn sensation\u201d<\/span><\/a><\/p>\n","protected":false},"author":1,"featured_media":0,"comment_status":"closed","ping_status":"closed","sticky":false,"template":"","format":"standard","meta":{"footnotes":""},"categories":[1],"tags":[],"class_list":["post-775","post","type-post","status-publish","format-standard","hentry","category-uncategorized"],"_links":{"self":[{"href":"https:\/\/forseth.se\/index.php?rest_route=\/wp\/v2\/posts\/775","targetHints":{"allow":["GET"]}}],"collection":[{"href":"https:\/\/forseth.se\/index.php?rest_route=\/wp\/v2\/posts"}],"about":[{"href":"https:\/\/forseth.se\/index.php?rest_route=\/wp\/v2\/types\/post"}],"author":[{"embeddable":true,"href":"https:\/\/forseth.se\/index.php?rest_route=\/wp\/v2\/users\/1"}],"replies":[{"embeddable":true,"href":"https:\/\/forseth.se\/index.php?rest_route=%2Fwp%2Fv2%2Fcomments&post=775"}],"version-history":[{"count":3,"href":"https:\/\/forseth.se\/index.php?rest_route=\/wp\/v2\/posts\/775\/revisions"}],"predecessor-version":[{"id":779,"href":"https:\/\/forseth.se\/index.php?rest_route=\/wp\/v2\/posts\/775\/revisions\/779"}],"wp:attachment":[{"href":"https:\/\/forseth.se\/index.php?rest_route=%2Fwp%2Fv2%2Fmedia&parent=775"}],"wp:term":[{"taxonomy":"category","embeddable":true,"href":"https:\/\/forseth.se\/index.php?rest_route=%2Fwp%2Fv2%2Fcategories&post=775"},{"taxonomy":"post_tag","embeddable":true,"href":"https:\/\/forseth.se\/index.php?rest_route=%2Fwp%2Fv2%2Ftags&post=775"}],"curies":[{"name":"wp","href":"https:\/\/api.w.org\/{rel}","templated":true}]}}