{"id":842,"date":"2017-10-31T17:44:26","date_gmt":"2017-10-31T16:44:26","guid":{"rendered":"https:\/\/forseth.se\/idet\/?p=842"},"modified":"2017-10-31T18:00:07","modified_gmt":"2017-10-31T17:00:07","slug":"svart-drama","status":"publish","type":"post","link":"https:\/\/forseth.se\/?p=842","title":{"rendered":"Svart drama"},"content":{"rendered":"<p style=\"text-align: center;\"><span style=\"color: #800000;\">MOONLIGHT<\/span><\/p>\n<p style=\"text-align: center;\"><span style=\"color: #800000;\"><img loading=\"lazy\" decoding=\"async\" class=\"aligncenter wp-image-843\" src=\"https:\/\/forseth.se\/idet\/wp-content\/uploads\/2017\/10\/Moonlight-1.jpg\" alt=\"\" width=\"1000\" height=\"666\" srcset=\"https:\/\/forseth.se\/wp-content\/uploads\/2017\/10\/Moonlight-1.jpg 980w, https:\/\/forseth.se\/wp-content\/uploads\/2017\/10\/Moonlight-1-300x200.jpg 300w, https:\/\/forseth.se\/wp-content\/uploads\/2017\/10\/Moonlight-1-768x512.jpg 768w\" sizes=\"auto, (max-width: 767px) 89vw, (max-width: 1000px) 54vw, (max-width: 1071px) 543px, 580px\" \/><\/span><\/p>\n<h1 class=\"western\" align=\"center\"><span style=\"font-size: 300%; color: #800000;\"><strong><span style=\"font-family: Verdana Bold,sans-serif;\">Svart drama<\/span><\/strong><\/span><\/h1>\n<h2 class=\"western\" align=\"center\"><span style=\"font-size: x-large; color: #800000;\"><em><strong><span style=\"font-family: Verdana Bold Italic,sans-serif;\">\u00c4r man nu inte lite ute p\u00e5 farliga vatten med en s\u00e5dan rubrik? N\u00e5gon kanske kommer att ringa ned Annonsbladet och kr\u00e4va avb\u00f6n f\u00f6r anspelningar p\u00e5 ras?<\/span><\/strong><\/em><\/span><\/h2>\n<p>&nbsp;<\/p>\n<p class=\"western\" align=\"left\"><span style=\"font-family: Georgia,sans-serif; color: #800000; font-size: large;\">F\u00f6r det f\u00f6rsta \u00e4r inte Annonsbladet intresserade av att k\u00f6pa undertecknads s\u00e5 kallade filmkr\u00f6nikor, f\u00f6r det andra <i>\u00e4r<\/i> det faktiskt en rasanspelning i rubriken, \u00e4ven om den som kan svenska inser att h\u00e4r ocks\u00e5 ligger en annan betydelse inb\u00e4ddad. Vilken \u00e4r d\u00e5 den?<\/span><\/p>\n<p class=\"western\" align=\"left\"><span style=\"font-family: Georgia,sans-serif; color: #800000; font-size: large;\">Filmen som nu ska omtalas handlar faktiskt om en svart m\u00e4nniska. D\u00e4rtill b\u00f6g. Det kan inte bli mer politiskt korrekt i denna tid!<\/span><\/p>\n<p class=\"western\" align=\"left\"><span style=\"font-family: Georgia,sans-serif; color: #800000; font-size: large;\">\u00c4ven den kommentaren kan jag f\u00e5 \u00e4ta upp, men det ska v\u00e4l en karl t\u00e5la. Alltnog! Den som sitter klistrad vid teven n\u00e4r Oscarsgalan s\u00e4nds, kan komma ih\u00e5g det pinsamma spektaklet senaste g\u00e5ngen, d\u00e5 <i>La la land<\/i> fick priset som \u00e5rets b\u00e4sta film \u2013 och omedelbart fr\u00e5ntogs det! Konferencieren och sk\u00e5despelaren <i>Warren Beatty<\/i> hade n\u00e4mligen kommit av sig, varp\u00e5 den andra konferencieren och sk\u00e5depelerskan <i>Faye Dunaway<\/i> tog kuvertet ifr\u00e5n honom och l\u00e4ste upp vad som stod d\u00e4r. Men hoppsan \u2013 det var fel kuvert. Skadan var dock skedd, \u00bbLa la lands\u00ab producent<i> Jordan Horowitz<\/i> h\u00f6ll redan p\u00e5 med tacktalet, d\u00e5 fad\u00e4sen avsl\u00f6jades. Denne fick bli den som bekr\u00e4ftade misstaget, s\u00e5 att ingen skulle tro att det var lyteskomik p\u00e5 h\u00f6g niv\u00e5 d\u00e4r p\u00e5 scenen. \u00bbDet h\u00e4r \u00e4r inget sk\u00e4mt, &#8217;Moonlight&#8217; vann\u00ab, sa han n\u00e5got uppr\u00f6rd.<\/span><\/p>\n<p class=\"western\" align=\"left\"><span style=\"font-family: Georgia,sans-serif; color: #800000; font-size: large;\">Nu fick ensemblen fr\u00e5n fel film stiga ned och idel afroamerikanska personer \u00e4ntra scenen. Det blev allts\u00e5 ett svart drama, inte svart humor. Men vilken av de tv\u00e5 sorterna \u00e4r d\u00e5 sj\u00e4lva filmen <i>Moonlight?<\/i> \u2013 En ung man v\u00e4xer upp i en ruffig del av Miami, vilket v\u00e4l skulle vara tufft f\u00f6r vem som helst. Men kanske \u00e4r det inte s\u00e5 tufft att vara svart d\u00e4r, n\u00e4r de flesta d\u00e4r \u00e4r det. Att samtidigt vara homosexuell kan kanske vara mer motigt, vilket v\u00e4l filmen ska visa, antar jag.<\/span><\/p>\n<p class=\"western\" align=\"left\"><span style=\"font-family: Georgia,sans-serif; color: #800000; font-size: large;\">En kr\u00f6nika om barndom, pubertet och vuxenblivande l\u00e5ter inte s\u00e5 sp\u00e4nnande, men hall\u00e5 \u2013 s\u00e5dant handlar ju filmer och b\u00f6cker om hela tiden! Ta bara en gammal filmtrilogi i h\u00f6gen: <i>Min barndom<\/i> (1938) \u2013<i> Ute i v\u00e4rlden<\/i> (1939) \u2013<i> Mina universitet<\/i> (1940). Vad \u00e4r det annat \u00e4n barndom \u2013 pubertet \u2013 vuxenblivande? (Svaret p\u00e5 fr\u00e5gan ni alla st\u00e4ller er \u00e4r: detta \u00e4r f\u00f6rfattaren <i>Maksim Gorkijs<\/i> sj\u00e4lvbiografi).<\/span><\/p>\n<p class=\"western\" align=\"left\"><span style=\"font-family: Georgia,sans-serif; color: #800000; font-size: large;\">N\u00e5v\u00e4l, om det inte l\u00e5ter sp\u00e4nnande, s\u00e5 m\u00e5ste v\u00e4l i alla fall Oscarsakademien haft fog f\u00f6r att sk\u00e4nka denna film det st\u00f6rsta priset!<\/span><\/p>\n<p class=\"western\" align=\"left\"><span style=\"font-family: Georgia,sans-serif; color: #800000; font-size: large;\">Moonlight betyder m\u00e5nsken, men det kan ocks\u00e5 betyda att jobba svart (d\u00e4r har vi det l\u00f6mska s-ordet igen). \u00c4ven i svenskan anv\u00e4nder vi samma ord f\u00f6r n\u00e5got kontroversiellt \u2013 om \u00e4n inte f\u00f6rbjudet \u2013 vi talar om <i>m\u00e5nskensb\u00f6nder.<\/i> Det f\u00f6refaller mig dock aningen malplacerat att tro att man bedriver n\u00e5got slags ljusskyggt lantbruk i Miamis ruffigare f\u00f6rorter, s\u00e5 i st\u00e4llet f\u00f6r m\u00e5nskensb\u00f6nder skulle jag gissa p\u00e5 annan ljusskygg verksamhet i filmen i fr\u00e5ga.<\/span><\/p>\n<p class=\"western\" align=\"left\"><span style=\"font-family: Georgia,sans-serif; color: #800000; font-size: large;\">En bra bok- eller filmtitel ska g\u00e4rna vara dubbeltydig, vilket ger \u00f6vers\u00e4ttaren en bjudande utmaning. Den har man i detta fall undsluppit genom att l\u00e5ta bli att \u00f6vers\u00e4tta, och d\u00e5 vet inte den svenska publiken vad den ska v\u00e4nta sig. Amerikanarna sj\u00e4lva f\u00f6rst\u00e5r nog dubbeltydigheten i titeln, det ska v\u00e4l r\u00e4cka.<\/span><\/p>\n<p class=\"western\" style=\"padding-left: 30px;\" align=\"left\"><span style=\"font-family: Georgia,sans-serif; color: #800000; font-size: large;\">Ett exempel p\u00e5 lyckad \u00f6vers\u00e4ttning av tvetydig titel var boken <i>Schindler&#8217;s list,<\/i> som p\u00e5 svenska blev minst lika fyndig: <i>Schindlers ark <\/i>\u2013 men det fattade inte filmversionens distribut\u00f6r utan l\u00e4t den f\u00e5 ha den engelska titeln i Sverige. P\u00e5 svenska skulle man d\u00e5 kunna tro att filmen handlade om n\u00e5gon f\u00f6nsterlist, om det nu inte var s\u00e5 enkelt som att han Schindler var en listig typ.<\/span><\/p>\n<p class=\"western\" align=\"left\"><span style=\"font-family: Georgia,sans-serif; color: #800000; font-size: large;\">\u00bbMoonlight\u00ab ska hur som helst upp p\u00e5 filmstudions f\u00f6rsta novembervisning nu p\u00e5 torsdag. F\u00f6r att helt gardera mot missf\u00f6rst\u00e5nd, s\u00e5 \u00e4r det <b>inte<\/b> den holl\u00e4ndska thrillern <i>Moonlight<\/i> fr\u00e5n 2002, som nu ska visas, <b>ej heller<\/b> <i>Harold Pinters <\/i>sk\u00e5despel <i>Moonlight<\/i> fr\u00e5n 1993 och <b>inte ens<\/b> pilotavsnittet ur teveserien <i>Moonlight<\/i> fr\u00e5n 1980-talet, d\u00e4r huvudrollen \u00e4r en detektiv som \u00e4r vampyr. Kiruna filmstudio \u00e4r visserligen m\u00e5ngsidig, en som varken skyr vassa pennor eller huggt\u00e4nder, men p\u00e5 torsdag blir det ett modernt svart drama p\u00e5 vita duken.<\/span><\/p>\n<p class=\"western\" style=\"padding-left: 30px;\" align=\"left\"><span style=\"font-family: Georgia,sans-serif; color: #800000; font-size: large;\">Notera, att i denna \u00bbMoonlight\u00ab spelar r\u00e4tt ok\u00e4nda, kanske blivande stj\u00e4rnor \u2013 med ett undantag: <i>Naomie Harris,<\/i> engelsk fixstj\u00e4rna i de senaste <i>James Bond-<\/i>filmerna. Det \u00e4r hon som \u00e4r fr\u00f6ken <i>Moneypenny.<\/i><\/span><\/p>\n<p class=\"western\" align=\"right\"><span style=\"font-size: medium;\"><em><span style=\"font-family: Verdana Italic,sans-serif; color: #800000;\">En id\u00e9 i idet av Bj\u00f6rn Forseth<\/span><\/em><\/span><\/p>\n<p class=\"western\" align=\"left\"><span style=\"font-family: Georgia,sans-serif; color: #800000; font-size: large;\">PS<\/span><\/p>\n<h1 class=\"western\"><strong><span style=\"color: #800000;\">Vad som samtidigt timat samma datum som d\u00e5 \u00bbMoonlight\u00ab visas \u2013 men hundra \u00e5r tidigare<\/span><\/strong><\/h1>\n<h3 style=\"text-align: center;\"><strong><span style=\"color: #800000;\">Landtdagens \u00f6ppnande framskjutes?<\/span><\/strong><\/h3>\n<p class=\"western\" align=\"left\"><span style=\"font-family: Georgia,sans-serif; color: #800000; font-size: large;\">fr\u00e5gar sig <i>Wiborgs Nyheter<\/i> 1917-11-02 (lantdagen \u00e4r Finlands riksdag, fast\u00e4n den inte best\u00e4mmer \u00f6ver furstend\u00f6met Finland, det gjorde ryske tsaren och nu efter revolutionen g\u00f6r den s\u00e5 kallade interimsregeringen det):<\/span><\/p>\n<p class=\"western\" style=\"padding-left: 30px;\" align=\"left\"><span style=\"font-size: large;\"><strong><span style=\"font-family: Georgia,sans-serif; color: #800000;\">Det har varit fr\u00e5ga om en s\u00e5dan anordning, att interimsregeringen skulle \u00f6fverflytta ut\u00f6fvandet af h\u00f6gsta makten i Finlands inre angel\u00e4genheter till ett finskt statsorgan, exempelvis en af landtdagen vald riksf\u00f6rest\u00e5ndare.<\/span><\/strong><\/span><\/p>\n<p class=\"western\" align=\"left\"><span style=\"font-family: Georgia,sans-serif; color: #800000; font-size: large;\">Detta \u00e4r ju sensationellt \u2013 Finland skulle allts\u00e5 f\u00e5 styra sina inre angel\u00e4genheter sj\u00e4lvt (ungef\u00e4r som Katalonien f\u00e5r g\u00f6ra idag inom Spanien). Men bara de inre angel\u00e4genheterna. En full\u00f6dig bild ger den nyss avg\u00e5ngne guvern\u00f6ren \u00f6ver Finland, <i>Michail Aleksandrovitj Stachovitj <\/i>(stavfelen nedan finns redan i originalet):<\/span><\/p>\n<h3 class=\"western\" align=\"center\"><strong><span style=\"color: #800000;\">Stahovitsch om Finland.<\/span><\/strong><\/h3>\n<h2 class=\"western\" align=\"center\"><strong><span style=\"color: #800000;\">Ett intervju i Dagens Nyheter: Finland skall bli autonomt, men tillh\u00f6ra Ryssland.<\/span><\/strong><\/h2>\n<p class=\"western\" style=\"padding-left: 30px;\" align=\"left\"><span style=\"font-size: large;\"><strong><span style=\"font-family: Georgia,sans-serif; color: #800000;\"> P\u00e5 genomresa till Madrid har Rysslands nya s\u00e4ndebud i Spanien, Finlands f\u00f6rre generalguvern\u00f6r Stahovitsch i Stockholm blifvit intervuad af Dagens Nyheter. I intervjuet uttalade han sig \u00e4fven om Finland. Det skall m\u00e5h\u00e4nda intressera, att taga del af Stahovitsch uttalanden, som f\u00f6rmodligen \u00e5terge opinionerna inom vissa samh\u00e4llskretsar i Ryssland.<\/span><\/strong><\/span><\/p>\n<p class=\"western\" style=\"padding-left: 30px;\" align=\"left\"><span style=\"font-size: large;\"><strong><span style=\"font-family: Georgia,sans-serif; color: #800000;\"> Det heter i intervjuet:<\/span><\/strong><\/span><\/p>\n<p class=\"western\" style=\"padding-left: 30px;\" align=\"left\"><span style=\"font-size: large;\"><strong><span style=\"font-family: Georgia,sans-serif; color: #800000;\"> \u2013 Och f\u00f6rh\u00e5llandena i Finland? Dess framtidsutsikter?<\/span><\/strong><\/span><\/p>\n<p class=\"western\" style=\"padding-left: 30px;\" align=\"left\"><span style=\"font-size: large;\"><strong><span style=\"font-family: Georgia,sans-serif; color: #800000;\"> \u2013 Jag \u00e4r \u00f6fvertygad om att hvad som \u00e4n h\u00e4nder \u2013 allts\u00e5 \u00e4fven om monarkien skulle retableras \u2013 \u00e4r Finlands autonomi tryggad. Det kommer att f\u00e5 fullkomlig sj\u00e4lfstyrelse, st\u00e5 i f\u00f6rh\u00e5llande till Ryssland ungef\u00e4r som Kanada till England, eventuellt f\u00e5 en egen president. Men Rysslands gr\u00e4nser m\u00e5ste omsluta \u00e4fven Finland. Ett land p\u00e5 180 miljoner kan icke frivilligt afsk\u00e4ra den enda strand det \u00e4ger vid ett isfritt haf. Sj\u00e4lfva det geografiska l\u00e4get, hela den historiska utvecklingen pekar h\u00e4n p\u00e5 Finlands utrikespolitiska gemenskap med Ryssland.<\/span><\/strong><\/span><\/p>\n<p class=\"western\" style=\"padding-left: 30px;\" align=\"left\"><span style=\"font-size: large;\"><strong><span style=\"font-family: Georgia,sans-serif; color: #800000;\"> \u2013 Sympatiarna f\u00f6r Finland ha f\u00f6rmodligen minskats i Ryssland genom de senaste m\u00e5nadernas h\u00e4ndelser?<\/span><\/strong><\/span><\/p>\n<p class=\"western\" style=\"padding-left: 30px;\" align=\"left\"><span style=\"font-size: large;\"><strong><span style=\"font-family: Georgia,sans-serif; color: #800000;\"> \u2013 Kolossalt \u2013 och icke endast i Ryssland. V\u00e5ra allierade k\u00e4nna \u2013 d\u00e4rom \u00e4r jag \u00f6fvertygad \u2013 samma djupa besvikelse som vi \u00f6fver finnarnas upptr\u00e4dande. Det var den 2 mars (enlikt rysk tid) revolutionen br\u00f6t ut. Fem dagar senare proklamerades den nya friheten i Finland. Det blef ett jubel, en gl\u00e4djeyra utan gr\u00e4ns. Det r\u00e4ckte i summa tv\u00e5 veckor \u2013 tv\u00e5 korta veckor. Sedan ville man ha mer, och man trodde allt m\u00f6jligt. Man tog Petrograd f\u00f6r hela Ryssland och bolschevikerna f\u00f6r hela Petrograd. Men i Ryssland har uppst\u00e5tt en gr\u00e4nsl\u00f6s indignation mot finnarna. Det har g\u00e5tt s\u00e5 l\u00e5ngt att p\u00e5 lifsmedelss\u00e4ndningarna till detta land v\u00e5gar man inte skrifva ut adresserna. Man befarar att de d\u00e5 aldrig skulle komma fram, ty i vida kretsar betraktar man finnarna som f\u00f6rr\u00e4dare. De ha drifvit ett h\u00f6gt spel. Men skulle de \u00e4n n\u00e5 hvad de dj\u00e4rfvaste dr\u00f6mma om, s\u00e5 skulle det dock alltid vara endast f\u00f6r en ytterst begr\u00e4nsad framtd. I den riktningen kan icke utvecklingen g\u00e5 men att den alltid m\u00e5ste omfatta Finlands fulla inre sj\u00e4lfstyrelse, d\u00e4rom \u00e4r jag \u00f6fvertygad.<\/span><\/strong><\/span><\/p>\n<p class=\"western\" align=\"right\"><span style=\"font-family: Georgia,sans-serif; color: #800000; font-size: large;\"><i>Wiborgs Nyheter 1917-11-02<\/i><\/span><\/p>\n<p class=\"western\" align=\"left\"><span style=\"font-family: Georgia,sans-serif; color: #800000; font-size: large;\">\u00c4ven i Ukraina smids planer p\u00e5 sj\u00e4lvstyre, det h\u00e4nder n\u00e5got p\u00e5 Krim, n\u00e5got som p\u00e5minner oss om vad som senare h\u00e4nde d\u00e4r 2014:<\/span><\/p>\n<h2 class=\"western\" align=\"center\"><strong><span style=\"color: #800000;\">Hela Svartahafsflottan har f\u00f6rklarat sig ukrainsk.<\/span><\/strong><\/h2>\n<p class=\"western\" style=\"padding-left: 30px;\" align=\"left\"><span style=\"font-size: large;\"><strong><span style=\"font-family: Georgia,sans-serif; color: #800000;\"> KIEV, 27 okt. (R. V.) Ukrainas \u00f6fverkrigskommitt\u00e9 har af flottans centralkommitt\u00e9 erh\u00e5llit ett telegram, hvari meddelas, att hela Svartahafsflottan f\u00f6rklarat sig ukrainsk. P\u00e5 alla pansarfartyg, kryssare, torpedb\u00e5tar och andra fartyg har Ukrainas flagga hissats. Ukrainas Svartahafs-kommitt\u00e9 har beslutat betrakta hela Svartahafsflottan som ukrainsk och framdeles komplettera dess manskap endast med ukrainare.<\/span><\/strong><\/span><\/p>\n<p class=\"western\" align=\"right\"><span style=\"font-family: Georgia,sans-serif; color: #800000; font-size: large;\"><i>Wiborgs Nyheter 1917-11-02<\/i><\/span><\/p>\n<p class=\"western\" align=\"left\"><span style=\"font-family: Georgia,sans-serif; color: #800000; font-size: large;\">En norsk journalist, <i>Edward Welle-Strand,<\/i> ber\u00e4ttar f\u00f6r danska <i>Politiken<\/i> om sina upplevelser i Ryssland, h\u00e4r \u00e5tergivet i Wiborgs Nyheter (\u00e4ven h\u00e4r har jag beh\u00e5llit tryck- och stavfelen). F\u00f6rst st\u00e5r han vid Republiken Rysslands gr\u00e4ns:<\/span><\/p>\n<p class=\"western\" style=\"padding-left: 30px;\" align=\"left\"><span style=\"font-size: large;\"><strong><span style=\"font-family: Georgia,sans-serif; color: #800000;\"> Haparanda, f\u00f6rklarade hr Welle-Strand, \u00e4r f\u00f6r n\u00e4rvarande en af v\u00e4rldens m\u00e4rkligaste st\u00e4der. D\u00e4r promenerar folk omkring i sina vida p\u00e4lsar, af hvilka hvarannan d\u00f6ljer en spion, hvarannan en smugglare. De m\u00e4rkv\u00e4rdigaste kosmopolitiska typer synas \u00f6fverallt. De tyckas ej g\u00f6ra annat \u00e4n l\u00e4sa tidningar och dricka champagne. I sj\u00e4lfva vdrket bruka de sina \u00f6gon. R\u00e4tt som det \u00e4r, kommer en vacker dam resande tr\u00e5n Ryssland, kosmopoliten f\u00f6r\u00e4lskar sig i henne och reser vidare med henne, men redan n\u00e4sta dag sitter i hans st\u00e4lle en annan kosmopolit och v\u00e4ntar p\u00e5 en annan vacker dam tr\u00e5n Ryssland.<\/span><\/strong><\/span><\/p>\n<p class=\"western\" align=\"left\"><span style=\"font-family: Georgia,sans-serif; color: #800000; font-size: large;\">Den tempor\u00e4ra revolutionsregeringen leds ju av <i>Aleksandr Kerenskij,<\/i> vilken hr Welle-Strand h\u00f6r om ideligen:<\/span><\/p>\n<p class=\"western\" style=\"padding-left: 30px;\" align=\"left\"><span style=\"font-size: large;\"><strong><span style=\"font-family: Georgia,sans-serif; color: #800000;\"> Allt efter som man n\u00e4rmade sig Petrograd h\u00f6rde man allt oftare ett namn uttalas: Kerenski. Pl\u00f6tsligt kunde midt i t\u00e5get en h\u00e4nf\u00f6rd finne resa sig upp och utropa ett: \u00bbEl\u00e4k\u00f6\u00f6n Karenski!\u00bb och s\u00e5 utbr\u00f6to alla: \u00bbLefve Kerenski!\u00bb<\/span><\/strong><\/span><\/p>\n<p class=\"western\" style=\"padding-left: 30px;\" align=\"left\"><span style=\"font-size: large;\"><strong><span style=\"font-family: Georgia,sans-serif; color: #800000;\"> Vid gr\u00e4nsen mellan Finland och Ryssland fr\u00e5gade man Welle-Strand:<\/span><\/strong><\/span><\/p>\n<p class=\"western\" style=\"padding-left: 30px;\" align=\"left\"><span style=\"font-size: large;\"><strong><span style=\"font-family: Georgia,sans-serif; color: #800000;\"> \u2013 Skall ni till Petrograd!<\/span><\/strong><\/span><\/p>\n<p class=\"western\" style=\"padding-left: 30px;\" align=\"left\"><span style=\"font-size: large;\"><strong><span style=\"font-family: Georgia,sans-serif; color: #800000;\"> \u2013 Ja.<\/span><\/strong><\/span><\/p>\n<p class=\"western\" style=\"padding-left: 30px;\" align=\"left\"><span style=\"font-size: large;\"><strong><span style=\"font-family: Georgia,sans-serif; color: #800000;\"> \u2013 H\u00e4lsa Kerenski!<\/span><\/strong><\/span><\/p>\n<p class=\"western\" align=\"left\"><span style=\"font-family: Georgia,sans-serif; color: #800000; font-size: large;\">Om revolutionens framtid har den norske journalisten \u00e5sikter; man skulle v\u00e4l kalla honom <i>v\u00e5r politiske kommentator<\/i> idag, n\u00e4r han analyserar Kerenskij:<\/span><\/p>\n<p class=\"western\" style=\"padding-left: 30px;\" align=\"left\"><span style=\"font-size: large;\"><strong><span style=\"font-family: Georgia,sans-serif; color: #800000;\"> Han \u00e4r halfjude med ett fint rasansikte och blek gulaktig hy. Han \u00e4r ej sjuk, men \u00f6fveranstr\u00e4ngd och ser ut som d\u00f6den i smoking. Han \u00e4r den mest sympatiska politiska personlighet, som Ryssland n\u00e5gonsin haft. Men jag tror ej p\u00e5 hans framtid, han \u00e4r f\u00f6r vek, han kan ej styra.<\/span><\/strong><\/span><\/p>\n<p class=\"western\" style=\"padding-left: 30px;\" align=\"left\"><span style=\"font-size: large;\"><strong><span style=\"font-family: Georgia,sans-serif; color: #800000;\"> Han har startat revolutionen p\u00e5 ett lysande s\u00e4tt, men han \u00e4ger ej kraft och myndighet nog till att f\u00f6ra den igenom. Det \u00e4r en gigantisk uppgift, som kr\u00e4fver en brutal Napoleon, ej en idealistisk demokrat. Hvad har han egentligen utr\u00e4ttat efter revolutionen? Ingenting. Allt \u00e4r kaos, uppl\u00f6sning, anarki. Ryssland m\u00e5ste ha en gudabild. D\u00e5 tsaren var st\u00f6rtad, fick det Kerenski. Men Ryssland m\u00e5ste regleras med stark vilja och fast hand med handling, under det att Kerenski blott ger fraser. D\u00e4rf\u00f6r \u00e4ro hans dagar r\u00e4knade.<\/span><\/strong><\/span><\/p>\n<p class=\"western\" style=\"padding-left: 30px;\" align=\"left\"><span style=\"font-family: Georgia,sans-serif; color: #800000; font-size: large;\"> [\u2013 \u2013 \u2013]<\/span><\/p>\n<p class=\"western\" style=\"padding-left: 30px;\" align=\"left\"><span style=\"font-size: large;\"><strong><span style=\"font-family: Georgia,sans-serif; color: #800000;\"> Ett otal myter \u00e4ro ju i svang ang\u00e5ende Kerenskis person. Man ber\u00e4ttar, att han har tuberkulos i h\u00f6ften, i lungorna, i njurarna. Det \u00e4r osanning. Man s\u00e4ger, att han gift sig med den vackraste sk\u00e5despelerskan i Petrograd. Det \u00e4r ocks\u00e5 osant. Hvad skall han nu g\u00f6ra? Ingen vet det. Hvad skall tilldraga sig under de n\u00e4rmaste dagarna i Ryssland? Om\u00f6jligt att f\u00f6rutse.<\/span><\/strong><\/span><\/p>\n<p class=\"western\" align=\"right\"><span style=\"font-family: Georgia,sans-serif; color: #800000; font-size: large;\"><i>Wiborgs Nyheter 1917-11-02<\/i><\/span><\/p>\n<p class=\"western\" align=\"left\"><span style=\"font-family: Georgia,sans-serif; color: #800000; font-size: large;\"><span lang=\"sv-SE\">Ja<\/span><span lang=\"sv-SE\">, det \u00e4r <\/span><span lang=\"sv-SE\">o<\/span><span lang=\"sv-SE\">m\u00f6jligt. Men den gode Welle-Strand \u00e4r med sin analys p\u00e5 god v\u00e4g <\/span>att f\u00f6rutse vad som kommer att ske om sex dagar i november 1917. Efter den gregorianska kalendern. I oktober enligt den julianska.<\/span><\/p>\n<p class=\"western\" align=\"right\"><span style=\"font-family: Georgia,sans-serif; color: #800000; font-size: large;\">DS<\/span><\/p>\n","protected":false},"excerpt":{"rendered":"<p>MOONLIGHT Svart drama \u00c4r man nu inte lite ute p\u00e5 farliga vatten med en s\u00e5dan rubrik? N\u00e5gon kanske kommer att ringa ned Annonsbladet och kr\u00e4va avb\u00f6n f\u00f6r anspelningar p\u00e5 ras? &nbsp; F\u00f6r det f\u00f6rsta \u00e4r inte Annonsbladet intresserade av att k\u00f6pa undertecknads s\u00e5 kallade filmkr\u00f6nikor, f\u00f6r det andra \u00e4r det faktiskt en rasanspelning i rubriken, &hellip; <\/p>\n<p class=\"link-more\"><a href=\"https:\/\/forseth.se\/?p=842\" class=\"more-link\">Forts\u00e4tt l\u00e4sa<span class=\"screen-reader-text\"> \u201dSvart drama\u201d<\/span><\/a><\/p>\n","protected":false},"author":1,"featured_media":0,"comment_status":"closed","ping_status":"closed","sticky":false,"template":"","format":"standard","meta":{"footnotes":""},"categories":[1],"tags":[],"class_list":["post-842","post","type-post","status-publish","format-standard","hentry","category-uncategorized"],"_links":{"self":[{"href":"https:\/\/forseth.se\/index.php?rest_route=\/wp\/v2\/posts\/842","targetHints":{"allow":["GET"]}}],"collection":[{"href":"https:\/\/forseth.se\/index.php?rest_route=\/wp\/v2\/posts"}],"about":[{"href":"https:\/\/forseth.se\/index.php?rest_route=\/wp\/v2\/types\/post"}],"author":[{"embeddable":true,"href":"https:\/\/forseth.se\/index.php?rest_route=\/wp\/v2\/users\/1"}],"replies":[{"embeddable":true,"href":"https:\/\/forseth.se\/index.php?rest_route=%2Fwp%2Fv2%2Fcomments&post=842"}],"version-history":[{"count":13,"href":"https:\/\/forseth.se\/index.php?rest_route=\/wp\/v2\/posts\/842\/revisions"}],"predecessor-version":[{"id":856,"href":"https:\/\/forseth.se\/index.php?rest_route=\/wp\/v2\/posts\/842\/revisions\/856"}],"wp:attachment":[{"href":"https:\/\/forseth.se\/index.php?rest_route=%2Fwp%2Fv2%2Fmedia&parent=842"}],"wp:term":[{"taxonomy":"category","embeddable":true,"href":"https:\/\/forseth.se\/index.php?rest_route=%2Fwp%2Fv2%2Fcategories&post=842"},{"taxonomy":"post_tag","embeddable":true,"href":"https:\/\/forseth.se\/index.php?rest_route=%2Fwp%2Fv2%2Ftags&post=842"}],"curies":[{"name":"wp","href":"https:\/\/api.w.org\/{rel}","templated":true}]}}