{"id":858,"date":"2017-11-07T22:21:47","date_gmt":"2017-11-07T21:21:47","guid":{"rendered":"https:\/\/forseth.se\/idet\/?p=858"},"modified":"2017-11-21T18:02:58","modified_gmt":"2017-11-21T17:02:58","slug":"hunt-for-the-wilderpeople","status":"publish","type":"post","link":"https:\/\/forseth.se\/?p=858","title":{"rendered":"Jakt p\u00e5 satungar och vildbasar"},"content":{"rendered":"<p style=\"text-align: center;\"><span style=\"color: #800000;\">HUNT FOR THE WILDERPEOPLE<\/span><\/p>\n<p style=\"text-align: center;\"><span style=\"color: #800000;\"><img loading=\"lazy\" decoding=\"async\" class=\"aligncenter size-full wp-image-859\" src=\"https:\/\/forseth.se\/idet\/wp-content\/uploads\/2017\/11\/Hunt-for-the-wilderpeople.jpeg\" alt=\"\" width=\"1000\" height=\"666\" srcset=\"https:\/\/forseth.se\/wp-content\/uploads\/2017\/11\/Hunt-for-the-wilderpeople.jpeg 1000w, https:\/\/forseth.se\/wp-content\/uploads\/2017\/11\/Hunt-for-the-wilderpeople-300x200.jpeg 300w, https:\/\/forseth.se\/wp-content\/uploads\/2017\/11\/Hunt-for-the-wilderpeople-768x511.jpeg 768w\" sizes=\"auto, (max-width: 767px) 89vw, (max-width: 1000px) 54vw, (max-width: 1071px) 543px, 580px\" \/><br \/>\n<\/span><\/p>\n<h1 class=\"western\" align=\"center\"><span style=\"font-size: 300%; color: #800000;\"><strong><span style=\"font-family: Verdana Bold,sans-serif;\">Jakt p\u00e5 satungar och vildbasar<\/span><\/strong><\/span><\/h1>\n<h2 class=\"western\" align=\"center\"><span style=\"font-size: x-large; color: #800000;\"><em><strong><span style=\"font-family: Verdana Bold Italic,sans-serif;\">Barn \u00e4r ens egna, ungar \u00e4r andras. Vildbattingar \u00e4r de allihop.<\/span><\/strong><\/em><\/span><\/h2>\n<p>&nbsp;<\/p>\n<p class=\"western\" align=\"left\"><span style=\"font-family: Georgia,sans-serif; color: #800000; font-size: large;\">I dessa sk\u00f6ra tider \u00e4r alla barn gulliga och ska kommenteras med \u00bbj\u00e4ttebra!\u00ab, n\u00e4r de skapat n\u00e5got medelm\u00e5ttigt, man ska fr\u00e5ga dem om de inte vill ha tonfisk till middag, n\u00e4r man har k\u00f6pt tonfisk, och man f\u00e5r l\u00f6sa problemen allteftersom, n\u00e4r man inte f\u00e5r den respons man velat locka fram.<\/span><\/p>\n<p class=\"western\" align=\"left\"><span style=\"font-family: Georgia,sans-serif; color: #800000; font-size: large;\">Litteraturen ska \u00e5terge verkligheten verkligare \u00e4n den \u00e4r, och d\u00e5 \u00e4r barn g\u00e4rna snorungar. Som en Dennis. F\u00f6rnamnet Dennis d\u00f6k upp i svenskan efter att den tecknade serien <i>Dennis<\/i> blivit popul\u00e4r. Ett busfr\u00f6 blev allts\u00e5 f\u00f6rebild, och i enlighet med det talar man om att \u00bbbusa\u00ab med barnen och man tillverkar barnvagnar f\u00f6r \u00bbsm\u00e5 monster\u00ab. Det \u00e4r som att man hoppas undvika otrevligheter genom att m\u00e5la dem p\u00e5 v\u00e4ggen.<\/span><\/p>\n<p class=\"western\" align=\"left\"><span style=\"font-family: Georgia,sans-serif; color: #800000; font-size: large;\">Seriens Dennis heter <i>Dennis the menace<\/i> i original, vilket rimmar. I <i>Veckorevyn<\/i> hette han <i>Kristian tyrann,<\/i> vilket var en lysande f\u00f6rsvenskning av originalet, b\u00e5de vitsigt och rimmat s\u00e5v\u00e4l som att Kristian redan fanns som svenskt f\u00f6rnamn. Seriefiguren i fr\u00e5ga var allts\u00e5 en ostyring, en icke illasinnad s\u00e5dan. Det var v\u00e4l grannen farbror Nilsson som mest upplevde honom p\u00e5 det s\u00e4ttet. Men samme herr Nilsson kunde ocks\u00e5 visas ha klok f\u00f6rdragsamhet mot den unge ibland. Precis som det g\u00e5r till i verkliga livet.<\/span><\/p>\n<p class=\"western\" align=\"left\"><span style=\"font-family: Georgia,sans-serif; color: #800000; font-size: large;\">En argentinsk flicka blev p\u00e5 1980-talet popul\u00e4r som seriefigur: <i>Mafalda.<\/i> Hon var tv\u00e4rtemot att vara ett busfr\u00f6 en filosofiskt lagd liten j\u00e4nta. Kanske tack vare henne har vi nu 56 personer med det namnet i Sverige. Serien var inte lika l\u00e5nglivad som Dennis. Hennes karakt\u00e4r (l\u00e4gg m\u00e4rke till ordvalet; Mafalda \u00e4r en rollfigur, medan karakt\u00e4r beskriver egenskaper) \u2013 allts\u00e5, figuren Mafaldas karakt\u00e4r \u00e4r fundererskan\/funderaren, en som iakttar livets egendomligheter och grubblar \u00f6ver dem. Den karakt\u00e4ren brukar i icke-argentinska serier (vanligen nordamerikanska) ges \u00e5t fyrbenta seriefigurer s\u00e5som <i>Snobben<\/i> och <i>Gustaf.<\/i><\/span><\/p>\n<p class=\"western\" align=\"left\"><span style=\"font-family: Georgia,sans-serif; color: #800000; font-size: large;\">Vanligtvis \u00e4r busfr\u00f6n och illbattingar i serier och p\u00e5 film gossar. N\u00e4r man drar det till sin ytterlighet kan det leda till ond, br\u00e5d d\u00f6d bland barn, som i den k\u00e4nda boken <i>Flugornas herre<\/i> (filmad 1963 och 1990). Vanligare \u00e4r \u00e4nd\u00e5 att film och litteratur skildrar hur pojkar slipper bli s\u00e5dana som d\u00f6dar andra.<\/span><\/p>\n<p class=\"western\" align=\"left\"><span style=\"font-family: Georgia,sans-serif; color: #800000; font-size: large;\">Den nyzeel\u00e4ndske regiss\u00f6ren <i>Taika Waititi<\/i> (efter hans maoriske far) eller <i>Taika Cohen<\/i> (efter hans europeiska mor) gjorde 2010 en film om en pojke, som var besatt av \u2013 inte en ond ande utan \u2013 <i>Michael Jackson.<\/i> Som elva\u00e5ring 1984 lever pojken p\u00e5 Nya Zeeland med farmor, lillebror och get och dr\u00f6mmer f\u00f6rutom om Jackson om sin fr\u00e5nvarande far \u2013 som r\u00e4tt vad det \u00e4r dyker upp och visar sig vara en\u2026 riktig buse.<\/span><\/p>\n<p class=\"western\" align=\"left\"><span style=\"font-family: Georgia,sans-serif; color: #800000; font-size: large;\">Filmen hette <i>Boy<\/i> och visades av Kiruna filmstudio h\u00e4rom \u00e5ret. Man kan nog inte s\u00e4ga, att Waititi var v\u00e4rldsber\u00f6md i sta&#8217;n, men kanske \u00e4r han det nu, sedan <i>Thor: Ragnar\u00f6k<\/i> (2017) g\u00e5tt p\u00e5 bio, ty den filmen \u00e4r regisserad av just densamme. N\u00e5gon likhet mellan dessa tv\u00e5 filmer l\u00e4r inte g\u00e5 att sp\u00e5ra. D\u00e4remot kan det finnas en likhet mellan \u00bbBoy\u00ab och torsdagens film p\u00e5 filmstudion, <i>Hunting for the wilderpeople,<\/i> som Waititi regisserade f\u00f6rra \u00e5ret. Ty h\u00e4r \u00e4r man \u00e5ter p\u00e5 nyzeel\u00e4ndsk mark med en gosse \u00e4nnu en g\u00e5ng i blickf\u00e5nget. En Dennis \u2013 nej, ett riktigt busfr\u00f6 fr\u00e5n sta&#8217;n, ett som st\u00e5r p\u00e5 randen till att bli en flugornas herre. Socialen k\u00f6r ut honom till en sl\u00e4kting i vildmarkens utkant. En riktig farbror Nilsson. Vad kan v\u00e4l en huligan hitta p\u00e5 d\u00e4r?<\/span><\/p>\n<p class=\"western\" align=\"left\"><span style=\"font-family: Georgia,sans-serif; color: #800000; font-size: large;\">En del visar det sig, det blir m\u00e4nniskojakt p\u00e5 vildar i de nyzeel\u00e4ndska bergen p\u00e5 Folkets hus p\u00e5 torsdag. D\u00e5 b\u00f6rjar tio dagars filmfest \u2013 f\u00f6rst denna filmstudiofilm och dagen efter b\u00f6rjar filmfestivalen. \u00c4r inte det sk\u00e4l nog till att ta en semestervecka i Kiruna?<\/span><\/p>\n<p class=\"western\" align=\"right\"><span style=\"font-size: medium;\"><em><span style=\"font-family: Verdana Italic,sans-serif; color: #800000;\">En id\u00e9 i idet av Bj\u00f6rn Forseth<\/span><\/em><\/span><\/p>\n<p class=\"western\" align=\"left\"><span style=\"font-family: Georgia,sans-serif; color: #800000; font-size: large;\">PS<\/span><\/p>\n<h1 class=\"western\"><strong><span style=\"color: #800000;\">Ett hundra \u00e5r f\u00f6re filmfestivalen utbr\u00f6t oktoberrevolutionen<\/span><\/strong><\/h1>\n<p class=\"western\" align=\"left\"><span style=\"font-family: Georgia,sans-serif; color: #800000; font-size: large;\">I v\u00e5r serie tidningsklipp fr\u00e5n februarirevolutionen den 8 mars 1917 (skildrad i kr\u00f6nikan f\u00f6r filmen den 9 mars 2017) har vi nu kommit fram till <i>oktoberrevolutionen.<\/i> L\u00e5t oss se, vad pressen skrev om de b\u00e4gge revolutionerna dagen efter.<\/span><\/p>\n<p class=\"western\" align=\"left\"><span style=\"font-family: Georgia,sans-serif; color: #800000; font-size: large;\">Den \u00e5ttonde mars strejkade ryska kvinnor f\u00f6r br\u00f6d och fred. (D\u00e4rav firar vi idag Internationella kvinnodagen.) Om detta ber\u00e4ttar n\u00e5gra svenskspr\u00e5kiga finl\u00e4ndska dagstidningar dagen efter:<\/span><\/p>\n<p class=\"western\" align=\"center\"><span style=\"color: #800000;\">\u2014<\/span><\/p>\n<p class=\"western\" align=\"left\"><span style=\"font-family: Georgia,sans-serif; color: #800000; font-size: large;\">Allts\u00e5 ingenting. Var det inte intressant? \u2013 Eller var det inte l\u00e4mpligt att omn\u00e4mna kvinnornas strejkkrav med tanke p\u00e5 tsarens hemliga polis?<\/span><\/p>\n<p class=\"western\" align=\"left\"><span style=\"font-family: Georgia,sans-serif; color: #800000; font-size: large;\">Ett halv\u00e5r senare b\u00f6rjar oktoberrevolutionen den 7 november (den 25 oktober enligt den i Ryssland d\u00e5 r\u00e5dande julianska kalendern). Nu har tidningarna upplevt pressfrihet ett halv\u00e5r och skriver dagen efter om saken, allts\u00e5 den 8 november. Huvudrubrikerna i <i>\u00c5bo Underr\u00e4ttelser<\/i> denna dag:<\/span><\/p>\n<p align=\"center\"><span style=\"font-family: Arial,sans-serif; color: #800000; font-size: xx-large;\"><i>Ny statsv\u00e4lvning i Ryssland.<\/i><\/span><\/p>\n<h1 class=\"western\" align=\"center\"><strong><span style=\"color: #800000;\">Interimsregeringen st\u00f6rtad. \u2013 Bolschevikerna vid makten i Petrograd.<\/span><\/strong><\/h1>\n<h6 class=\"western\" align=\"center\"><span style=\"color: #800000;\">Ett manifest av bolschevikregeringen: Snar moderat fred, jorden \u00e5t folket m. m. \u2013 <span style=\"font-family: Arial,sans-serif;\"><span style=\"font-size: medium;\"><span lang=\"sv-SE\"><b>Manifestet<\/b><\/span><\/span><\/span> \u00f6vers\u00e4nt till fronttrupperna, som manas att lojalt foga sig.<\/span><\/h6>\n<p>&nbsp;<\/p>\n<p class=\"western\" align=\"left\"><span style=\"font-family: Georgia,sans-serif; color: #800000; font-size: large;\">I <i>Dagens Press och Telegramnyheter:<\/i><\/span><\/p>\n<h3 class=\"western\" align=\"center\"><\/h3>\n<h3 class=\"western\" align=\"center\"><strong><span style=\"color: #800000;\">R\u00e5dens representantkongress tillk\u00e4nnagifver,<\/span><\/strong><\/h3>\n<h3 class=\"western\" align=\"center\"><strong><span style=\"color: #800000;\">att all makt \u00f6fverg\u00e5tt till r\u00e5den.<\/span><\/strong><\/h3>\n<h3 class=\"western\" align=\"center\"><strong><span style=\"color: #800000;\">Exministrarna, Konovalov, Kischkin, Terescht-<\/span><\/strong><\/h3>\n<h3 class=\"western\" align=\"center\"><strong><span style=\"color: #800000;\">schenko, Maljentowitsch och Nikitin<\/span><\/strong><\/h3>\n<h3 class=\"western\" align=\"center\"><strong><span style=\"color: #800000;\">ha arresterats.<\/span><\/strong><\/h3>\n<h3 class=\"western\" align=\"center\"><strong><span style=\"color: #800000;\">Kerenski har flytt.<\/span><\/strong><\/h3>\n<h6 class=\"western\" align=\"center\"><span style=\"color: #800000;\">\u00a0<\/span><\/h6>\n<p class=\"western\" align=\"left\"><span style=\"font-family: Georgia,sans-serif; color: #800000; font-size: large;\">I Jakobstad utkommer ett ensidigt extrablad till <i>Peders\u00f6re:<\/i><\/span><\/p>\n<p class=\"western\" align=\"center\"><a href=\"..\/idet\/wp-content\/uploads\/2017\/11\/Pedersore-1791X2839.jpg\" target=\"_blank\" rel=\"noopener noreferrer\"><img loading=\"lazy\" decoding=\"async\" class=\"aligncenter wp-image-861 size-full\" title=\"F\u00f6rstora\" src=\"https:\/\/forseth.se\/idet\/wp-content\/uploads\/2017\/11\/Pedersore.jpg\" alt=\"\" width=\"1000\" height=\"1585\" srcset=\"https:\/\/forseth.se\/wp-content\/uploads\/2017\/11\/Pedersore.jpg 1000w, https:\/\/forseth.se\/wp-content\/uploads\/2017\/11\/Pedersore-189x300.jpg 189w, https:\/\/forseth.se\/wp-content\/uploads\/2017\/11\/Pedersore-768x1217.jpg 768w, https:\/\/forseth.se\/wp-content\/uploads\/2017\/11\/Pedersore-646x1024.jpg 646w\" sizes=\"auto, (max-width: 767px) 89vw, (max-width: 1000px) 54vw, (max-width: 1071px) 543px, 580px\" \/><\/a><\/p>\n<p class=\"western\" align=\"left\"><span style=\"font-family: Georgia,sans-serif; color: #800000; font-size: large;\"><span lang=\"sv-SE\"><i>\u00c5bo Underr\u00e4ttelser <\/i><\/span><span lang=\"sv-SE\">skriver om <\/span><span lang=\"sv-SE\"><i><b>Den ,,tredje revolutionens<\/b><\/i><\/span><span lang=\"sv-SE\"><i><b>\u02bb<\/b><\/i><\/span><i><b>\u02bb <\/b><\/i><span lang=\"sv-SE\"><i><b>program<\/b><\/i><\/span><span lang=\"sv-SE\"> och syftar d\u00e5 p\u00e5 februarirevolutionen, en misslyckad revolution p\u00e5 sommaren och nu p\u00e5 oktoberrevolutionen. Det var efter den \u00bbandra\u00ab som interimsregeringens ledare <\/span><span lang=\"sv-SE\"><i>Kerenskij<\/i><\/span><span lang=\"sv-SE\"> utn\u00e4mnde sig till diktator.<\/span><\/span><\/p>\n<p class=\"western\" align=\"left\"><span style=\"font-family: Georgia,sans-serif; color: #800000; font-size: large;\"><i>Dagens Press och Telegramnyheter<\/i> listar denna tredje revolutions regering (korrekturfelen finns i originalet). I den finns ocks\u00e5 en som f\u00f6rordnas till diktator:<\/span><\/p>\n<h3 class=\"western\" align=\"center\"><strong><span style=\"color: #800000;\">Den nya minist\u00e4ren.<\/span><\/strong><\/h3>\n<p class=\"western\" style=\"padding-left: 30px;\"><span style=\"font-family: Georgia,sans-serif; color: #800000; font-size: large;\">Enligt meddelande af utrikesministern Tereschtschenko upptager Petarsburgerr\u00e5dets ministerlista f\u00f6ljande namn.<\/span><\/p>\n<p class=\"western\" style=\"padding-left: 60px;\"><span style=\"font-family: Georgia,sans-serif; color: #800000; font-size: large;\"> Lenin \u2014 premi\u00e4rminister.<\/span><\/p>\n<p class=\"western\" style=\"padding-left: 60px;\"><span style=\"font-family: Georgia,sans-serif; color: #800000; font-size: large;\"> Trotski \u2014 utrikesminister,<\/span><\/p>\n<p class=\"western\" style=\"padding-left: 60px;\"><span style=\"font-family: Georgia,sans-serif; color: #800000; font-size: large;\"> Weirhovski \u2014 krigsminister,<\/span><\/p>\n<p class=\"western\" style=\"padding-left: 60px;\"><span style=\"font-family: Georgia,sans-serif; color: #800000; font-size: large;\"> S. L. Bernatski (chef f\u00f6r Kasanj\u00e4rnv\u00e4gen) \u2014 kommunikationsminister,<\/span><\/p>\n<p class=\"western\" style=\"padding-left: 60px;\"><span style=\"font-family: Georgia,sans-serif; color: #800000; font-size: large;\"> Avilov \u2014 finansminister.<\/span><\/p>\n<p class=\"western\" style=\"padding-left: 30px;\"><span style=\"font-family: Georgia,sans-serif; color: #800000; font-size: large;\">Bland bolschevikerna uppgifves det, att Werkovski skulle f\u00f6rordnas till diktator, tills den nya mnst\u00e4ren hunnit bildas. \u2014 Djen.<\/span><\/p>\n<p class=\"western\"><span style=\"font-family: Georgia,sans-serif; color: #800000; font-size: large;\">\u00c5botidningen <i>V\u00e4stra Finland<\/i> \u00e5terger tv\u00e5 sidor, dels de nya revolutionsmakarnas:<\/span><\/p>\n<p class=\"western\" align=\"center\"><span style=\"font-family: Georgia,sans-serif; color: #800000; font-size: large;\"><b>Ett upprop av milit\u00e4rrevolution\u00e4ra kommit\u00e9n.<\/b><\/span><\/p>\n<p class=\"western\" align=\"center\"><span style=\"font-family: Georgia,sans-serif; color: #800000; font-size: large;\"><b>R\u00e5det \u00e5tar sig att med fasthet uppr\u00e4tth\u00e5lla ordningen.<\/b><\/span><\/p>\n<p class=\"western\"><span style=\"font-family: Georgia,sans-serif; color: #800000; font-size: large;\">Dels interimsregeringens:<\/span><\/p>\n<p class=\"western\" align=\"center\"><span style=\"font-family: Georgia,sans-serif; color: #800000; font-size: large;\"><b>Alla statskuppsf\u00f6rs\u00f6k skola undertryckas.<\/b><\/span><\/p>\n<p class=\"western\" align=\"center\"><span style=\"font-family: Georgia,sans-serif; color: #800000; font-size: large;\"><b>En uppmaning av regeringen.<\/b><\/span><\/p>\n<p class=\"western\"><span style=\"font-family: Georgia,sans-serif; color: #800000; font-size: large;\">Hela den sidan i V\u00e4stra Finland speglar en dramatisk dag p\u00e5 1900-talet: <i><b>L\u00e4get i Ryssland<\/b><\/i><i>, <\/i><i><b>Kriget<\/b><\/i> och <i><b>Panik i Venetien<\/b><\/i> (med karta \u00f6ver krigssk\u00e5deplatsen). Ingen l\u00e4tt dag f\u00f6r medborgare i republiken Ryssland med furstend\u00f6met Finland, vilket i det lilla kan illustreras av f\u00f6ljande annons p\u00e5 f\u00f6rsta sidan av <i>Borg\u00e5bladet<\/i> denna dag efter oktoberrevolutionen.<\/span><\/p>\n<p class=\"western\" align=\"center\"><span style=\"color: #800000;\"> <img loading=\"lazy\" decoding=\"async\" class=\"aligncenter size-full wp-image-862\" src=\"https:\/\/forseth.se\/idet\/wp-content\/uploads\/2017\/11\/Borgabladetnnons.png\" alt=\"\" width=\"1000\" height=\"886\" srcset=\"https:\/\/forseth.se\/wp-content\/uploads\/2017\/11\/Borgabladetnnons.png 1000w, https:\/\/forseth.se\/wp-content\/uploads\/2017\/11\/Borgabladetnnons-300x266.png 300w, https:\/\/forseth.se\/wp-content\/uploads\/2017\/11\/Borgabladetnnons-768x680.png 768w\" sizes=\"auto, (max-width: 767px) 89vw, (max-width: 1000px) 54vw, (max-width: 1071px) 543px, 580px\" \/><\/span><\/p>\n<p class=\"western\" align=\"left\"><span style=\"font-family: Georgia,sans-serif; color: #800000; font-size: large;\">Nu kan n\u00e5gon med en blick i backspegeln h\u00e4vda, att det inte var tre revolutioner: februarirevolutionen ska nog ha varit en revolution, men oktoberrevolutionen var en statskupp.<\/span><\/p>\n<p class=\"western\" align=\"left\"><span style=\"font-family: Georgia,sans-serif; color: #800000; font-size: large;\">Den distinktionen har nu inte varit \u00e4mnet f\u00f6r dessa kr\u00f6nikebihang. Jag har noterat, att <i>Dagens Nyheter<\/i> och <i>Svenska Dagbladet<\/i> v\u00e5ren 1917 \u00f6msom kallade det som h\u00e4nt en revolution, \u00f6msom en statskupp. Och s\u00e5 sent som den 9 november 1917 var rapporteringen inte h\u00f6gr\u00f6stad.<\/span><\/p>\n<p class=\"western\" align=\"left\"><span style=\"font-family: Georgia,sans-serif; color: #800000; font-size: large;\">Det \u00e4r ju segrarna som skriver historien. Alla kupper som lyckas kallas revolutioner av dem som vann. Senast har vi bevittnat Majdan i Kiev; formellt en kupp men folklig som en revolution. Det \u00e4r dock inte platsen att utreda h\u00e4r.<\/span><\/p>\n<p class=\"western\" align=\"right\"><span style=\"font-family: Georgia,sans-serif; color: #800000; font-size: large;\">DS<\/span><\/p>\n","protected":false},"excerpt":{"rendered":"<p>HUNT FOR THE WILDERPEOPLE Jakt p\u00e5 satungar och vildbasar Barn \u00e4r ens egna, ungar \u00e4r andras. Vildbattingar \u00e4r de allihop. &nbsp; I dessa sk\u00f6ra tider \u00e4r alla barn gulliga och ska kommenteras med \u00bbj\u00e4ttebra!\u00ab, n\u00e4r de skapat n\u00e5got medelm\u00e5ttigt, man ska fr\u00e5ga dem om de inte vill ha tonfisk till middag, n\u00e4r man har k\u00f6pt &hellip; <\/p>\n<p class=\"link-more\"><a href=\"https:\/\/forseth.se\/?p=858\" class=\"more-link\">Forts\u00e4tt l\u00e4sa<span class=\"screen-reader-text\"> \u201dJakt p\u00e5 satungar och vildbasar\u201d<\/span><\/a><\/p>\n","protected":false},"author":1,"featured_media":0,"comment_status":"closed","ping_status":"closed","sticky":false,"template":"","format":"standard","meta":{"footnotes":""},"categories":[1],"tags":[],"class_list":["post-858","post","type-post","status-publish","format-standard","hentry","category-uncategorized"],"_links":{"self":[{"href":"https:\/\/forseth.se\/index.php?rest_route=\/wp\/v2\/posts\/858","targetHints":{"allow":["GET"]}}],"collection":[{"href":"https:\/\/forseth.se\/index.php?rest_route=\/wp\/v2\/posts"}],"about":[{"href":"https:\/\/forseth.se\/index.php?rest_route=\/wp\/v2\/types\/post"}],"author":[{"embeddable":true,"href":"https:\/\/forseth.se\/index.php?rest_route=\/wp\/v2\/users\/1"}],"replies":[{"embeddable":true,"href":"https:\/\/forseth.se\/index.php?rest_route=%2Fwp%2Fv2%2Fcomments&post=858"}],"version-history":[{"count":14,"href":"https:\/\/forseth.se\/index.php?rest_route=\/wp\/v2\/posts\/858\/revisions"}],"predecessor-version":[{"id":890,"href":"https:\/\/forseth.se\/index.php?rest_route=\/wp\/v2\/posts\/858\/revisions\/890"}],"wp:attachment":[{"href":"https:\/\/forseth.se\/index.php?rest_route=%2Fwp%2Fv2%2Fmedia&parent=858"}],"wp:term":[{"taxonomy":"category","embeddable":true,"href":"https:\/\/forseth.se\/index.php?rest_route=%2Fwp%2Fv2%2Fcategories&post=858"},{"taxonomy":"post_tag","embeddable":true,"href":"https:\/\/forseth.se\/index.php?rest_route=%2Fwp%2Fv2%2Ftags&post=858"}],"curies":[{"name":"wp","href":"https:\/\/api.w.org\/{rel}","templated":true}]}}