{"id":877,"date":"2017-11-14T12:38:44","date_gmt":"2017-11-14T11:38:44","guid":{"rendered":"https:\/\/forseth.se\/idet\/?p=877"},"modified":"2017-11-15T11:38:41","modified_gmt":"2017-11-15T10:38:41","slug":"oskarsfestivalen-i-kiruna","status":"publish","type":"post","link":"https:\/\/forseth.se\/?p=877","title":{"rendered":"Oskarsfestivalen i Kiruna"},"content":{"rendered":"<p style=\"text-align: center;\"><span style=\"color: #800000;\">ALFF 2017<\/span><\/p>\n<p style=\"text-align: center;\"><span style=\"color: #800000;\"><img loading=\"lazy\" decoding=\"async\" class=\"aligncenter size-full wp-image-878\" src=\"https:\/\/forseth.se\/idet\/wp-content\/uploads\/2017\/11\/Ingeborg-Holm-kopia.jpg\" alt=\"\" width=\"1000\" height=\"721\" srcset=\"https:\/\/forseth.se\/wp-content\/uploads\/2017\/11\/Ingeborg-Holm-kopia.jpg 1000w, https:\/\/forseth.se\/wp-content\/uploads\/2017\/11\/Ingeborg-Holm-kopia-300x216.jpg 300w, https:\/\/forseth.se\/wp-content\/uploads\/2017\/11\/Ingeborg-Holm-kopia-768x554.jpg 768w\" sizes=\"auto, (max-width: 767px) 89vw, (max-width: 1000px) 54vw, (max-width: 1071px) 543px, 580px\" \/><\/span><\/p>\n<h1 class=\"western\" align=\"center\"><span style=\"font-size: 300%; color: #800000;\"><strong><span style=\"font-family: Verdana Bold,sans-serif;\">Oskarsfestivalen i Kiruna<\/span><\/strong><\/span><\/h1>\n<h2 class=\"western\" align=\"center\"><span style=\"font-size: x-large; color: #800000;\"><em><strong><span style=\"font-family: Verdana Bold Italic,sans-serif;\">Denna vecka pausar Kiruna filmstudio, f\u00f6r det p\u00e5g\u00e5r st\u00f6rre filmspektakel i sta&#8217;n<\/span><\/strong><\/em><\/span><\/h2>\n<p>&nbsp;<\/p>\n<p class=\"western\" align=\"left\"><span style=\"font-family: Georgia,sans-serif; color: #800000; font-size: large;\">Det \u00e4r nog inte m\u00e5nga Kirunabor som \u00e4r medvetna om, hur stort evenemang <i>Arctic light filmfestival<\/i> \u00e4r. F\u00f6rr hade vi om h\u00f6starna den s\u00e5 kallade <i>Rallarfestivalen,<\/i> som var ett j\u00e4ttearrangemang med musik i samarbete med Narvik. Den \u00e4r borta nu, men i st\u00e4llet har vi det lika underbara uppl\u00e4gget <i>Kiruna bokfestival.<\/i> Under alla de \u00e5ren har \u00e4ven filmfestivalen \u00e4gt rum, s\u00e5 \u00e4ven idag med den 28e i ordningen. Den stora skillnaden mellan dessa stora kulturbegivenheter \u00e4r, att filmfestivalen knappt alls f\u00e5r n\u00e5gon medial uppm\u00e4rksamhet. F\u00f6r n\u00e5gra \u00e5r sedan k\u00f6rdes en veckoslutsfilmfestival i Lule\u00e5, varp\u00e5 landsh\u00f6vdingen, landstingsdirekt\u00f6ren och det lokala kommunalr\u00e5det jublande skrev i dagstidningen om, att \u00bb\u00e4ntligen hade Norrbotten f\u00e5tt en filmfestival\u00ab.<\/span><\/p>\n<p class=\"western\" align=\"left\"><span style=\"font-family: Georgia,sans-serif; color: #800000; font-size: large;\">En annan skillnad mot Rallar- och Bokfestivalerna \u00e4r, att under filmfestivalen erbjuds bes\u00f6karna varken rallarpub eller ens kaffeservering mellan filmerna. Man till\u00e5ts dock att gratis sitta ned vid borden i den \u00f6de serveringen p\u00e5 Folkets hus.<\/span><\/p>\n<p class=\"western\" align=\"left\"><span style=\"font-family: Georgia,sans-serif; color: #800000; font-size: large;\">Och detta trots att filmfestivalen sedan tre \u00e5r \u00e4r en Oskarsfestival. \u2013 K\u00e4nde du till det, k\u00e4ra l\u00e4sande Kirunabo? Jo, s\u00e5 \u00e4r det i alla fall. En enda person skarvar ihop filmer och g\u00f6r 52 f\u00f6rest\u00e4llningar, som vederb\u00f6rande ensam k\u00f6r ig\u00e5ng och avslutar. Hans namn \u00e4r <i>Oskar Hallberg,<\/i> en proffsmaskinist fr\u00e5n Folkets bio i Malm\u00f6.<\/span><\/p>\n<p class=\"western\" align=\"left\"><span style=\"font-family: Georgia,sans-serif; color: #800000; font-size: large;\">Men det \u00e4r 53 f\u00f6rest\u00e4llningar p\u00e5 \u00e5rets Alff. I morgon, onsdag den 15 november, visar n\u00e4mligen Kiruna kyrka den 104 \u00e5r gamla filmen <i>Ingeborg Holm.<\/i> \u2013 Men kan den verkligen vara liturgiskt relevant? m\u00e5 trogen kyrkobes\u00f6kare oroligt undra. Nja, kanske inte, men det \u00e4r faktiskt en biof\u00f6rest\u00e4llning inne i kyrkan, inte en m\u00e4ssa. Och filmen st\u00e4llde till rabalder 1913. En fattigv\u00e5rdsinspekt\u00f6r skrev under rubriken \u00bbOsund biografkonst\u00ab i <i>Stockholms Dagblad,<\/i> att<\/span><\/p>\n<p class=\"western\" style=\"padding-left: 30px;\" align=\"left\"><span style=\"font-family: Georgia,sans-serif; color: #800000; font-size: large;\"><i>Det i dubbel mening sorgliga filmdramat kommer att blifva till otrolig skada ej minst f\u00f6r de fattiga, som d\u00e4rigenom f\u00e5 en obefogad farh\u00e5ga f\u00f6r att v\u00e4nda sig till fattigv\u00e5rden.<\/i><\/span><\/p>\n<p class=\"western\" align=\"left\"><span style=\"font-family: Georgia,sans-serif; color: #800000; font-size: large;\">Filmens regiss\u00f6r, <i>Victor Sj\u00f6str\u00f6m<\/i> (senare ansedd som en av svensk filmhistorias stora), replikerade:<\/span><\/p>\n<p class=\"western\" style=\"padding-left: 30px;\" align=\"left\"><span style=\"font-family: Georgia,sans-serif; color: #800000; font-size: large;\"><i>Att Ingeborg Holm skulle kunna \u00e5stadkomma n\u00e5gon skada hade jag aldrig t\u00e4nkt mig \u2013 men v\u00e4l hade jag trott att filmen m\u00e5h\u00e4nda skulle kunna g\u00f6ra gott i n\u00e5gon vr\u00e5 genom att hos \u00e5sk\u00e5daren v\u00e4cka medk\u00e4nsla f\u00f6r de mindre lottade i samh\u00e4llet.<\/i><\/span><\/p>\n<p class=\"western\" align=\"left\"><span style=\"font-family: Georgia,sans-serif; color: #800000; font-size: large;\">Kanske var Ingeborg Holm den f\u00f6rsta film som p\u00e5verkat lagstiftningen. I alla fall \u00e4ndrades den svenska fattigv\u00e5rdslagen 1918. \u2013 Men hur har festivalen i Kiruna kommit p\u00e5 att visa den h\u00e4r gamla rullen? Jo, det b\u00f6rjade med att Svenska filminstitutet f\u00f6rra \u00e5ret bad sju utl\u00e4ndska filmregiss\u00f6rer att v\u00e4lja ut sina svenska favoritfilmer. D\u00e4rvid valde en av dem Ingeborg Holm. Det var amerikanske <i>Alexander Payne <\/i>(som gjort<i> <\/i><i>About Schmidt <\/i>2002,<i> Sideways <\/i>2004, <i>The descendants <\/i>2011,<i> Nebraska <\/i>2013, filmer som filmstudion visat). Hans motivering f\u00f6r sitt val var f\u00f6ljande:<\/span><\/p>\n<p class=\"western\" style=\"padding-left: 30px;\" align=\"left\"><span style=\"font-family: Georgia,sans-serif; color: #800000; font-size: large;\"><i>Ingeborg Holm har otrolig belysning och sk\u00e5despelarupps\u00e4ttning, ovanligheter inom filmen s\u00e5 h\u00e4r tidigt. En mycket k\u00e4nslig och r\u00f6rande film som \u00e4r s\u00e5 sann att den alltj\u00e4mt k\u00e4nns modern. <\/i><\/span><\/p>\n<p class=\"western\" align=\"left\"><span style=\"font-family: Georgia,sans-serif; color: #800000; font-size: large;\">\u00bbS\u00e5 h\u00e4r tidigt\u00ab. Ja, 1913 var detta \u00bbdrama i 5 akter\u00ab (en akt var en filmrulle) naturligtvis stumt. P\u00e5 biograferna spelades d\u00e4rf\u00f6r d\u00e5f\u00f6rtiden anpassad musik av antingen en orkester, ett kapell eller en pianist. P\u00e5 Kiruna kyrka ska en organist spela! (N\u00e4rmare best\u00e4mt: <i>Alexandra Pilakouris<\/i> fr\u00e5n Link\u00f6ping.)<\/span><\/p>\n<p class=\"western\" align=\"left\"><span style=\"font-family: Georgia,sans-serif; color: #800000; font-size: large;\">Detta fantastiska eng\u00e5ngsframtr\u00e4dande \u00e4ger allts\u00e5 rum i Kiruna kyrka i morgon, onsdag, klockan 18.30. Och d\u00e4rut\u00f6ver har den \u00e4rade l\u00e4saren av denna kr\u00f6nika m\u00f6jligheten att se tv\u00e5 av fyra m\u00f6jliga filmer i kv\u00e4ll och s\u00e5 vidare \u00e4nda till och med l\u00f6rdag, till ett mycket facilt pris.<\/span><\/p>\n<p class=\"western\" align=\"right\"><span style=\"font-size: medium; color: #800000;\"><em><span style=\"font-family: Verdana Italic,sans-serif;\">En id\u00e9 i idet av Bj\u00f6rn Forseth<\/span><\/em><\/span><\/p>\n<p class=\"western\" align=\"right\">\n<p class=\"western\" align=\"right\">\n<p class=\"western\" align=\"left\"><span style=\"font-family: Georgia,sans-serif; color: #800000; font-size: large;\">PS<\/span><\/p>\n<h3 class=\"western\"><strong><span style=\"color: #800000;\">Vad som h\u00e4nde samtidigt med Arctic light filmfestival \u2013 fast ett hundra \u00e5r tidigare, revolutions\u00e5ret 1917<\/span><\/strong><\/h3>\n<p class=\"western\" align=\"left\"><span style=\"font-family: Georgia,sans-serif; color: #800000; font-size: large;\">F\u00f6rra veckan \u00e4gde den s\u00e5 kallade oktoberrevolutionen rum. L\u00f6rdagen den 10 november antar den 560-h\u00f6vdade Allm\u00e4nna kongressen av hela Rysslands arbetar- och soldatr\u00e5d ett f\u00f6rslag till fred i Det stora kriget (F\u00f6rsta v\u00e4rldskriget), vari de f\u00f6resl\u00e5r\u2026<\/span><\/p>\n<p class=\"western\" style=\"padding-left: 30px;\" align=\"left\"><span style=\"font-family: Georgia,sans-serif; color: #800000; font-size: large;\">[\u2026] <i><b>alla krigf\u00f6rande makters regeringar att genast ing\u00e5 p\u00e5 f\u00f6rhandlingar om en r\u00e4ttvis demokratisk fred.<\/b><\/i> [\u2026] <i><b>Regeringen anser att det \u00e4r ett stort brott mot m\u00e4nskligheten att forts\u00e4tta kriga f\u00f6r att bland de rika och m\u00e4ktiga nationerna f\u00f6rdela de besegrade svaga nationaliteterna.<\/b><\/i><\/span><\/p>\n<p class=\"western\" align=\"right\"><span style=\"font-family: Georgia,sans-serif; color: #800000; font-size: large;\"><i>Dagens Nyheter 1917-11-10<\/i><\/span><\/p>\n<p class=\"western\" align=\"left\"><span style=\"font-family: Georgia,sans-serif; color: #800000; font-size: large;\">Detta lilla utdrag \u00e4r fr\u00e5n en l\u00e5ng \u00f6vers\u00e4ttning av kongressresolutionen i Dagens Nyheter, som verkar ha \u00f6versatt den fr\u00e5n franskan. I de svenskspr\u00e5kiga finl\u00e4ndska dagstidningarna f\u00e5r man leta en stund f\u00f6r att hitta n\u00e5gon som alls n\u00e4mner resolutionen. De ber\u00e4ttar denna dag om bolsjevikernas revolution\/statskuppsom om den inte var tre \u2013 fyra dagar gammal redan. Men i <i>Kotka Nyheter<\/i> blir det napp. Den har antagligen \u00f6versatt fr\u00e5n det ryska originalet, varf\u00f6r sista meningen ovan lyder:<\/span><\/p>\n<p class=\"western\" style=\"padding-left: 30px;\" align=\"left\"><span style=\"font-family: Georgia,sans-serif; color: #800000; font-size: large;\"><i><b>Ett fortsatt krig p\u00e5 grundvalen av de starka och rika folkens maktf\u00f6rdelning, de svagare folkens underkuvande av de starkare, anser regeringen inneb\u00e4ra det st\u00f6rsta brott mot m\u00e4nskligheten.<\/b><\/i><\/span><\/p>\n<p class=\"western\" align=\"right\"><span style=\"font-family: Georgia,sans-serif; color: #800000; font-size: large;\"><i>Kotka Nyheter 1917-11-10<\/i><\/span><\/p>\n<p class=\"western\" align=\"left\"><span style=\"font-family: Georgia,sans-serif; color: #800000; font-size: large;\"><i>Vladimir Iljitj Lenin<\/i> kommenterade resolutionsf\u00f6rslaget med<\/span><\/p>\n<p class=\"western\" style=\"padding-left: 30px;\" align=\"left\"><span style=\"font-family: Georgia,sans-serif; color: #800000; font-size: large;\"><i><b>Det kan ju h\u00e4nda att regeringarna ej ge oss n\u00e5got svar p\u00e5 v\u00e5r fredsv\u00e4djan. Men den omst\u00e4ndigheten att vi ej ge n\u00e5gon del af v\u00e5rt f\u00f6rslag formen af ett ultimatum skall \u00e5tminstone ej g\u00f6ra det l\u00e4ttare f\u00f6r regeringarna att svara nekande. Vi g\u00f6ra allt hvad vi kunna f\u00f6r att p\u00e5skynda fredsslutet och f\u00e5 k\u00e4nnedom om de krigf\u00f6randes fredsvillkor.<\/b><\/i><\/span><\/p>\n<p class=\"western\" align=\"right\"><span style=\"font-family: Georgia,sans-serif; color: #800000; font-size: large;\"><i>Hufvudstadsbladet 1917-11-10<\/i><\/span><\/p>\n<p class=\"western\" align=\"left\"><span style=\"font-family: Georgia,sans-serif; color: #800000; font-size: large;\">Oktoberrevolutionen \u00e4r ingalunda s\u00e4krad. Regelr\u00e4tta drabbningar inleds mellan f\u00f6rband trogna den nu st\u00f6rtade <i>Aleksandr Kerenskij<\/i> och bolsjeviktrupper. Kerenskij flyr efter slaget vid Gattjina, n\u00e4r hans kosackf\u00f6rband svikit sin ledare.<\/span><\/p>\n<p class=\"western\" style=\"padding-left: 30px;\" align=\"left\"><span style=\"font-family: Georgia,sans-serif; color: #800000; font-size: large;\"><i><b>Men Kerenskij undkom, f\u00f6rkl\u00e4dd som matros.<\/b><\/i><\/span><\/p>\n<p class=\"western\" align=\"right\"><span style=\"font-family: Georgia,sans-serif; color: #800000; font-size: large;\"><i>Dagens Nyheter 1917-11-20<\/i><\/span><\/p>\n<p class=\"western\" align=\"right\"><span style=\"font-family: Georgia,sans-serif; color: #800000; font-size: large;\">DS<\/span><\/p>\n","protected":false},"excerpt":{"rendered":"<p>ALFF 2017 Oskarsfestivalen i Kiruna Denna vecka pausar Kiruna filmstudio, f\u00f6r det p\u00e5g\u00e5r st\u00f6rre filmspektakel i sta&#8217;n &nbsp; Det \u00e4r nog inte m\u00e5nga Kirunabor som \u00e4r medvetna om, hur stort evenemang Arctic light filmfestival \u00e4r. F\u00f6rr hade vi om h\u00f6starna den s\u00e5 kallade Rallarfestivalen, som var ett j\u00e4ttearrangemang med musik i samarbete med Narvik. Den &hellip; <\/p>\n<p class=\"link-more\"><a href=\"https:\/\/forseth.se\/?p=877\" class=\"more-link\">Forts\u00e4tt l\u00e4sa<span class=\"screen-reader-text\"> \u201dOskarsfestivalen i Kiruna\u201d<\/span><\/a><\/p>\n","protected":false},"author":1,"featured_media":0,"comment_status":"closed","ping_status":"closed","sticky":false,"template":"","format":"standard","meta":{"footnotes":""},"categories":[1],"tags":[],"class_list":["post-877","post","type-post","status-publish","format-standard","hentry","category-uncategorized"],"_links":{"self":[{"href":"https:\/\/forseth.se\/index.php?rest_route=\/wp\/v2\/posts\/877","targetHints":{"allow":["GET"]}}],"collection":[{"href":"https:\/\/forseth.se\/index.php?rest_route=\/wp\/v2\/posts"}],"about":[{"href":"https:\/\/forseth.se\/index.php?rest_route=\/wp\/v2\/types\/post"}],"author":[{"embeddable":true,"href":"https:\/\/forseth.se\/index.php?rest_route=\/wp\/v2\/users\/1"}],"replies":[{"embeddable":true,"href":"https:\/\/forseth.se\/index.php?rest_route=%2Fwp%2Fv2%2Fcomments&post=877"}],"version-history":[{"count":3,"href":"https:\/\/forseth.se\/index.php?rest_route=\/wp\/v2\/posts\/877\/revisions"}],"predecessor-version":[{"id":881,"href":"https:\/\/forseth.se\/index.php?rest_route=\/wp\/v2\/posts\/877\/revisions\/881"}],"wp:attachment":[{"href":"https:\/\/forseth.se\/index.php?rest_route=%2Fwp%2Fv2%2Fmedia&parent=877"}],"wp:term":[{"taxonomy":"category","embeddable":true,"href":"https:\/\/forseth.se\/index.php?rest_route=%2Fwp%2Fv2%2Fcategories&post=877"},{"taxonomy":"post_tag","embeddable":true,"href":"https:\/\/forseth.se\/index.php?rest_route=%2Fwp%2Fv2%2Ftags&post=877"}],"curies":[{"name":"wp","href":"https:\/\/api.w.org\/{rel}","templated":true}]}}