{"id":891,"date":"2017-11-28T16:50:16","date_gmt":"2017-11-28T15:50:16","guid":{"rendered":"https:\/\/forseth.se\/idet\/?p=891"},"modified":"2017-11-28T16:50:16","modified_gmt":"2017-11-28T15:50:16","slug":"kung-hakon-i-valfiskens-buk","status":"publish","type":"post","link":"https:\/\/forseth.se\/?p=891","title":{"rendered":"Kung H\u00e5kon i valfiskens buk"},"content":{"rendered":"<p style=\"text-align: center;\"><span style=\"color: #800000;\">KUNGENS VAL<\/span><\/p>\n<p style=\"text-align: center;\"><span style=\"color: #800000;\"><img loading=\"lazy\" decoding=\"async\" class=\"aligncenter size-full wp-image-892\" src=\"https:\/\/forseth.se\/idet\/wp-content\/uploads\/2017\/11\/Kungens-val-Jesper-Christensen-och-Tuva-Novotny.jpg\" alt=\"\" width=\"1080\" height=\"699\" srcset=\"https:\/\/forseth.se\/wp-content\/uploads\/2017\/11\/Kungens-val-Jesper-Christensen-och-Tuva-Novotny.jpg 1080w, https:\/\/forseth.se\/wp-content\/uploads\/2017\/11\/Kungens-val-Jesper-Christensen-och-Tuva-Novotny-300x194.jpg 300w, https:\/\/forseth.se\/wp-content\/uploads\/2017\/11\/Kungens-val-Jesper-Christensen-och-Tuva-Novotny-768x497.jpg 768w, https:\/\/forseth.se\/wp-content\/uploads\/2017\/11\/Kungens-val-Jesper-Christensen-och-Tuva-Novotny-1024x663.jpg 1024w\" sizes=\"auto, (max-width: 767px) 89vw, (max-width: 1000px) 54vw, (max-width: 1071px) 543px, 580px\" \/><\/span><\/p>\n<h1 class=\"western\" align=\"center\"><span style=\"font-size: 300%;\"><strong><span style=\"font-family: Verdana Bold, sans-serif; color: #800000;\">Kung H\u00e5kon i valfiskens buk<\/span><\/strong><\/span><\/h1>\n<h2 class=\"western\" align=\"center\"><span style=\"font-size: x-large;\"><strong><span style=\"font-family: Verdana Bold Italic, sans-serif; color: #800000;\">En prins som heter Karl d\u00f6ps om till H\u00e5kon f\u00f6r att passa in.<\/span><\/strong><\/span><\/h2>\n<p class=\"western\" align=\"left\"><span style=\"font-family: Georgia, sans-serif; color: #800000; font-size: large;\">Det \u00e4r inte l\u00e4tt att vara prins, alltid. I Saudi-Arabien, d\u00e4r det g\u00e5r tretton prinsar p\u00e5 dussinet, kan man l\u00e4tt bli avs\u00e5gad, om man inte \u00e4r politiskt korrekt. Men om man \u00e4r det kan man leva gott. Som prins, allts\u00e5. Sessor l\u00e4r ocks\u00e5 kunna leva gott men utan prinsarnas vidlyftiga levnadsf\u00f6rm\u00e5ner.<\/span><\/p>\n<p class=\"western\" align=\"left\"><span style=\"font-family: Georgia, sans-serif; color: #800000; font-size: large;\">De europeiska kungahusen ynglar inte av sig i samma m\u00e5tt, men \u00e4ven i dem kan man leva gott, om man anpassar sig till sina roller. Men inte heller d\u00e4r \u00e4r det v\u00e4l gott f\u00f6r dem, som vill g\u00e5 sin egen v\u00e4g. Man kan tvingas att v\u00e4lja mellan makten och makan, som <i>Edvard VIII<\/i> av F\u00f6renade kungariket, vilken till slut valde k\u00e4rleken. S\u00e5nt kr\u00e5ngel slipper man i Sverige, d\u00e4r prinsar och prinsessor inte beh\u00f6ver v\u00e4lja bl\u00e5tt blod att beblanda sig med. Det har vi kommit \u00f6ver, sedan tv\u00e5ngssteriliseringarnas och skallm\u00e4tningarnas tid.<\/span><\/p>\n<p class=\"western\" align=\"left\"><span style=\"font-family: Georgia, sans-serif; color: #800000; font-size: large;\">Finland fyller hundra i n\u00e4sta vecka. De hade fram till 1917 en kejsare som storfurste och skulle v\u00e4l ha fortsatt med det, om inte ryssarna hade proklamerat republik. \u2013 En president kan v\u00e4l inte bli storfurste, heller. Men om Finland som sj\u00e4lvst\u00e4ndigt rike skulle forts\u00e4tta som kungad\u00f6me eller ocks\u00e5 det bli republik, det stod inte omedelbart klart. F\u00f6rst ville man tills\u00e4tta en tysk furste p\u00e5 Finlands tron, men s\u00e5 f\u00f6rlorade Tyskland v\u00e4rldskriget, och d\u00e5 skapade man en republik.<\/span><\/p>\n<p class=\"western\" align=\"left\"><span style=\"font-family: Georgia, sans-serif; color: #800000; font-size: large;\">Norge hade redan g\u00e5tt igenom samma kval. N\u00e4r de 1905 l\u00f6sgjorde sig fr\u00e5n unionen med Sverige, kunde de ha valt att bli republik. De kunde ocks\u00e5 ha fortsatt med \u00e4tten <i>Bernadotte,<\/i> som unionskungen <i>Oskar II<\/i> tillh\u00f6rde. Men Oskar avsade sig alla anspr\u00e5k p\u00e5 Norges tron efter unionsuppl\u00f6sningen. \u00c4nd\u00e5 blev det en Bernadotte d\u00e4r. De norska ledarna importerade den danske prinsen <i>Christian Frederik Carl Georg Valdemar Axel<\/i><i>,<\/i> vars mamma drottningen var bernadottskan <i>Lovisa<\/i> fr\u00e5n Sverige. T\u00e4nk s\u00e5 det kan bli!<\/span><\/p>\n<p class=\"western\" align=\"left\"><span style=\"font-family: Georgia, sans-serif; color: #800000; font-size: large;\">Men Carl (som blir Karl i svenska regentl\u00e4ngder) var ingen nickedocka, s\u00e5 prins han var. Fullt beredd p\u00e5 att Norge kunde bli republik ville han inv\u00e4nta resultatet av en folkomr\u00f6stning om statsskicket, innan han tackade ja till att bli kung. Folket r\u00f6stade p\u00e5 fortsatt kungad\u00f6me, och d\u00e4rmed blev Kalle konung och fick sitt namn f\u00f6rnorskat till <i>Haakon<\/i> (H\u00e5kon), vilket gjorde honom till den sjunde regenten med det namnet.<\/span><\/p>\n<p class=\"western\" style=\"padding-left: 30px;\" align=\"left\"><span style=\"font-family: Georgia, sans-serif; color: #800000; font-size: large;\">Minnesgoda l\u00e4sare har s\u00e4kert h\u00f6rt talas om den idag s\u00e5 f\u00f6rk\u00e4ttrade <i>f\u00f6rnorskningspolitiken,<\/i> varmed samer och kv\u00e4ner tvingades undantr\u00e4nga sina modersm\u00e5l och \u2013 f\u00f6r att f\u00e5 lagfart p\u00e5 fastigheter \u2013 m\u00e5ste byta till norska egennamn. Som vi sett kunde allts\u00e5 \u00e4ven danska prinsar uts\u00e4ttas f\u00f6r den politiken.<\/span><\/p>\n<p class=\"western\" align=\"left\"><span style=\"font-family: Georgia, sans-serif; color: #800000; font-size: large;\">Att H\u00e5kon VII inte var n\u00e5gon nickedocka visade han \u00e4nnu en g\u00e5ng den 9 april 1940, n\u00e4r <i>Adolf Hitlers<\/i> Tredje rike anf\u00f6ll och allteftersom ockuperade hela Norge utom Svalbard, Jan Mayen och Bouvet\u00f6n. Tyskland ville ha honom som \u2013 just en nickedocka \u2013 i ett Norge med nazistisk regering. Men det uppfattade inte Kalle som vad det norska folket hade \u00f6nskat sig av honom 1905.<\/span><\/p>\n<p class=\"western\" align=\"left\"><span style=\"font-family: Georgia, sans-serif; color: #800000; font-size: large;\">Han st\u00e4lldes allts\u00e5 inf\u00f6r ett \u00f6desdigert val och kunde ha blivit en <i>Jona<\/i> i en vals buk \u2013 men blev det inte. Kanske \u00e4r det d\u00e4rf\u00f6r norrm\u00e4nnen \u00e4r s\u00e5 otroligt rojalistiska.<\/span><\/p>\n<p class=\"western\" align=\"left\"><span style=\"font-family: Georgia, sans-serif; color: #800000; font-size: large;\">Om detta handlar torsdagens film p\u00e5 filmstudion, <i>Kungens val<\/i> fr\u00e5n 2016. Och det danska kunga\u00e4mnet spelas i filmen av en tv\u00e4tt\u00e4kta dansk sk\u00e5despelare, som vi tidigare sett som den g\u00f6teborgska antinazistiske tidningsmannen <i>Torgny Segerstedt<\/i> i <i>Jan Troells<\/i> film<i> Dom \u00f6ver d\u00f6d man<\/i> (2012): <i>Jesper Christensen.<\/i><\/span><\/p>\n<p class=\"western\" style=\"padding-left: 30px;\" align=\"left\"><span style=\"font-family: Georgia, sans-serif; color: #800000; font-size: large;\">Petiga l\u00e4sare kan vilja p\u00e5peka, att Jona slukades av en fisk, inte en val. Men det f\u00e5r v\u00e4l r\u00e4knas som poetisk frihet att anv\u00e4nda min gamla bibel\u00f6vers\u00e4ttning, d\u00e4r det stod om Jona i valfiskens buk. S\u00e5dan djur finns ju \u00e4nd\u00e5 inte. Om Jona ens gjorde det.<\/span><\/p>\n<p class=\"western\" align=\"right\"><span style=\"font-size: medium;\"><em><span style=\"font-family: Verdana Italic, sans-serif; color: #800000;\">En id\u00e9 i idet av Bj\u00f6rn Forseth<\/span><\/em><\/span><\/p>\n<p class=\"western\" align=\"left\"><span style=\"font-family: Georgia, sans-serif; color: #800000; font-size: large;\">PS<\/span><\/p>\n<h3 class=\"western\"><strong><span style=\"color: #800000;\">Vad som hundra \u00e5r tidigare sig f\u00f6redragit hafver<\/span><\/strong><\/h3>\n<p class=\"western\"><span style=\"font-family: Georgia, sans-serif; color: #800000; font-size: large;\">Efter \u00bbnovemberrevolutionen\u00ab, som finsk press kallar oktoberrevolutionen, meddelas:<\/span><\/p>\n<h6 class=\"western\" align=\"center\"><span style=\"color: #800000;\">U. S. A. v\u00e4grar erk\u00e4nna bolschevikregeringen och l\u00e4mna<\/span><\/h6>\n<h6 class=\"western\" align=\"center\"><span style=\"color: #800000;\">l\u00e5n.<\/span><\/h6>\n<p class=\"western\" style=\"padding-left: 30px;\" align=\"left\"><span style=\"font-family: Georgia, sans-serif; color: #800000; font-size: large;\"> <i><b>Petrograd, 26 nov. Fr\u00e5n Washington har anl\u00e4ndt ett tr\u00e5dl\u00f6st telegram, hvari meddelas att Rysslands regering, som f\u00e5tt l\u00f6fte om ett l\u00e5n om 360 miljoner dollars, ej kommer att f\u00e5 ens en br\u00e5kdel af detta l\u00e5n, innan man f\u00e5tt till st\u00e5nd en af hela landet erk\u00e4nd regering i st\u00e4llet f\u00f6r bolschevikerna. Detta telegram har s\u00e4ndts till alla arm\u00e9- och regementskomit\u00e9er.<\/b><\/i><\/span><\/p>\n<p class=\"western\" align=\"right\"><span style=\"font-family: Georgia, sans-serif; color: #800000; font-size: large;\"><i>Bj\u00f6rneborgs Tidning <\/i>1917-11-30<\/span><\/p>\n<p class=\"western\" align=\"left\"><span style=\"font-family: Georgia, sans-serif; color: #800000; font-size: large;\">Ut\u00f6ver rubriken <i><b>V\u00e4rldskriget<\/b><\/i> finns nu en ny, <i><b>Fredskampen<\/b><\/i><i>. <\/i>D\u00e4runder st\u00e5r, att <i>\u00bb<\/i><i>L. Trotskij\u00ab<\/i> och \u00bb<i>V. Uljanov (Lenin)\u00ab<\/i> tillskriver \u00bballa krigf\u00f6rande l\u00e4nders folk\u00ab i en proklamation, som slutar s\u00e5lunda:<\/span><\/p>\n<p class=\"western\" style=\"padding-left: 30px;\" align=\"left\"><span style=\"font-family: Georgia, sans-serif; color: #800000; font-size: large;\"><i><b>Den 2 dec. skrida vi till fredsunderhandlingar. Om alliansfolken icke s\u00e4nda sina representanter, skola vi ensamma underhandla med tyskarna. Vi \u00f6nska allm\u00e4n fred, men tvingar bourgeoisin i alliansl\u00e4nderna oss att ing\u00e5 separatfred, faller hela ansvaret p\u00e5 den.<\/b><\/i><\/span><\/p>\n<p class=\"western\" style=\"padding-left: 30px;\" align=\"left\"><span style=\"font-family: Georgia, sans-serif; color: #800000; font-size: large;\"><i><b> Soldater, arbetare och b\u00f6nder i Frankrike, England, Italien, F\u00f6renta Staterna, Belgien, Serbien! Den 2 dec. \u00f6ppnas fredsunderhandlingar. Vi v\u00e4nta edra representanter. Varen verksamma! F\u00f6rloren icke en enda timme! Ned med vinterkampanjen, ned med kriget! Lefve freden och folkens broderskap!<\/b><\/i><\/span><\/p>\n<p class=\"western\" align=\"right\"><span style=\"font-family: Georgia, sans-serif; color: #800000; font-size: large;\"><i>Hufvudstadsbladet <\/i>1917-11-30<\/span><\/p>\n<p class=\"western\" align=\"left\"><span style=\"font-family: Georgia, sans-serif; color: #800000; font-size: large;\"><i>\u00d6sterbottningen<\/i> \u00e5terger steg f\u00f6r steg, hur tyskarna kontaktats av Rysslands nye \u00d6B, f\u00e4nrik <i>Krylenko<\/i> (som visst inte \u00e5tnjuter allm\u00e4n aktning \u2013 m\u00e5h\u00e4nda p\u00e5 grund av sin l\u00e5ga grad?):<\/span><\/p>\n<p class=\"western\" style=\"padding-left: 30px;\" align=\"left\"><span style=\"font-family: Georgia, sans-serif; color: #800000; font-size: large;\"><i><b> I onsdags p\u00e5 f\u00f6rmiddagen meddelade f\u00e4nrik Krylenko fr\u00e5n h\u00f6gkwarteret pr telegraf, att han kl. 11 f. m. uts\u00e4nt tre befullm\u00e4ktigade parlament\u00e4rer till tyska \u00f6werbef\u00e4let f\u00f6r att f\u00f6rfr\u00e5ga sig huruwida det wore willigt att s\u00e4nda ombud f\u00f6r underhandlingar om wapenwila p\u00e5 alla fronter i syfte att snart p\u00e5b\u00f6rja fredsunderhandlingar.<\/b><\/i><\/span><\/p>\n<p class=\"western\" style=\"padding-left: 30px;\" align=\"left\"><span style=\"color: #800000;\">\u2013 \u2013 \u2013<\/span><\/p>\n<p class=\"western\" style=\"padding-left: 30px;\" align=\"left\"><span style=\"font-family: Georgia, sans-serif; color: #800000; font-size: large;\"><i><b> Kl. 3,50 e. m. ingick f\u00f6ljande telegram: Parlament\u00e4rerna ha anl\u00e4nt till fr\u00e4msta linjen och kl. 4,10 utan sw\u00e5righeter sluppit genom de tyska l\u00f6pgrawarna.<\/b><\/i><\/span><\/p>\n<p class=\"western\" style=\"padding-left: 30px;\" align=\"left\"><span style=\"color: #800000;\">\u2013 \u2013 \u2013<\/span><\/p>\n<p class=\"western\" style=\"padding-left: 30px;\" align=\"left\"><span style=\"font-family: Georgia, sans-serif; color: #800000; font-size: large;\"> <i><b>Mina parlament\u00e4rer ha sluppit genom de tyska l\u00f6pgrawarna f\u00f6r att f\u00f6resl\u00e5 underhandlingar om wapenwila p\u00e5 alla fronter.<\/b><\/i><\/span><\/p>\n<p class=\"western\" style=\"padding-left: 30px;\" align=\"left\"><span style=\"color: #800000;\">\u2013 \u2013 \u2013<\/span><\/p>\n<p class=\"western\" style=\"padding-left: 30px;\" align=\"left\"><span style=\"font-family: Georgia, sans-serif; color: #800000; font-size: large;\"> <i><b>W\u00e5ra fredsm\u00e4klare ha \u00e5terw\u00e4nt och medf\u00f6ra den tyska arm\u00e9ns \u00f6werbef\u00e4lhawares officiella swar, enligt wilket han \u00e4r willig att underhandla om wapenwila p\u00e5 alla fronter.<\/b><\/i><\/span><\/p>\n<p class=\"western\" align=\"right\"><span style=\"font-family: Georgia, sans-serif; color: #800000; font-size: large;\"><i>\u00d6sterbottningen<\/i> 1917-11-30<\/span><\/p>\n<p class=\"western\" align=\"left\"><span style=\"font-family: Georgia, sans-serif; color: #800000; font-size: large;\">Det tyska Arm\u00e9kommandot svarar<\/span><\/p>\n<p class=\"western\" style=\"padding-left: 30px;\" align=\"left\"><span style=\"font-family: Georgia, sans-serif; color: #800000; font-size: large;\"><i><b>1. \u00d6fverbef\u00e4lhafvaren vid Tysklands \u00f6stra front \u00e4r beredd att tr\u00e4da i underhandlingar med Rysslands h\u00f6gsta bef\u00e4lhafvare.<\/b><\/i><\/span><\/p>\n<p class=\"western\" style=\"padding-left: 30px;\" align=\"left\"><span style=\"font-family: Georgia, sans-serif; color: #800000; font-size: large;\"><i><b>2. \u00d6fverbef\u00e4lhafvaren vid Tysklands \u00f6stra front \u00e4r af det h\u00f6gsta tyska arm\u00e9bef\u00e4let befullm\u00e4ktigad att underhandla om fred.<\/b><\/i><\/span><\/p>\n<p class=\"western\" align=\"left\"><span style=\"font-family: Georgia, sans-serif; color: #800000; font-size: large;\">och s\u00e5 vidare i fyra punkter till, \u00e5tergivna i <em>Hufvudstadsbladet<\/em> 1917-11-30.<\/span><\/p>\n<p class=\"western\" align=\"left\"><span style=\"font-family: Georgia, sans-serif; color: #800000; font-size: large;\">F\u00f6r Finlands del \u00e4r kanske det allra viktigaste, att deras egen regeringsfr\u00e5ga avgjorts. Lantdagen har tillsatt en senat med prokurator <i>Pehr Evind Svinhufvud<\/i> som regeringschef:<\/span><\/p>\n<p class=\"western\" style=\"padding-left: 30px;\" align=\"left\"><span style=\"font-family: Georgia, sans-serif; color: #800000; font-size: large;\"><i><b>Med 100 r\u00f6ster mot 80, som avg\u00e5wos f\u00f6r en ren soc.-dem. regering, besl\u00f6t lantdagen s\u00e5 tills\u00e4tta den av herr Swinhuwud bildade regeringen.<\/b><\/i><\/span><\/p>\n<p class=\"western\" align=\"right\"><span style=\"font-family: Georgia, sans-serif; color: #800000; font-size: large;\"><i>\u00d6sterbottningen<\/i> 1917-11-30<\/span><\/p>\n<p class=\"western\" align=\"left\"><span style=\"font-family: Georgia, sans-serif; color: #800000; font-size: large;\">Det \u00e4r nu mindre \u00e4n en vecka kvar till den historiska dag, som vi firar hundra\u00e5rsminnet av dagen f\u00f6re filmstudions decemberseries b\u00f6rjan!<\/span><\/p>\n<p class=\"western\" align=\"right\"><span style=\"font-family: Georgia, sans-serif; color: #800000; font-size: large;\">DS<\/span><\/p>\n","protected":false},"excerpt":{"rendered":"<p>KUNGENS VAL Kung H\u00e5kon i valfiskens buk En prins som heter Karl d\u00f6ps om till H\u00e5kon f\u00f6r att passa in. Det \u00e4r inte l\u00e4tt att vara prins, alltid. I Saudi-Arabien, d\u00e4r det g\u00e5r tretton prinsar p\u00e5 dussinet, kan man l\u00e4tt bli avs\u00e5gad, om man inte \u00e4r politiskt korrekt. Men om man \u00e4r det kan man &hellip; <\/p>\n<p class=\"link-more\"><a href=\"https:\/\/forseth.se\/?p=891\" class=\"more-link\">Forts\u00e4tt l\u00e4sa<span class=\"screen-reader-text\"> \u201dKung H\u00e5kon i valfiskens buk\u201d<\/span><\/a><\/p>\n","protected":false},"author":1,"featured_media":0,"comment_status":"closed","ping_status":"closed","sticky":false,"template":"","format":"standard","meta":{"footnotes":""},"categories":[1],"tags":[],"class_list":["post-891","post","type-post","status-publish","format-standard","hentry","category-uncategorized"],"_links":{"self":[{"href":"https:\/\/forseth.se\/index.php?rest_route=\/wp\/v2\/posts\/891","targetHints":{"allow":["GET"]}}],"collection":[{"href":"https:\/\/forseth.se\/index.php?rest_route=\/wp\/v2\/posts"}],"about":[{"href":"https:\/\/forseth.se\/index.php?rest_route=\/wp\/v2\/types\/post"}],"author":[{"embeddable":true,"href":"https:\/\/forseth.se\/index.php?rest_route=\/wp\/v2\/users\/1"}],"replies":[{"embeddable":true,"href":"https:\/\/forseth.se\/index.php?rest_route=%2Fwp%2Fv2%2Fcomments&post=891"}],"version-history":[{"count":5,"href":"https:\/\/forseth.se\/index.php?rest_route=\/wp\/v2\/posts\/891\/revisions"}],"predecessor-version":[{"id":898,"href":"https:\/\/forseth.se\/index.php?rest_route=\/wp\/v2\/posts\/891\/revisions\/898"}],"wp:attachment":[{"href":"https:\/\/forseth.se\/index.php?rest_route=%2Fwp%2Fv2%2Fmedia&parent=891"}],"wp:term":[{"taxonomy":"category","embeddable":true,"href":"https:\/\/forseth.se\/index.php?rest_route=%2Fwp%2Fv2%2Fcategories&post=891"},{"taxonomy":"post_tag","embeddable":true,"href":"https:\/\/forseth.se\/index.php?rest_route=%2Fwp%2Fv2%2Ftags&post=891"}],"curies":[{"name":"wp","href":"https:\/\/api.w.org\/{rel}","templated":true}]}}