{"id":998,"date":"2018-03-05T19:30:42","date_gmt":"2018-03-05T18:30:42","guid":{"rendered":"https:\/\/forseth.se\/idet\/?p=998"},"modified":"2018-03-05T19:34:21","modified_gmt":"2018-03-05T18:34:21","slug":"tjejen-som-mekade-med-bilar","status":"publish","type":"post","link":"https:\/\/forseth.se\/?p=998","title":{"rendered":"Tjejen som mekade med bilar"},"content":{"rendered":"<p style=\"text-align: center;\"><span style=\"color: #800000;\">OUAGA GIRLS<\/span><\/p>\n<p style=\"text-align: center;\"><span style=\"color: #800000;\"><img loading=\"lazy\" decoding=\"async\" class=\"aligncenter size-full wp-image-999\" src=\"https:\/\/forseth.se\/idet\/wp-content\/uploads\/2018\/03\/Ouaga-girls.jpg\" alt=\"\" width=\"1000\" height=\"750\" srcset=\"https:\/\/forseth.se\/wp-content\/uploads\/2018\/03\/Ouaga-girls.jpg 1000w, https:\/\/forseth.se\/wp-content\/uploads\/2018\/03\/Ouaga-girls-300x225.jpg 300w, https:\/\/forseth.se\/wp-content\/uploads\/2018\/03\/Ouaga-girls-768x576.jpg 768w\" sizes=\"auto, (max-width: 767px) 89vw, (max-width: 1000px) 54vw, (max-width: 1071px) 543px, 580px\" \/><\/span><\/p>\n<h1 class=\"western\" align=\"center\"><strong><span style=\"font-family: Verdana\\ Bold, sans-serif; color: #800000;\"><span style=\"font-size: 300%;\">Tjejen som mekade med bilar<\/span><\/span><\/strong><\/h1>\n<h2 class=\"western\" align=\"center\"><strong><span style=\"font-family: Verdana\\ Bold\\ Italic, sans-serif; color: #800000;\"><span style=\"font-size: x-large;\">Man borde kunna bli galen p\u00e5 filmtitlar som b\u00f6rjar med \u00bbTjejen som\u00ab, lika mycket som p\u00e5 dem som slutar med \u00bbgirls\u00ab. \u2013 Men oroas ej: rubriken h\u00e4r \u00e4r bara dragpl\u00e5ster, ty filmen i fr\u00e5ga heter n\u00e5got annat\u2026<\/span><\/span><\/strong><\/h2>\n<p class=\"western\" align=\"left\"><span style=\"font-family: Georgia, sans-serif; color: #800000;\"><span style=\"font-size: large;\">Men f\u00f6rst n\u00e5gra j\u00e4mf\u00f6relser. Jag bek\u00e4nner. Jag \u00e4r en filmn\u00f6rd. Men \u00e4r jag d\u00e4rf\u00f6r en \u00bbcineast\u00ab?<\/span><\/span><\/p>\n<p class=\"western\" align=\"left\"><span style=\"font-family: Georgia, sans-serif; color: #800000;\"><span style=\"font-size: large;\">D\u00e5 jag inte h\u00f6rt till <i>Ingmar Bergman<\/i><i>s<\/i> hejaklack, ville jag i l\u00f6rdags n\u00e4r SVT i firandet av hans hundra \u00e5r visade en av hans tidiga filmer se densamma: <i>Sommarlek <\/i>fr\u00e5n 1951. Helt okej k\u00e4rleksdrama, som l\u00e5ngt in i handlingen bar p\u00e5 en hemlighet, som Bergmans\u00e4llskapet p\u00e5 sin hemsida avsl\u00f6jar i f\u00f6rsta meningen om filmen. \u2013 Att g\u00f6ra s\u00e5 \u00e4r m\u00f6jligen k\u00e4nnetecknande f\u00f6r \u00e4kta cineaster. Sj\u00e4lv vill jag ge dem som avsl\u00f6jar vitala inslag en propp (det var n\u00e4ra att ske en g\u00e5ng med en alltf\u00f6r pratglad maskinist p\u00e5 Folkets hus).<\/span><\/span><\/p>\n<p class=\"western\" align=\"left\"><span style=\"font-family: Georgia, sans-serif; color: #800000;\"><span style=\"font-size: large;\">F\u00f6r n\u00e5gra dagar sedan studerade jag \u00e5t andra h\u00e5llet och s\u00e5g tv\u00e5 filmer p\u00e5 bio i Stockholm utan att egentligen vara intresserad av n\u00e5gondera.<\/span><\/span><\/p>\n<p class=\"western\" align=\"left\"><span style=\"font-family: Georgia, sans-serif; color: #800000;\"><span style=\"font-size: large;\">Men det <i>talades<\/i> ju s\u00e5 mycket om dem!<\/span><\/span><\/p>\n<p class=\"western\" style=\"padding-left: 30px;\" align=\"left\"><span style=\"font-family: Georgia, sans-serif; color: #800000;\"><span style=\"font-size: large;\"><i>Black Panther<\/i> (2018) hade jag f\u00f6rst trott skulle vara den f\u00f6rsta spelfilmen om den i backspegeln fullst\u00e4ndigt osannolika historien om de amerikanska <i>Svarta pantrarn\u0430<\/i> under 1970-talet, d\u00e5 f\u00f6rtrycket av de svarta i USA hotade att leda till ett nytt inb\u00f6rdeskrig (ber\u00e4ttas det om detta i dagens svenska historieb\u00f6cker?). D\u00e5 uppstod \u2013 inte i de rassegregerade sydstaterna utan i storstadsgetton i nordstaterna \u2013 en afroamerikansk r\u00f6relse med kommunistiska sympatier \u2013 som upptr\u00e4dde bev\u00e4pnade. Helt \u00f6ppet. De vapenlagar som idag ifr\u00e5gas\u00e4tts efter varje skolskjutning var vad dessa k\u00e4mpar mot ras\u00e5tskillnad h\u00e4nvisade till, n\u00e4r de patrullerade sina stadsdelar med korsade patronb\u00e4lten \u00f6ver bringan och automatkarbin p\u00e5 axeln.<\/span><\/span><\/p>\n<p class=\"western\" style=\"padding-left: 30px;\" align=\"left\"><span style=\"font-family: Georgia, sans-serif; color: #800000;\"><span style=\"font-size: large;\">Nu var det inte om dem filmen handlade. Den var om superhj\u00e4ltar i ett p\u00e5hittat afrikanskt land. Det pangades p\u00e5 s\u00e5 mycket att jag nickade till ett tag, n\u00e4r jag tappade bort vem som var p\u00e5 vilken sida och inte ens brydde mig. Men s\u00e5 kom en intressant vinkling, som h\u00f6ll mig uppm\u00e4rksam d\u00e4refter. Filmen blev ett slags \u00bbBilbos \u00e4ventyr\u00ab med tillr\u00e4ckligt stor sj\u00e4lvdistans f\u00f6r att ocks\u00e5 skoja med just den kopplingen. Fast i Nigeria och Sydafrika togs filmen visst emot som n\u00e5got enast\u00e5ende, ty det var afrikanska hj\u00e4ltar i afrikansk milj\u00f6, vilka \u00e4lskade och slog ihj\u00e4l med samma varma sj\u00e4l. N\u00e4stan inga vita var med, och de svarta sk\u00e5despelare som inte var fr\u00e5n kontinenten m\u00e5ste tala engelska med olika afrikanska brytningar, som de visst blandade ihop en del.<\/span><\/span><\/p>\n<p class=\"western\" style=\"padding-left: 30px;\" align=\"left\"><span style=\"font-family: Georgia, sans-serif; color: #800000;\"><span style=\"font-size: large;\">Och de av oss i publiken, som stannade kvar under eftertexterna, blev rikligt bel\u00f6nade.<\/span><\/span><\/p>\n<p class=\"western\" align=\"left\"><span style=\"font-family: Georgia, sans-serif; color: #800000;\"><span style=\"font-size: large;\">Det var film nummer ett om en diktatur, l\u00e5t vara en med ett lyckligt folk under en upplyst despot. Som i sagorna. Diktaturen i film nummer tv\u00e5 hyste nog inte lika lyckliga unders\u00e5tar:<\/span><\/span><\/p>\n<p class=\"western\" style=\"padding-left: 30px;\" align=\"left\"><span style=\"font-family: Georgia, sans-serif; color: #800000;\"><span style=\"font-size: large;\"><i>Death of Stalin<\/i> (2017) \u00e4r helt enkelt en l\u00f6jlig titel, eftersom det inte finns n\u00e5gon anledning i v\u00e4rlden att inte \u00f6vers\u00e4tta den. Men skit samma \u2013 h\u00e4r skulle g\u00f6ras komedi (p\u00e5 engelska) om maktkampen i den sovjetiska partitoppen efter Stalins tv\u00e4ra d\u00f6d i filmens b\u00f6rjan. Verkligheten bakom filmen \u00e4r s\u00e5 bisarr, att det skulle kunna bli en hysteriskt makabert rolig historia i stil med judisk makaber sj\u00e4lvironi. Men s\u00e5dan ironi blir inte sj\u00e4lvironi om inte judar utf\u00f6r den, och Stalinfilmens ironi har inte framst\u00e4llts av folk som var med eller sovjetmedborgare \u00f6ver huvud taget. Det blir bara makaber, bef\u00e4ngd och plump buskis som inte \u00e4r det minsta rolig.<\/span><\/span><\/p>\n<p class=\"western\" style=\"padding-left: 30px;\" align=\"left\"><span style=\"font-family: Georgia, sans-serif; color: #800000;\"><span style=\"font-size: large;\">Fast\u00e4n inspelad p\u00e5 ort och st\u00e4lle i Kreml anm\u00e4ldes den i samband med premi\u00e4ren av kulturpersonligheter s\u00e5som den store filmregiss\u00f6ren <i>Nikita Michalkov<\/i> till kulturdepartementet med krav p\u00e5 att visningsr\u00e4tten skulle dras in. Det gjordes.<\/span><\/span><\/p>\n<p class=\"western\" align=\"left\"><span style=\"font-family: Georgia, sans-serif; color: #800000;\"><span style=\"font-size: large;\">Men nu \u00f6ver till dagens verklighet. Det har g\u00e5tt ett \u00e5r sedan jag i kr\u00f6nikorna b\u00f6rjade ta med utdrag ur finl\u00e4ndska dagstidningar ett hundra \u00e5r tidigare med anledning av revolutions\u00e5ret 1917. Det fortgick \u00e4nda till f\u00f6rsta kr\u00f6nikan i \u00e5r. Denna vecka finns det anledning att p\u00e5minna om detta, eftersom filmstudions marsserie helt har kvinnliga hj\u00e4ltar (precis som marsserien hade ifjol). Internationella kvinnodagen den 8 mars infaller i \u00e5r p\u00e5 en torsdag, d\u00e5 filmstudion alltid visar film, och bem\u00e4rkelsedagen instiftades till minne av textilarbeterskornas strejk i Petrograd, vilken blev startskottet f\u00f6r den ryska revolutionen.<\/span><\/span><\/p>\n<p class=\"western\" style=\"padding-left: 30px;\" align=\"left\"><span style=\"font-family: Georgia, sans-serif; color: #800000;\"><span style=\"font-size: large;\">Den 8 mars i \u00e5r \u00e4r det tydligen n\u00e5got s\u00e4rskilt med filmen, f\u00f6r den som filmstudion valt har v\u00e4ckt p\u00e5tagligt intresse, s\u00e5 p\u00e5tagligt att utomst\u00e5ende vill komma och bjuda p\u00e5 fika f\u00f6re f\u00f6rest\u00e4llningen. Hur det h\u00e4nger ihop undg\u00e5r mig, men inte s\u00e4ger Kirunabor nej tack till gratis kaffe?<\/span><\/span><\/p>\n<p class=\"western\" align=\"left\"><span style=\"font-family: Georgia, sans-serif; color: #800000;\"><span style=\"font-size: large;\">Filmen ifr\u00e5ga \u00e4r svensk. I n\u00e5gon m\u00e5n, i alla fall. Filmen fr\u00e5n 2017 heter <i>Ouaga girls, <\/i>men den \u00e4r inte engelsk, egentligen. Titeln, allts\u00e5. Snarare \u00e4r det ett gruppnamn p\u00e5 ett g\u00e4ng tjejer \u2013 som bandnamn, som till exempel S\u00e1pmi sisters.<\/span><\/span><\/p>\n<p class=\"western\" align=\"left\"><span style=\"font-family: Georgia, sans-serif; color: #800000;\"><span style=\"font-size: large;\">G\u00e4nget \u00e4r tjejer, f\u00f6rst\u00e5s, unga tjejer i Ouagadougou (uttala det som Oagadogo). De \u00e4r allts\u00e5 burkinafasoner \u2013 eller som man m\u00e5ste ha sagt f\u00f6rr: \u00f6vrevoltor. Det f\u00e5r vara hur som helst med det, men Burkina Faso, Frankrike och Sverige st\u00e5r som produktionsl\u00e4nder, och en svenskfason \u00e4r regiss\u00f6r: <i>Theresa Traor\u00e9 Dahlberg.<\/i> Under sin uppv\u00e4xt pendlade hon mellan lilla \u00d6land och stora staden Ouagadougou i Burkina Faso, d\u00e4r hon upplevde den \u00e5lder som Ouaga sisters befinner sig i. Att det skulle bli en film om ouagadougouska skolflickor var inte planerat men blev en f\u00f6ljd av att hon 2011 gjort en kortfilm om en senegalesisk taxichauff\u00f6s, <i>Taxi sister<\/i> (se d\u00e4r ytterligare ett bandnamn). Hon, Dahlberg, f\u00f6reslogs senare av n\u00e5gon som sett taxifilmen att komma och titta p\u00e5 en bilmekanikerskola f\u00f6r flickor som riskerade att hamna p\u00e5 glid. F\u00f6r att g\u00f6ra en film om dem. Dahlberg hade andra planer men gick \u00e4nd\u00e5 dit \u2013 och blev fascinerad.<\/span><\/span><\/p>\n<p class=\"western\" align=\"left\"><span style=\"font-family: Georgia, sans-serif; color: #800000;\"><span style=\"font-size: large;\">Tjejer som inte frivilligt g\u00e5r i l\u00e4ra till bilmekaniker, det \u00e4r Ouaga girls, det. Dahlberg p\u00e5st\u00e5s ha uttalat, att hon avskyr filmer om kvinnor d\u00e4r ordet <i>girls<\/i> finns i namnet, men det har hon gl\u00f6mt. Fast ursprungligen skulle filmen ha hetat \u00bbDe courage!\u00ab \u2013 allts\u00e5 \u00bblycka till!\u00ab, \u00bbge j\u00e4rnet!\u00ab eller n\u00e5got s\u00e5dant.<\/span><\/span><\/p>\n<p class=\"western\" style=\"padding-left: 30px;\" align=\"left\"><span style=\"font-family: Georgia, sans-serif; color: #800000;\"><span style=\"font-size: large;\">Den, som \u00e4r intresserad av detta nya stj\u00e4rnskott p\u00e5 den svenska biohimlen, kan med f\u00f6rdel g\u00e5 p\u00e5 filmstudions \u00e5rsm\u00f6te i folkh\u00f6gskolans aula nu p\u00e5 onsdag klockan 18.30 (dagen f\u00f6re \u00bbOuaga girls\u00ab), ty efter m\u00f6tet kommer den 28 minuter l\u00e5nga \u00bbTaxi sister\u00ab att visas \u2013 direkt utl\u00e5nad av Theresa Traor\u00e9 Dahlberg till Kiruna filmstudio\u2026<\/span><\/span><\/p>\n<p class=\"western\" align=\"right\"><span style=\"color: #800000;\"><em><span style=\"font-family: Verdana\\ Italic, sans-serif;\"><span style=\"font-size: medium;\">En id\u00e9 i idet av Bj\u00f6rn Forseth<\/span><\/span><\/em><\/span><\/p>\n","protected":false},"excerpt":{"rendered":"<p>OUAGA GIRLS Tjejen som mekade med bilar Man borde kunna bli galen p\u00e5 filmtitlar som b\u00f6rjar med \u00bbTjejen som\u00ab, lika mycket som p\u00e5 dem som slutar med \u00bbgirls\u00ab. \u2013 Men oroas ej: rubriken h\u00e4r \u00e4r bara dragpl\u00e5ster, ty filmen i fr\u00e5ga heter n\u00e5got annat\u2026 Men f\u00f6rst n\u00e5gra j\u00e4mf\u00f6relser. Jag bek\u00e4nner. Jag \u00e4r en filmn\u00f6rd. Men &hellip; <\/p>\n<p class=\"link-more\"><a href=\"https:\/\/forseth.se\/?p=998\" class=\"more-link\">Forts\u00e4tt l\u00e4sa<span class=\"screen-reader-text\"> \u201dTjejen som mekade med bilar\u201d<\/span><\/a><\/p>\n","protected":false},"author":1,"featured_media":0,"comment_status":"closed","ping_status":"closed","sticky":false,"template":"","format":"standard","meta":{"footnotes":""},"categories":[1],"tags":[],"class_list":["post-998","post","type-post","status-publish","format-standard","hentry","category-uncategorized"],"_links":{"self":[{"href":"https:\/\/forseth.se\/index.php?rest_route=\/wp\/v2\/posts\/998","targetHints":{"allow":["GET"]}}],"collection":[{"href":"https:\/\/forseth.se\/index.php?rest_route=\/wp\/v2\/posts"}],"about":[{"href":"https:\/\/forseth.se\/index.php?rest_route=\/wp\/v2\/types\/post"}],"author":[{"embeddable":true,"href":"https:\/\/forseth.se\/index.php?rest_route=\/wp\/v2\/users\/1"}],"replies":[{"embeddable":true,"href":"https:\/\/forseth.se\/index.php?rest_route=%2Fwp%2Fv2%2Fcomments&post=998"}],"version-history":[{"count":2,"href":"https:\/\/forseth.se\/index.php?rest_route=\/wp\/v2\/posts\/998\/revisions"}],"predecessor-version":[{"id":1001,"href":"https:\/\/forseth.se\/index.php?rest_route=\/wp\/v2\/posts\/998\/revisions\/1001"}],"wp:attachment":[{"href":"https:\/\/forseth.se\/index.php?rest_route=%2Fwp%2Fv2%2Fmedia&parent=998"}],"wp:term":[{"taxonomy":"category","embeddable":true,"href":"https:\/\/forseth.se\/index.php?rest_route=%2Fwp%2Fv2%2Fcategories&post=998"},{"taxonomy":"post_tag","embeddable":true,"href":"https:\/\/forseth.se\/index.php?rest_route=%2Fwp%2Fv2%2Ftags&post=998"}],"curies":[{"name":"wp","href":"https:\/\/api.w.org\/{rel}","templated":true}]}}